{"id":104838,"date":"2020-01-07T16:52:52","date_gmt":"2020-01-07T19:52:52","guid":{"rendered":"http:\/\/www.hoymercedes.com.ar\/principal\/?p=104838"},"modified":"2020-01-07T17:02:43","modified_gmt":"2020-01-07T20:02:43","slug":"municipales-piden-aumento-y-proponen-congelamiento-salarial-para-funcionarios","status":"publish","type":"post","link":"https:\/\/www.hoymercedes.com.ar\/principal\/2020\/01\/07\/municipales-piden-aumento-y-proponen-congelamiento-salarial-para-funcionarios\/","title":{"rendered":"Municipales piden aumento y proponen congelamiento salarial para funcionarios"},"content":{"rendered":"\n<p>En horas de la ma\u00f1ana de este martes, representantes de los gremios que re\u00fanen a los trabajadores municipales mantuvieron un encuentro con la Secretaria de Gobierno Clara Zunino, con el fin de solicitar un aumento en el salario de los municipales. En di\u00e1logo con los medios al t\u00e9rmino de la reuni\u00f3n, representantes del Sindicato de Municipales y de ATE hicieron p\u00fablico el pedido de congelamiento de los salarios de los funcionarios por 180 d\u00edas. <\/p>\n\n\n\n<figure class=\"wp-block-image size-large\"><img loading=\"lazy\" decoding=\"async\" width=\"800\" height=\"533\" data-attachment-id=\"104840\" data-permalink=\"https:\/\/www.hoymercedes.com.ar\/principal\/2020\/01\/07\/municipales-piden-aumento-y-proponen-congelamiento-salarial-para-funcionarios\/07-municipales\/#main\" data-orig-file=\"https:\/\/www.hoymercedes.com.ar\/principal\/wp-content\/uploads\/2020\/01\/07-municipales.jpg\" data-orig-size=\"800,533\" data-comments-opened=\"0\" data-image-meta=\"{&quot;aperture&quot;:&quot;0&quot;,&quot;credit&quot;:&quot;&quot;,&quot;camera&quot;:&quot;&quot;,&quot;caption&quot;:&quot;&quot;,&quot;created_timestamp&quot;:&quot;0&quot;,&quot;copyright&quot;:&quot;&quot;,&quot;focal_length&quot;:&quot;0&quot;,&quot;iso&quot;:&quot;0&quot;,&quot;shutter_speed&quot;:&quot;0&quot;,&quot;title&quot;:&quot;&quot;,&quot;orientation&quot;:&quot;0&quot;}\" data-image-title=\"07 municipales\" data-image-description=\"\" data-image-caption=\"\" data-large-file=\"https:\/\/www.hoymercedes.com.ar\/principal\/wp-content\/uploads\/2020\/01\/07-municipales.jpg\" src=\"https:\/\/www.hoymercedes.com.ar\/principal\/wp-content\/uploads\/2020\/01\/07-municipales.jpg\" alt=\"\" class=\"wp-image-104840\"\/><\/figure>\n\n\n\n<p>A la salida de la reuni\u00f3n con la funcionaria asumida hace un\nmes en el \u00e1rea de Gobierno, los representantes de los gremios de municipales,\nCarlos Rodr\u00edguez interventor del Sindicato de Trabajadores Municipales de\nMercedes, y Hugo Bonafina de ATE, dialogaron con medios locales e informaron el\npedido formal que le hicieron a la funcionaria Zunino. <\/p>\n\n\n\n<p>Ante los micr\u00f3fonos y grabadores de los periodistas,\nRodr\u00edguez explic\u00f3 que abordaron tres temas principales. El primero fue el\ncumplimiento del convenio colectivo de trabajo de los municipales enfatizando\nen las categorizaciones que deben darse de acuerdo a la Ley 1456. Luego,\nhicieron hincapi\u00e9 en la inclusi\u00f3n de la planta permanente de los trabajadores\nque superan el a\u00f1o en el Municipio sin estar efectivos. <\/p>\n\n\n\n<p>El tema m\u00e1s importante fue la cuesti\u00f3n salarial. \u201cVenimos con una negociaci\u00f3n que hicimos con el Departamento\nEjecutivo el a\u00f1o pasado y ya estamos perdiendo como m\u00ednimo un 12%. Venimos a\npedir ese porcentaje. Adem\u00e1s de pedir los 4000 pesos que se decret\u00f3 en Naci\u00f3n.\nLe explicamos que la situaci\u00f3n de los trabajadores es complicada tambi\u00e9n y que\nqueremos en enero llegar a un acuerdo para no llegar a febrero y tener que\ntomar alguna clase de medida que quieran los trabajadores, explic\u00f3 qui\u00e9n est\u00e1 a\ncargo del STMM desde hace m\u00e1s de un a\u00f1o. Anticip\u00f3 que se le solicit\u00f3 una nueva\nreuni\u00f3n con la totalidad de los medios involucrados, puesto que en ese momento,\nBonafina no hab\u00eda llegado a la reuni\u00f3n. <\/p>\n\n\n\n<p>A su lado, el Secretario General de ATE Mercedes dijo que no\npod\u00edan dilatar las conversaciones. \u201cSabemos todas las dificultades que tuvo el\nMunicipio, peor est\u00e1 el trabajador, y yo remarco que en estos \u00faltimos cuatro\na\u00f1os, el \u00fanico que perdi\u00f3 en la Municipalidad de Mercedes fue el trabajador,\nporque el salario del trabajador fue lo que menos aument\u00f3 en los cuatro a\u00f1os\nque pasaron, especialmente en los dos primeros\u201d.<\/p>\n\n\n\n<p>Es as\u00ed que ambos, enfatizaron en la situaci\u00f3n econ\u00f3mica y la\nsolidaridad pedida por el gobierno nacional. \u201cMe llama la atenci\u00f3n que a\u00fan no\nsali\u00f3 el decreto local y que se congelen los salarios de los funcionarios\ndurante seis meses. Hay que demostrar tambi\u00e9n para los trabajadores. En muchos\nmunicipios lo han hecho. Me parece que r\u00e1pidamente el Ejecutivo deber\u00eda hacer\nun decreto que los funcionarios por seis meses no se aumentan los salarios\u201d, destac\u00f3\nRodr\u00edguez. .<\/p>\n","protected":false},"excerpt":{"rendered":"<p>En horas de la ma\u00f1ana de este martes, representantes de los gremios que re\u00fanen a los trabajadores municipales mantuvieron un &#8230; <a title=\"Municipales piden aumento y proponen congelamiento salarial para funcionarios\" class=\"read-more\" href=\"https:\/\/www.hoymercedes.com.ar\/principal\/2020\/01\/07\/municipales-piden-aumento-y-proponen-congelamiento-salarial-para-funcionarios\/\" aria-label=\"Leer m\u00e1s sobre Municipales piden aumento y proponen congelamiento salarial para funcionarios\">Leer m\u00e1s<\/a><\/p>\n","protected":false},"author":1,"featured_media":104840,"comment_status":"closed","ping_status":"open","sticky":false,"template":"","format":"standard","meta":{"_monsterinsights_skip_tracking":false,"_monsterinsights_sitenote_active":false,"_monsterinsights_sitenote_note":"","_monsterinsights_sitenote_category":0,"jetpack_post_was_ever_published":false,"_jetpack_newsletter_access":"","_jetpack_dont_email_post_to_subs":false,"_jetpack_newsletter_tier_id":0,"_jetpack_memberships_contains_paywalled_content":false,"_jetpack_memberships_contains_paid_content":false,"footnotes":"","jetpack_publicize_message":"","jetpack_publicize_feature_enabled":true,"jetpack_social_post_already_shared":true,"jetpack_social_options":{"image_generator_settings":{"template":"highway","default_image_id":0,"font":"","enabled":false},"version":2},"_wpas_customize_per_network":false},"categories":[10563],"tags":[418,8799,924,1443],"class_list":["post-104838","post","type-post","status-publish","format-standard","has-post-thumbnail","hentry","category-gremios-sindicatos","tag-ate","tag-gremios","tag-municipales","tag-sindicatos","generate-columns","tablet-grid-50","mobile-grid-100","grid-parent","grid-50"],"jetpack_publicize_connections":[],"jetpack_featured_media_url":"https:\/\/www.hoymercedes.com.ar\/principal\/wp-content\/uploads\/2020\/01\/07-municipales.jpg","wps_subtitle":"Tras reuni\u00f3n con Secretaria de Gobierno","jetpack_sharing_enabled":true,"_links":{"self":[{"href":"https:\/\/www.hoymercedes.com.ar\/principal\/wp-json\/wp\/v2\/posts\/104838","targetHints":{"allow":["GET"]}}],"collection":[{"href":"https:\/\/www.hoymercedes.com.ar\/principal\/wp-json\/wp\/v2\/posts"}],"about":[{"href":"https:\/\/www.hoymercedes.com.ar\/principal\/wp-json\/wp\/v2\/types\/post"}],"author":[{"embeddable":true,"href":"https:\/\/www.hoymercedes.com.ar\/principal\/wp-json\/wp\/v2\/users\/1"}],"replies":[{"embeddable":true,"href":"https:\/\/www.hoymercedes.com.ar\/principal\/wp-json\/wp\/v2\/comments?post=104838"}],"version-history":[{"count":0,"href":"https:\/\/www.hoymercedes.com.ar\/principal\/wp-json\/wp\/v2\/posts\/104838\/revisions"}],"wp:featuredmedia":[{"embeddable":true,"href":"https:\/\/www.hoymercedes.com.ar\/principal\/wp-json\/wp\/v2\/media\/104840"}],"wp:attachment":[{"href":"https:\/\/www.hoymercedes.com.ar\/principal\/wp-json\/wp\/v2\/media?parent=104838"}],"wp:term":[{"taxonomy":"category","embeddable":true,"href":"https:\/\/www.hoymercedes.com.ar\/principal\/wp-json\/wp\/v2\/categories?post=104838"},{"taxonomy":"post_tag","embeddable":true,"href":"https:\/\/www.hoymercedes.com.ar\/principal\/wp-json\/wp\/v2\/tags?post=104838"}],"curies":[{"name":"wp","href":"https:\/\/api.w.org\/{rel}","templated":true}]}}