{"id":104843,"date":"2020-01-07T18:20:00","date_gmt":"2020-01-07T21:20:00","guid":{"rendered":"http:\/\/www.hoymercedes.com.ar\/principal\/?p=104843"},"modified":"2020-01-07T17:02:25","modified_gmt":"2020-01-07T20:02:25","slug":"organizacion-el-negro-olmedo-en-encuentro-teatral-de-chile","status":"publish","type":"post","link":"https:\/\/www.hoymercedes.com.ar\/principal\/2020\/01\/07\/organizacion-el-negro-olmedo-en-encuentro-teatral-de-chile\/","title":{"rendered":"Organizaci\u00f3n El Negro Olmedo en encuentro teatral de Chile"},"content":{"rendered":"\n<p>La Organizaci\u00f3n \u00abEl Negro Olmedo\u00bb fue seleccionada para participar del 6\u00b0 ENFETELA Encuentro Festival de Teatro Latino Americano que se realizara en San Bernardo, Chile, entre el 19 y el 27 de enero. Del evento participar\u00e1n elencos teatrales de Espa\u00f1a, Chile, Venezuela, M\u00e9xico, Brasil, Uruguay y y elencos de Argentina.<\/p>\n\n\n\n<p>El elenco que encabeza Fabi\u00e1n Morales presentar\u00e1 el mon\u00f3logo \u00abMemorias de un Loco\u00bb sobre el cuento de Nicol\u00e1s Gogol \u00abDiario de un Loco\u00bb, y \u00abCidanelia y Tata Quieren cambiar el Mundo. una adaptaci\u00f3n libre de la obra de Ricardo Talento.<\/p>\n\n\n\n<p>Adem\u00e1s, en Santiago Chile estar\u00e1n en el Festival Internacional de Arte Cachafaz que transcurre del d\u00eda 16 al 19 de enero. All\u00ed actuar\u00e1n el s\u00e1bado 18 de enero en horario central en el Teatro \u00abEl Cachafaz\u00bb representaremos Antonin Artaud &#8211; Actos de Crueldad de Wilson Coelho es una coproducci\u00f3n Argentina &#8211; Brasile\u00f1a. Y formar\u00e1n parte de las mesas pol\u00edticas de arte y cultura representando al Movimiento LATE Movimiento Latinoamericano de Teatro. <\/p>\n","protected":false},"excerpt":{"rendered":"<p>La Organizaci\u00f3n \u00abEl Negro Olmedo\u00bb fue seleccionada para participar del 6\u00b0 ENFETELA Encuentro Festival de Teatro Latino Americano que se &#8230; <a title=\"Organizaci\u00f3n El Negro Olmedo en encuentro teatral de Chile\" class=\"read-more\" href=\"https:\/\/www.hoymercedes.com.ar\/principal\/2020\/01\/07\/organizacion-el-negro-olmedo-en-encuentro-teatral-de-chile\/\" aria-label=\"Leer m\u00e1s sobre Organizaci\u00f3n El Negro Olmedo en encuentro teatral de Chile\">Leer m\u00e1s<\/a><\/p>\n","protected":false},"author":1,"featured_media":104839,"comment_status":"closed","ping_status":"open","sticky":false,"template":"","format":"standard","meta":{"_monsterinsights_skip_tracking":false,"_monsterinsights_sitenote_active":false,"_monsterinsights_sitenote_note":"","_monsterinsights_sitenote_category":0,"jetpack_post_was_ever_published":false,"_jetpack_newsletter_access":"","_jetpack_dont_email_post_to_subs":false,"_jetpack_newsletter_tier_id":0,"_jetpack_memberships_contains_paywalled_content":false,"_jetpack_memberships_contains_paid_content":false,"footnotes":"","jetpack_publicize_message":"","jetpack_publicize_feature_enabled":true,"jetpack_social_post_already_shared":true,"jetpack_social_options":{"image_generator_settings":{"template":"highway","default_image_id":0,"font":"","enabled":false},"version":2},"_wpas_customize_per_network":false},"categories":[104],"tags":[7805,9645,1218,1180],"class_list":["post-104843","post","type-post","status-publish","format-standard","has-post-thumbnail","hentry","category-cultura","tag-cultura","tag-festival","tag-organizacion-el-negro-olmedo","tag-teatro","generate-columns","tablet-grid-50","mobile-grid-100","grid-parent","grid-50"],"jetpack_publicize_connections":[],"jetpack_featured_media_url":"https:\/\/www.hoymercedes.com.ar\/principal\/wp-content\/uploads\/2020\/01\/07-enfetela-olmedo.jpg","wps_subtitle":"Del 19 al 27 de enero","jetpack_sharing_enabled":true,"_links":{"self":[{"href":"https:\/\/www.hoymercedes.com.ar\/principal\/wp-json\/wp\/v2\/posts\/104843","targetHints":{"allow":["GET"]}}],"collection":[{"href":"https:\/\/www.hoymercedes.com.ar\/principal\/wp-json\/wp\/v2\/posts"}],"about":[{"href":"https:\/\/www.hoymercedes.com.ar\/principal\/wp-json\/wp\/v2\/types\/post"}],"author":[{"embeddable":true,"href":"https:\/\/www.hoymercedes.com.ar\/principal\/wp-json\/wp\/v2\/users\/1"}],"replies":[{"embeddable":true,"href":"https:\/\/www.hoymercedes.com.ar\/principal\/wp-json\/wp\/v2\/comments?post=104843"}],"version-history":[{"count":0,"href":"https:\/\/www.hoymercedes.com.ar\/principal\/wp-json\/wp\/v2\/posts\/104843\/revisions"}],"wp:featuredmedia":[{"embeddable":true,"href":"https:\/\/www.hoymercedes.com.ar\/principal\/wp-json\/wp\/v2\/media\/104839"}],"wp:attachment":[{"href":"https:\/\/www.hoymercedes.com.ar\/principal\/wp-json\/wp\/v2\/media?parent=104843"}],"wp:term":[{"taxonomy":"category","embeddable":true,"href":"https:\/\/www.hoymercedes.com.ar\/principal\/wp-json\/wp\/v2\/categories?post=104843"},{"taxonomy":"post_tag","embeddable":true,"href":"https:\/\/www.hoymercedes.com.ar\/principal\/wp-json\/wp\/v2\/tags?post=104843"}],"curies":[{"name":"wp","href":"https:\/\/api.w.org\/{rel}","templated":true}]}}