{"id":104871,"date":"2020-01-08T10:08:25","date_gmt":"2020-01-08T13:08:25","guid":{"rendered":"http:\/\/www.hoymercedes.com.ar\/principal\/?p=104871"},"modified":"2020-01-08T10:30:22","modified_gmt":"2020-01-08T13:30:22","slug":"remodelan-galpones-de-la-trocha","status":"publish","type":"post","link":"https:\/\/www.hoymercedes.com.ar\/principal\/2020\/01\/08\/remodelan-galpones-de-la-trocha\/","title":{"rendered":"Remodelan galpones de La Trocha"},"content":{"rendered":"\n<p>El Complejo Cultural La Trocha est\u00e1 reform\u00e1ndose en su estructura, aprovechando para ser pintado. Los trabajadores de diferentes \u00e1reas de la comuna est\u00e1n haciendo trabajos de pintura, renovaci\u00f3n de luminaria, arreglos estructurales y embellecimiento.\u00a0\u00a0\u00a0<\/p>\n\n\n\n<p>El galp\u00f3n del medio y el m\u00e1s grande est\u00e1n siendo remodelados y acondicionados para prestar mejor servicio cultural y llevar adelante los ciclos musicales organizado por la Direcci\u00f3n de Cultura. <\/p>\n\n\n\n<figure class=\"wp-block-image size-large\"><img loading=\"lazy\" decoding=\"async\" width=\"800\" height=\"533\" data-attachment-id=\"104873\" data-permalink=\"https:\/\/www.hoymercedes.com.ar\/principal\/2020\/01\/08\/remodelan-galpones-de-la-trocha\/08-techo-trocha\/#main\" data-orig-file=\"https:\/\/www.hoymercedes.com.ar\/principal\/wp-content\/uploads\/2020\/01\/08-techo-trocha.jpg\" data-orig-size=\"800,533\" data-comments-opened=\"0\" data-image-meta=\"{&quot;aperture&quot;:&quot;0&quot;,&quot;credit&quot;:&quot;&quot;,&quot;camera&quot;:&quot;&quot;,&quot;caption&quot;:&quot;&quot;,&quot;created_timestamp&quot;:&quot;0&quot;,&quot;copyright&quot;:&quot;&quot;,&quot;focal_length&quot;:&quot;0&quot;,&quot;iso&quot;:&quot;0&quot;,&quot;shutter_speed&quot;:&quot;0&quot;,&quot;title&quot;:&quot;&quot;,&quot;orientation&quot;:&quot;0&quot;}\" data-image-title=\"08 techo trocha\" data-image-description=\"\" data-image-caption=\"\" data-large-file=\"https:\/\/www.hoymercedes.com.ar\/principal\/wp-content\/uploads\/2020\/01\/08-techo-trocha.jpg\" src=\"https:\/\/www.hoymercedes.com.ar\/principal\/wp-content\/uploads\/2020\/01\/08-techo-trocha.jpg\" alt=\"\" class=\"wp-image-104873\"\/><\/figure>\n","protected":false},"excerpt":{"rendered":"<p>El Complejo Cultural La Trocha est\u00e1 reform\u00e1ndose en su estructura, aprovechando para ser pintado. Los trabajadores de diferentes \u00e1reas de &#8230; <a title=\"Remodelan galpones de La Trocha\" class=\"read-more\" href=\"https:\/\/www.hoymercedes.com.ar\/principal\/2020\/01\/08\/remodelan-galpones-de-la-trocha\/\" aria-label=\"Leer m\u00e1s sobre Remodelan galpones de La Trocha\">Leer m\u00e1s<\/a><\/p>\n","protected":false},"author":1,"featured_media":104873,"comment_status":"closed","ping_status":"open","sticky":false,"template":"","format":"standard","meta":{"_monsterinsights_skip_tracking":false,"_monsterinsights_sitenote_active":false,"_monsterinsights_sitenote_note":"","_monsterinsights_sitenote_category":0,"jetpack_post_was_ever_published":false,"_jetpack_newsletter_access":"","_jetpack_dont_email_post_to_subs":false,"_jetpack_newsletter_tier_id":0,"_jetpack_memberships_contains_paywalled_content":false,"_jetpack_memberships_contains_paid_content":false,"footnotes":"","jetpack_publicize_message":"","jetpack_publicize_feature_enabled":true,"jetpack_social_post_already_shared":true,"jetpack_social_options":{"image_generator_settings":{"template":"highway","default_image_id":0,"font":"","enabled":false},"version":2},"_wpas_customize_per_network":false},"categories":[30],"tags":[7805,3959,244],"class_list":["post-104871","post","type-post","status-publish","format-standard","has-post-thumbnail","hentry","category-municipio","tag-cultura","tag-la-trocha","tag-municipio-2","generate-columns","tablet-grid-50","mobile-grid-100","grid-parent","grid-50"],"jetpack_publicize_connections":[],"jetpack_featured_media_url":"https:\/\/www.hoymercedes.com.ar\/principal\/wp-content\/uploads\/2020\/01\/08-techo-trocha.jpg","wps_subtitle":"","jetpack_sharing_enabled":true,"_links":{"self":[{"href":"https:\/\/www.hoymercedes.com.ar\/principal\/wp-json\/wp\/v2\/posts\/104871","targetHints":{"allow":["GET"]}}],"collection":[{"href":"https:\/\/www.hoymercedes.com.ar\/principal\/wp-json\/wp\/v2\/posts"}],"about":[{"href":"https:\/\/www.hoymercedes.com.ar\/principal\/wp-json\/wp\/v2\/types\/post"}],"author":[{"embeddable":true,"href":"https:\/\/www.hoymercedes.com.ar\/principal\/wp-json\/wp\/v2\/users\/1"}],"replies":[{"embeddable":true,"href":"https:\/\/www.hoymercedes.com.ar\/principal\/wp-json\/wp\/v2\/comments?post=104871"}],"version-history":[{"count":0,"href":"https:\/\/www.hoymercedes.com.ar\/principal\/wp-json\/wp\/v2\/posts\/104871\/revisions"}],"wp:featuredmedia":[{"embeddable":true,"href":"https:\/\/www.hoymercedes.com.ar\/principal\/wp-json\/wp\/v2\/media\/104873"}],"wp:attachment":[{"href":"https:\/\/www.hoymercedes.com.ar\/principal\/wp-json\/wp\/v2\/media?parent=104871"}],"wp:term":[{"taxonomy":"category","embeddable":true,"href":"https:\/\/www.hoymercedes.com.ar\/principal\/wp-json\/wp\/v2\/categories?post=104871"},{"taxonomy":"post_tag","embeddable":true,"href":"https:\/\/www.hoymercedes.com.ar\/principal\/wp-json\/wp\/v2\/tags?post=104871"}],"curies":[{"name":"wp","href":"https:\/\/api.w.org\/{rel}","templated":true}]}}