{"id":104933,"date":"2020-01-09T11:12:00","date_gmt":"2020-01-09T14:12:00","guid":{"rendered":"http:\/\/www.hoymercedes.com.ar\/principal\/?p=104933"},"modified":"2020-01-09T11:12:14","modified_gmt":"2020-01-09T14:12:14","slug":"confirman-caso-de-hantavirus-en-san-andres-de-giles","status":"publish","type":"post","link":"https:\/\/www.hoymercedes.com.ar\/principal\/2020\/01\/09\/confirman-caso-de-hantavirus-en-san-andres-de-giles\/","title":{"rendered":"Confirman caso de hantavirus en San Andr\u00e9s de Giles"},"content":{"rendered":"\n<p>Una joven de 25 a\u00f1os, embarazada, contrajo la enfermedad confirmada el martes pasado. El Secretario de Salud de S. A. de Giles asegur\u00f3 que la paciente evoluciona favorablemente. <\/p>\n\n\n\n<p>Este martes se confirm\u00f3 el diagn\u00f3stico de una paciente que estuvo internada en el Hospital de San Andr\u00e9s de Giles. La mujer de 25 a\u00f1os, embarazada de 28 semanas, que vive en la periferia del casco urbano, contrajo hantavirus. <\/p>\n\n\n\n<p>El cuadro fue confirmado tras los an\u00e1lisis correspondiente, aunque la joven estuvo con tratamiento desde el 25 de diciembre cuando ingres\u00f3 al nosocomio con los s\u00edntomas similares a una neumon\u00eda.<\/p>\n\n\n\n<p>Los m\u00e9dicos locales decidieron derivarla al Hospital Interzonal \u201cSan Mart\u00edn\u201d de La Plata donde confirmaron el hantavirus informando el caso a la Secretar\u00eda de Salud de San Andr\u00e9s de Giles. <\/p>\n\n\n\n<p>El Dr. Diego Schiaffino, titular de la cartera de salud de la vecina localidad, oficializ\u00f3 el caso y activ\u00f3  los protocolos correspondiente. El funcionario aclar\u00f3 que la paciente\u00a0\u201cnunca estuvo en estado de gravedad\u201d, su tratamiento no fue en terapia intensiva. La evoluci\u00f3n de la joven fue favorable. <\/p>\n\n\n\n<p>En el informe de prensa, el Dr. Schiaffino destac\u00f3 que el Hantavirus\u00a0\u201ces una enfermedad viral que puede ser muy grave, sin embargo, no todos los casos son fatales\u201d\u00a0y asever\u00f3 que quien transporta el virus\u00a0\u201ces un rat\u00f3n que est\u00e1 en un \u00e1mbito rural preferentemente, aunque nuestro casco urbano ha crecido bastante y hay zonas que est\u00e1n cerca del campo\u201d.<\/p>\n\n\n\n<p>El rat\u00f3n en cuesti\u00f3n es gris de cuerpo chico y cola larga. Para evitar un contagio es fundamental mantener limpios los terrenos, evitar la acumulaci\u00f3n de la chatarra, neum\u00e1ticos, etc. Cabe recordar que es una enfermedad que no se previene con una vacuna.<\/p>\n\n\n\n<p>Fuente: Infociudad de San Andr\u00e9s de Giles. <\/p>\n","protected":false},"excerpt":{"rendered":"<p>Una joven de 25 a\u00f1os, embarazada, contrajo la enfermedad confirmada el martes pasado. El Secretario de Salud de S. A. &#8230; <a title=\"Confirman caso de hantavirus en San Andr\u00e9s de Giles\" class=\"read-more\" href=\"https:\/\/www.hoymercedes.com.ar\/principal\/2020\/01\/09\/confirman-caso-de-hantavirus-en-san-andres-de-giles\/\" aria-label=\"Leer m\u00e1s sobre Confirman caso de hantavirus en San Andr\u00e9s de Giles\">Leer m\u00e1s<\/a><\/p>\n","protected":false},"author":1,"featured_media":104937,"comment_status":"closed","ping_status":"open","sticky":false,"template":"","format":"standard","meta":{"_monsterinsights_skip_tracking":false,"_monsterinsights_sitenote_active":false,"_monsterinsights_sitenote_note":"","_monsterinsights_sitenote_category":0,"jetpack_post_was_ever_published":false,"_jetpack_newsletter_access":"","_jetpack_dont_email_post_to_subs":false,"_jetpack_newsletter_tier_id":0,"_jetpack_memberships_contains_paywalled_content":false,"_jetpack_memberships_contains_paid_content":false,"footnotes":"","jetpack_publicize_message":"","jetpack_publicize_feature_enabled":true,"jetpack_social_post_already_shared":true,"jetpack_social_options":{"image_generator_settings":{"template":"highway","default_image_id":0,"font":"","enabled":false},"version":2},"_wpas_customize_per_network":false},"categories":[5501],"tags":[1057,134,2123],"class_list":["post-104933","post","type-post","status-publish","format-standard","has-post-thumbnail","hentry","category-region","tag-regional","tag-salud","tag-san-andres-de-giles","generate-columns","tablet-grid-50","mobile-grid-100","grid-parent","grid-50"],"jetpack_publicize_connections":[],"jetpack_featured_media_url":"https:\/\/www.hoymercedes.com.ar\/principal\/wp-content\/uploads\/2020\/01\/09-hantavirus-Giles.jpg","wps_subtitle":"Salud regional","jetpack_sharing_enabled":true,"_links":{"self":[{"href":"https:\/\/www.hoymercedes.com.ar\/principal\/wp-json\/wp\/v2\/posts\/104933","targetHints":{"allow":["GET"]}}],"collection":[{"href":"https:\/\/www.hoymercedes.com.ar\/principal\/wp-json\/wp\/v2\/posts"}],"about":[{"href":"https:\/\/www.hoymercedes.com.ar\/principal\/wp-json\/wp\/v2\/types\/post"}],"author":[{"embeddable":true,"href":"https:\/\/www.hoymercedes.com.ar\/principal\/wp-json\/wp\/v2\/users\/1"}],"replies":[{"embeddable":true,"href":"https:\/\/www.hoymercedes.com.ar\/principal\/wp-json\/wp\/v2\/comments?post=104933"}],"version-history":[{"count":0,"href":"https:\/\/www.hoymercedes.com.ar\/principal\/wp-json\/wp\/v2\/posts\/104933\/revisions"}],"wp:featuredmedia":[{"embeddable":true,"href":"https:\/\/www.hoymercedes.com.ar\/principal\/wp-json\/wp\/v2\/media\/104937"}],"wp:attachment":[{"href":"https:\/\/www.hoymercedes.com.ar\/principal\/wp-json\/wp\/v2\/media?parent=104933"}],"wp:term":[{"taxonomy":"category","embeddable":true,"href":"https:\/\/www.hoymercedes.com.ar\/principal\/wp-json\/wp\/v2\/categories?post=104933"},{"taxonomy":"post_tag","embeddable":true,"href":"https:\/\/www.hoymercedes.com.ar\/principal\/wp-json\/wp\/v2\/tags?post=104933"}],"curies":[{"name":"wp","href":"https:\/\/api.w.org\/{rel}","templated":true}]}}