{"id":105006,"date":"2020-01-11T09:36:00","date_gmt":"2020-01-11T12:36:00","guid":{"rendered":"http:\/\/www.hoymercedes.com.ar\/principal\/?p=105006"},"modified":"2020-01-11T11:47:43","modified_gmt":"2020-01-11T14:47:43","slug":"dos-aprehendidos-por-sustraer-un-celular-en-la-via-publica","status":"publish","type":"post","link":"https:\/\/www.hoymercedes.com.ar\/principal\/2020\/01\/11\/dos-aprehendidos-por-sustraer-un-celular-en-la-via-publica\/","title":{"rendered":"Dos aprehendidos por sustraer un celular en la v\u00eda p\u00fablica"},"content":{"rendered":"\n<p>En la jornada del 7 de enero del corriente, dos sujetos (de 21 y 23 a\u00f1os de edad) le sustrajeron en la v\u00eda p\u00fablica un tel\u00e9fono a dos ni\u00f1as menores de edad. El hecho ocurri\u00f3 alrededor de las 15 horas, en inmediaciones del polideportivo sito en Av. Avellaneda y General G\u00fcemes de la localidad de Luj\u00e1n. <\/p>\n\n\n\n<p>Los ahora imputados le solicitaron conocer la hora, y cuando la joven tom\u00f3 su tel\u00e9fono para observarlo se lo arrebataron de las manos y emprendieron la huida. Las v\u00edctimas visualizaron a efectivos de la Unidad de Polic\u00eda de Prevenci\u00f3n Local Luj\u00e1n a quienes le dieron aviso de lo sucedido e indicaron la direcci\u00f3n que llevaban los sujetos. Con una r\u00e1pida intervenci\u00f3n de los uniformados se logr\u00f3 dar con los mismos sobre las v\u00edas del ferrocarril a la altura calle Roux. Fueron reducidos, y en la requisa de urgencia se encontr\u00f3 el tel\u00e9fono sustra\u00eddo. <\/p>\n\n\n\n<p>La causa recay\u00f3 en la UFI N.\u00ba 9 Descentralizada de Luj\u00e1n del Departamento Judicial Mercedes \u2013 a cargo de la Dra. Laura Cordiviola \u2013 ante la cual comparecieron los imputados en el marco de la audiencia de declaraci\u00f3n en los t\u00e9rminos del art. 308 del C\u00f3digo Procesal Penal, en la jornada del mi\u00e9rcoles \u00faltimo pasado.<\/p>\n","protected":false},"excerpt":{"rendered":"<p>En la jornada del 7 de enero del corriente, dos sujetos (de 21 y 23 a\u00f1os de edad) le sustrajeron &#8230; <a title=\"Dos aprehendidos por sustraer un celular en la v\u00eda p\u00fablica\" class=\"read-more\" href=\"https:\/\/www.hoymercedes.com.ar\/principal\/2020\/01\/11\/dos-aprehendidos-por-sustraer-un-celular-en-la-via-publica\/\" aria-label=\"Leer m\u00e1s sobre Dos aprehendidos por sustraer un celular en la v\u00eda p\u00fablica\">Leer m\u00e1s<\/a><\/p>\n","protected":false},"author":1,"featured_media":105008,"comment_status":"closed","ping_status":"open","sticky":false,"template":"","format":"standard","meta":{"_monsterinsights_skip_tracking":false,"_monsterinsights_sitenote_active":false,"_monsterinsights_sitenote_note":"","_monsterinsights_sitenote_category":0,"jetpack_post_was_ever_published":false,"_jetpack_newsletter_access":"","_jetpack_dont_email_post_to_subs":false,"_jetpack_newsletter_tier_id":0,"_jetpack_memberships_contains_paywalled_content":false,"_jetpack_memberships_contains_paid_content":false,"footnotes":"","jetpack_publicize_message":"","jetpack_publicize_feature_enabled":true,"jetpack_social_post_already_shared":true,"jetpack_social_options":{"image_generator_settings":{"template":"highway","default_image_id":0,"font":"","enabled":false},"version":2},"_wpas_customize_per_network":false},"categories":[85],"tags":[],"class_list":["post-105006","post","type-post","status-publish","format-standard","has-post-thumbnail","hentry","category-policial","generate-columns","tablet-grid-50","mobile-grid-100","grid-parent","grid-50"],"jetpack_publicize_connections":[],"jetpack_featured_media_url":"https:\/\/www.hoymercedes.com.ar\/principal\/wp-content\/uploads\/2020\/01\/11-policia-lujan.jpg","wps_subtitle":"Regional","jetpack_sharing_enabled":true,"_links":{"self":[{"href":"https:\/\/www.hoymercedes.com.ar\/principal\/wp-json\/wp\/v2\/posts\/105006","targetHints":{"allow":["GET"]}}],"collection":[{"href":"https:\/\/www.hoymercedes.com.ar\/principal\/wp-json\/wp\/v2\/posts"}],"about":[{"href":"https:\/\/www.hoymercedes.com.ar\/principal\/wp-json\/wp\/v2\/types\/post"}],"author":[{"embeddable":true,"href":"https:\/\/www.hoymercedes.com.ar\/principal\/wp-json\/wp\/v2\/users\/1"}],"replies":[{"embeddable":true,"href":"https:\/\/www.hoymercedes.com.ar\/principal\/wp-json\/wp\/v2\/comments?post=105006"}],"version-history":[{"count":0,"href":"https:\/\/www.hoymercedes.com.ar\/principal\/wp-json\/wp\/v2\/posts\/105006\/revisions"}],"wp:featuredmedia":[{"embeddable":true,"href":"https:\/\/www.hoymercedes.com.ar\/principal\/wp-json\/wp\/v2\/media\/105008"}],"wp:attachment":[{"href":"https:\/\/www.hoymercedes.com.ar\/principal\/wp-json\/wp\/v2\/media?parent=105006"}],"wp:term":[{"taxonomy":"category","embeddable":true,"href":"https:\/\/www.hoymercedes.com.ar\/principal\/wp-json\/wp\/v2\/categories?post=105006"},{"taxonomy":"post_tag","embeddable":true,"href":"https:\/\/www.hoymercedes.com.ar\/principal\/wp-json\/wp\/v2\/tags?post=105006"}],"curies":[{"name":"wp","href":"https:\/\/api.w.org\/{rel}","templated":true}]}}