{"id":105023,"date":"2020-01-12T00:08:00","date_gmt":"2020-01-12T03:08:00","guid":{"rendered":"http:\/\/www.hoymercedes.com.ar\/principal\/?p=105023"},"modified":"2020-01-15T13:37:48","modified_gmt":"2020-01-15T16:37:48","slug":"lujan-un-detenido-por-abuso-sexual-agravado","status":"publish","type":"post","link":"https:\/\/www.hoymercedes.com.ar\/principal\/2020\/01\/12\/lujan-un-detenido-por-abuso-sexual-agravado\/","title":{"rendered":"Luj\u00e1n: Un detenido por abuso sexual agravado"},"content":{"rendered":"\n<p>El a\u00f1o pasado, una vecina del partido de Luj\u00e1n denunci\u00f3 a\nquien en ese momento era su concubino por haber abusado sexualmente de su hija\nde 13 a\u00f1os de edad luego de que la menor pudiera relatarle lo padecido. D\u00edas\natr\u00e1s, el acusado fue detenido en la v\u00eda p\u00fablica tras tareas investigativas\npara dar con su paradero. <\/p>\n\n\n\n<p>Adem\u00e1s, poco despu\u00e9s de la\ndenuncia \u2013 y ya pesando una medida restrictiva siendo que no moraban en el\nmismo lugar \u2013 el imputado desobedeci\u00f3 la orden de evitar contacto con la\nv\u00edctima y la denunciante en dos ocasiones.<\/p>\n\n\n\n<p>Los ex\u00e1menes m\u00e9dicos y evaluaciones psicol\u00f3gicas fueron contundentes para que la fiscal a cargo de la UFI N\u00ba 9 Descentralizada de Luj\u00e1n del Departamento Judicial Mercedes \u2013 Dra.\u00a0 Laura Cordiviola \u2013 solicitara ante el Juzgado de Garant\u00edas N\u00ba 3 \u2013 a cargo interinamente del Dr. Facundo Oliva &#8211; la orden de detenci\u00f3n del imputado.<\/p>\n\n\n\n<p>La medida fue otorgada el pasado 3 de enero y fue\nejecutada en el d\u00eda de hoy por personal policial del Comando de Patrullas que\nlogr\u00f3 reconocerlo y detenerlo en la v\u00eda p\u00fablica tras tareas investigativas para\ndar con su paradero.<\/p>\n\n\n\n<p>En esta misma jornada compareci\u00f3 ante la agente\nfiscal en el marco de la audiencia de declaraci\u00f3n en los t\u00e9rminos del art. 308\ndel C\u00f3digo Procesal Penal.<\/p>\n","protected":false},"excerpt":{"rendered":"<p>El a\u00f1o pasado, una vecina del partido de Luj\u00e1n denunci\u00f3 a quien en ese momento era su concubino por haber &#8230; <a title=\"Luj\u00e1n: Un detenido por abuso sexual agravado\" class=\"read-more\" href=\"https:\/\/www.hoymercedes.com.ar\/principal\/2020\/01\/12\/lujan-un-detenido-por-abuso-sexual-agravado\/\" aria-label=\"Leer m\u00e1s sobre Luj\u00e1n: Un detenido por abuso sexual agravado\">Leer m\u00e1s<\/a><\/p>\n","protected":false},"author":1,"featured_media":105008,"comment_status":"closed","ping_status":"open","sticky":false,"template":"","format":"standard","meta":{"_monsterinsights_skip_tracking":false,"_monsterinsights_sitenote_active":false,"_monsterinsights_sitenote_note":"","_monsterinsights_sitenote_category":0,"jetpack_post_was_ever_published":false,"_jetpack_newsletter_access":"","_jetpack_dont_email_post_to_subs":false,"_jetpack_newsletter_tier_id":0,"_jetpack_memberships_contains_paywalled_content":false,"_jetpack_memberships_contains_paid_content":false,"footnotes":"","jetpack_publicize_message":"","jetpack_publicize_feature_enabled":true,"jetpack_social_post_already_shared":true,"jetpack_social_options":{"image_generator_settings":{"template":"highway","default_image_id":0,"font":"","enabled":false},"version":2},"_wpas_customize_per_network":false},"categories":[85],"tags":[86,96],"class_list":["post-105023","post","type-post","status-publish","format-standard","has-post-thumbnail","hentry","category-policial","tag-lujan","tag-policial-2","generate-columns","tablet-grid-50","mobile-grid-100","grid-parent","grid-50"],"jetpack_publicize_connections":[],"jetpack_featured_media_url":"https:\/\/www.hoymercedes.com.ar\/principal\/wp-content\/uploads\/2020\/01\/11-policia-lujan.jpg","wps_subtitle":"Policial regional","jetpack_sharing_enabled":true,"_links":{"self":[{"href":"https:\/\/www.hoymercedes.com.ar\/principal\/wp-json\/wp\/v2\/posts\/105023","targetHints":{"allow":["GET"]}}],"collection":[{"href":"https:\/\/www.hoymercedes.com.ar\/principal\/wp-json\/wp\/v2\/posts"}],"about":[{"href":"https:\/\/www.hoymercedes.com.ar\/principal\/wp-json\/wp\/v2\/types\/post"}],"author":[{"embeddable":true,"href":"https:\/\/www.hoymercedes.com.ar\/principal\/wp-json\/wp\/v2\/users\/1"}],"replies":[{"embeddable":true,"href":"https:\/\/www.hoymercedes.com.ar\/principal\/wp-json\/wp\/v2\/comments?post=105023"}],"version-history":[{"count":0,"href":"https:\/\/www.hoymercedes.com.ar\/principal\/wp-json\/wp\/v2\/posts\/105023\/revisions"}],"wp:featuredmedia":[{"embeddable":true,"href":"https:\/\/www.hoymercedes.com.ar\/principal\/wp-json\/wp\/v2\/media\/105008"}],"wp:attachment":[{"href":"https:\/\/www.hoymercedes.com.ar\/principal\/wp-json\/wp\/v2\/media?parent=105023"}],"wp:term":[{"taxonomy":"category","embeddable":true,"href":"https:\/\/www.hoymercedes.com.ar\/principal\/wp-json\/wp\/v2\/categories?post=105023"},{"taxonomy":"post_tag","embeddable":true,"href":"https:\/\/www.hoymercedes.com.ar\/principal\/wp-json\/wp\/v2\/tags?post=105023"}],"curies":[{"name":"wp","href":"https:\/\/api.w.org\/{rel}","templated":true}]}}