{"id":105037,"date":"2020-01-11T22:26:41","date_gmt":"2020-01-12T01:26:41","guid":{"rendered":"http:\/\/www.hoymercedes.com.ar\/principal\/?p=105037"},"modified":"2020-01-11T22:26:46","modified_gmt":"2020-01-12T01:26:46","slug":"siniestro-fatal-en-ruta-n41-pierde-la-vida-un-nino","status":"publish","type":"post","link":"https:\/\/www.hoymercedes.com.ar\/principal\/2020\/01\/11\/siniestro-fatal-en-ruta-n41-pierde-la-vida-un-nino\/","title":{"rendered":"Siniestro fatal en Ruta N\u00b041 pierde la vida un ni\u00f1o"},"content":{"rendered":"\n<p>Un siniestro fatal se produjo durante la ma\u00f1ana de este s\u00e1bado en ruta provincial n\u00b041 muy cerca del acceso a la ciudad donde un ni\u00f1o de 10 a\u00f1os perdi\u00f3 la vida. El peque\u00f1o era oriundo de Santa Fe. Seg\u00fan se supo extra oficialmente un peque\u00f1o perdi\u00f3 la vida al intentar cruzar la ruta alrededor de las 10am.<\/p>\n\n\n\n<p>Fuentes no oficiales informaron\nque el ni\u00f1o proven\u00eda desde Santa F\u00e9. En el ingreso a la ciudad, altura el\npuente del cruce ferroviario, el peque\u00f1o quiso cruzar sin detectar que ven\u00eda\nuna camioneta a alta velocidad dado que es una ruta.<\/p>\n\n\n\n<p>La embestida fue muy fuerte generando heridas de consideraci\u00f3n. Fue trasladado al hospital Dubarry, pero no fue posible salvarle la vida. <\/p>\n\n\n\n<p>La causa est\u00e1 a instancias de la justicia mercedina. <\/p>\n","protected":false},"excerpt":{"rendered":"<p>Un siniestro fatal se produjo durante la ma\u00f1ana de este s\u00e1bado en ruta provincial n\u00b041 muy cerca del acceso a &#8230; <a title=\"Siniestro fatal en Ruta N\u00b041 pierde la vida un ni\u00f1o\" class=\"read-more\" href=\"https:\/\/www.hoymercedes.com.ar\/principal\/2020\/01\/11\/siniestro-fatal-en-ruta-n41-pierde-la-vida-un-nino\/\" aria-label=\"Leer m\u00e1s sobre Siniestro fatal en Ruta N\u00b041 pierde la vida un ni\u00f1o\">Leer m\u00e1s<\/a><\/p>\n","protected":false},"author":1,"featured_media":105038,"comment_status":"closed","ping_status":"open","sticky":false,"template":"","format":"standard","meta":{"_monsterinsights_skip_tracking":false,"_monsterinsights_sitenote_active":false,"_monsterinsights_sitenote_note":"","_monsterinsights_sitenote_category":0,"jetpack_post_was_ever_published":false,"_jetpack_newsletter_access":"","_jetpack_dont_email_post_to_subs":false,"_jetpack_newsletter_tier_id":0,"_jetpack_memberships_contains_paywalled_content":false,"_jetpack_memberships_contains_paid_content":false,"footnotes":"","jetpack_publicize_message":"","jetpack_publicize_feature_enabled":true,"jetpack_social_post_already_shared":true,"jetpack_social_options":{"image_generator_settings":{"template":"highway","default_image_id":0,"font":"","enabled":false},"version":2},"_wpas_customize_per_network":false},"categories":[8],"tags":[2670,10395],"class_list":["post-105037","post","type-post","status-publish","format-standard","has-post-thumbnail","hentry","category-sociedad","tag-ruta-41","tag-siniestro-vial","generate-columns","tablet-grid-50","mobile-grid-100","grid-parent","grid-50"],"jetpack_publicize_connections":[],"jetpack_featured_media_url":"https:\/\/www.hoymercedes.com.ar\/principal\/wp-content\/uploads\/2020\/01\/r41.jpg","wps_subtitle":"Fatal descenlace ","jetpack_sharing_enabled":true,"_links":{"self":[{"href":"https:\/\/www.hoymercedes.com.ar\/principal\/wp-json\/wp\/v2\/posts\/105037","targetHints":{"allow":["GET"]}}],"collection":[{"href":"https:\/\/www.hoymercedes.com.ar\/principal\/wp-json\/wp\/v2\/posts"}],"about":[{"href":"https:\/\/www.hoymercedes.com.ar\/principal\/wp-json\/wp\/v2\/types\/post"}],"author":[{"embeddable":true,"href":"https:\/\/www.hoymercedes.com.ar\/principal\/wp-json\/wp\/v2\/users\/1"}],"replies":[{"embeddable":true,"href":"https:\/\/www.hoymercedes.com.ar\/principal\/wp-json\/wp\/v2\/comments?post=105037"}],"version-history":[{"count":0,"href":"https:\/\/www.hoymercedes.com.ar\/principal\/wp-json\/wp\/v2\/posts\/105037\/revisions"}],"wp:featuredmedia":[{"embeddable":true,"href":"https:\/\/www.hoymercedes.com.ar\/principal\/wp-json\/wp\/v2\/media\/105038"}],"wp:attachment":[{"href":"https:\/\/www.hoymercedes.com.ar\/principal\/wp-json\/wp\/v2\/media?parent=105037"}],"wp:term":[{"taxonomy":"category","embeddable":true,"href":"https:\/\/www.hoymercedes.com.ar\/principal\/wp-json\/wp\/v2\/categories?post=105037"},{"taxonomy":"post_tag","embeddable":true,"href":"https:\/\/www.hoymercedes.com.ar\/principal\/wp-json\/wp\/v2\/tags?post=105037"}],"curies":[{"name":"wp","href":"https:\/\/api.w.org\/{rel}","templated":true}]}}