{"id":105085,"date":"2020-01-14T13:40:30","date_gmt":"2020-01-14T16:40:30","guid":{"rendered":"http:\/\/www.hoymercedes.com.ar\/principal\/?p=105085"},"modified":"2020-01-15T13:34:51","modified_gmt":"2020-01-15T16:34:51","slug":"avanza-el-censo-del-arbolado-publico-de-unlu-y-municipio","status":"publish","type":"post","link":"https:\/\/www.hoymercedes.com.ar\/principal\/2020\/01\/14\/avanza-el-censo-del-arbolado-publico-de-unlu-y-municipio\/","title":{"rendered":"Avanza el censo del arbolado p\u00fablico de UNLu y Municipio"},"content":{"rendered":"\n<p>Durante el a\u00f1o 2019, la Direcci\u00f3n de Espacios Verdes junto con la Universidad Nacional de Luj\u00e1n, continuaron con los trabajos de Censo georreferenciado del Arbolado P\u00fablico de Mercedes. Las \u00e1reas seleccionadas para avanzar con el diagn\u00f3stico de los \u00e1rboles en la ciudad fueron los barrios del Centro Hist\u00f3rico y Norte.<\/p>\n\n\n\n<figure class=\"wp-block-image size-large\"><img loading=\"lazy\" decoding=\"async\" width=\"800\" height=\"502\" data-attachment-id=\"105080\" data-permalink=\"https:\/\/www.hoymercedes.com.ar\/principal\/14-direccionespaciosverdes\/\" data-orig-file=\"https:\/\/www.hoymercedes.com.ar\/principal\/wp-content\/uploads\/2020\/01\/14-DireccionEspaciosVerdes.jpg\" data-orig-size=\"800,502\" data-comments-opened=\"0\" data-image-meta=\"{&quot;aperture&quot;:&quot;0&quot;,&quot;credit&quot;:&quot;&quot;,&quot;camera&quot;:&quot;&quot;,&quot;caption&quot;:&quot;&quot;,&quot;created_timestamp&quot;:&quot;0&quot;,&quot;copyright&quot;:&quot;&quot;,&quot;focal_length&quot;:&quot;0&quot;,&quot;iso&quot;:&quot;0&quot;,&quot;shutter_speed&quot;:&quot;0&quot;,&quot;title&quot;:&quot;&quot;,&quot;orientation&quot;:&quot;0&quot;}\" data-image-title=\"14 DireccionEspaciosVerdes\" data-image-description=\"\" data-image-caption=\"\" data-large-file=\"https:\/\/www.hoymercedes.com.ar\/principal\/wp-content\/uploads\/2020\/01\/14-DireccionEspaciosVerdes.jpg\" src=\"https:\/\/www.hoymercedes.com.ar\/principal\/wp-content\/uploads\/2020\/01\/14-DireccionEspaciosVerdes.jpg\" alt=\"\" class=\"wp-image-105080\"\/><\/figure>\n\n\n\n<p>Este trabajo mancomunado entre el Municipio de Mercedes y el establecimiento acad\u00e9mico&nbsp;&nbsp;-iniciado en el a\u00f1o 2017- tiene como objetivo \u201cplanificar las zonas a podar, los lugares con potencial para forestar, tambi\u00e9n para identificar las zonas con ejemplares peligrosos, da\u00f1ados, con necesidad de ser intervenidos, para proveer de una base de datos que contribuya a resolver los reclamos y las solicitudes de los vecinos que se comunican al 147 y se derivan autom\u00e1ticamente a la Direcci\u00f3n\u201d se\u00f1alaron desde el \u00e1rea.<\/p>\n\n\n\n<p>Asimismo manifestaron \u201cLos resultados arrojados nos proveyeron de datos interesantes: la mayor\u00eda son Fresnos Americanos, principalmente dentro del casco hist\u00f3rico, \u00e1rboles plantados hace m\u00e1s de 70 a\u00f1os cuando hab\u00eda unos 34.500 habitantes (Censo Nacional de Poblaci\u00f3n de 1947)\u201d elegidos por su resistencia a las condiciones urbanas y a las podas, mismo que corresponden al 52% del total del \u00e1rea censada\u201d y agregaron \u201centre las especies m\u00e1s frecuentes se encuentra el Pl\u00e1tano, parte del paisaje tradicional de las avenidas 17 y 29, el Ligustro con sus hojas de dos colores, distribuidos en los barrios con m\u00e1s viviendas que zonas comerciales, y el Tilo que con su intenso aroma perfuma las calles al comienzo de los d\u00edas m\u00e1s c\u00e1lidos de noviembre\u201d.<\/p>\n\n\n\n<p>Estos trabajos e informaci\u00f3n impactan de manera directa en el d\u00eda a d\u00eda de la ciudad, donde a trav\u00e9s de estos informes y censos, por ejemplo, se han elaborado dos Ordenanzas municipales: \u201cProtecci\u00f3n, Valorizaci\u00f3n y Manejo del Arbolado P\u00fablico\u201d \u2013 N\u00b0 8256\/19 \u2013, y el \u201cPlan Regulador del Arbolado P\u00fablico de Mercedes\u201d aprobado por Ordenanza N\u00b0 8260\/19, de acuerdo con lo requerido por la Ley Provincial de Arbolado N\u00b0&nbsp;&nbsp;12.276\/99.<\/p>\n\n\n\n<p>Para el a\u00f1o 2020 se proyecta continuar y ampliar las zonas censadas, as\u00ed como continuar con el convenio firmado con la Universidad Nacional de Luj\u00e1n y su proyecto de Investigaci\u00f3n: \u201cDesarrollo de herramientas para la gesti\u00f3n de la infraestructura verde urbana y periurbana en municipios de la provincia de Buenos Aires\u201d (Res. REC N\u00b0 224\/19).<\/p>\n\n\n\n<p>Para m\u00e1s informaci\u00f3n se pueden comunicar a la Direcci\u00f3n de Espacios Verdes, Tel.: 421470 cita en Av. 40 y 21. Complejo Cultural La Trocha.<\/p>\n\n\n\n<p>Fuente: Prensa Municipal<\/p>\n","protected":false},"excerpt":{"rendered":"<p>Durante el a\u00f1o 2019, la Direcci\u00f3n de Espacios Verdes junto con la Universidad Nacional de Luj\u00e1n, continuaron con los trabajos &#8230; <a title=\"Avanza el censo del arbolado p\u00fablico de UNLu y Municipio\" class=\"read-more\" href=\"https:\/\/www.hoymercedes.com.ar\/principal\/2020\/01\/14\/avanza-el-censo-del-arbolado-publico-de-unlu-y-municipio\/\" aria-label=\"Leer m\u00e1s sobre Avanza el censo del arbolado p\u00fablico de UNLu y Municipio\">Leer m\u00e1s<\/a><\/p>\n","protected":false},"author":1,"featured_media":105080,"comment_status":"closed","ping_status":"open","sticky":false,"template":"","format":"standard","meta":{"_monsterinsights_skip_tracking":false,"_monsterinsights_sitenote_active":false,"_monsterinsights_sitenote_note":"","_monsterinsights_sitenote_category":0,"jetpack_post_was_ever_published":false,"_jetpack_newsletter_access":"","_jetpack_dont_email_post_to_subs":false,"_jetpack_newsletter_tier_id":0,"_jetpack_memberships_contains_paywalled_content":false,"_jetpack_memberships_contains_paid_content":false,"footnotes":"","jetpack_publicize_message":"","jetpack_publicize_feature_enabled":true,"jetpack_social_post_already_shared":true,"jetpack_social_options":{"image_generator_settings":{"template":"highway","default_image_id":0,"font":"","enabled":false},"version":2},"_wpas_customize_per_network":false},"categories":[30],"tags":[15738,244,54],"class_list":["post-105085","post","type-post","status-publish","format-standard","has-post-thumbnail","hentry","category-municipio","tag-arbolado-publico","tag-municipio-2","tag-unlu","generate-columns","tablet-grid-50","mobile-grid-100","grid-parent","grid-50"],"jetpack_publicize_connections":[],"jetpack_featured_media_url":"https:\/\/www.hoymercedes.com.ar\/principal\/wp-content\/uploads\/2020\/01\/14-DireccionEspaciosVerdes.jpg","wps_subtitle":"","jetpack_sharing_enabled":true,"_links":{"self":[{"href":"https:\/\/www.hoymercedes.com.ar\/principal\/wp-json\/wp\/v2\/posts\/105085","targetHints":{"allow":["GET"]}}],"collection":[{"href":"https:\/\/www.hoymercedes.com.ar\/principal\/wp-json\/wp\/v2\/posts"}],"about":[{"href":"https:\/\/www.hoymercedes.com.ar\/principal\/wp-json\/wp\/v2\/types\/post"}],"author":[{"embeddable":true,"href":"https:\/\/www.hoymercedes.com.ar\/principal\/wp-json\/wp\/v2\/users\/1"}],"replies":[{"embeddable":true,"href":"https:\/\/www.hoymercedes.com.ar\/principal\/wp-json\/wp\/v2\/comments?post=105085"}],"version-history":[{"count":0,"href":"https:\/\/www.hoymercedes.com.ar\/principal\/wp-json\/wp\/v2\/posts\/105085\/revisions"}],"wp:featuredmedia":[{"embeddable":true,"href":"https:\/\/www.hoymercedes.com.ar\/principal\/wp-json\/wp\/v2\/media\/105080"}],"wp:attachment":[{"href":"https:\/\/www.hoymercedes.com.ar\/principal\/wp-json\/wp\/v2\/media?parent=105085"}],"wp:term":[{"taxonomy":"category","embeddable":true,"href":"https:\/\/www.hoymercedes.com.ar\/principal\/wp-json\/wp\/v2\/categories?post=105085"},{"taxonomy":"post_tag","embeddable":true,"href":"https:\/\/www.hoymercedes.com.ar\/principal\/wp-json\/wp\/v2\/tags?post=105085"}],"curies":[{"name":"wp","href":"https:\/\/api.w.org\/{rel}","templated":true}]}}