{"id":105127,"date":"2020-01-15T18:24:04","date_gmt":"2020-01-15T21:24:04","guid":{"rendered":"http:\/\/www.hoymercedes.com.ar\/principal\/?p=105127"},"modified":"2020-01-15T18:25:02","modified_gmt":"2020-01-15T21:25:02","slug":"ustarroz-se-reunio-con-vialidad-por-la-continuidad-de-la-obra-en-avenida-2","status":"publish","type":"post","link":"https:\/\/www.hoymercedes.com.ar\/principal\/2020\/01\/15\/ustarroz-se-reunio-con-vialidad-por-la-continuidad-de-la-obra-en-avenida-2\/","title":{"rendered":"Ustarroz se reuni\u00f3 con vialidad por la continuidad de la obra en Avenida 2"},"content":{"rendered":"\n<p>El intendente Municipal de Mercedes Juan Ignacio Ustarroz  se reuni\u00f3 con Gustavo Arrieta,  nuevo administrador de la Direcci\u00f3n de Vialidad Nacional. En dicho encuentro, el tema central fue la obra que desde hace varios meses comenz\u00f3 en la Avenida 2. De acuerdo al a informaci\u00f3n municipal, de la reuni\u00f3n se gener\u00f3 el compromiso de \u00abresolver r\u00e1pido el tema evitando la v\u00eda judicial\u00bb. <\/p>\n\n\n\n<figure class=\"wp-block-image size-large\"><img loading=\"lazy\" decoding=\"async\" width=\"800\" height=\"533\" data-attachment-id=\"105128\" data-permalink=\"https:\/\/www.hoymercedes.com.ar\/principal\/2020\/01\/15\/ustarroz-se-reunio-con-vialidad-por-la-continuidad-de-la-obra-en-avenida-2\/15-ust-arrieta\/#main\" data-orig-file=\"https:\/\/www.hoymercedes.com.ar\/principal\/wp-content\/uploads\/2020\/01\/15-Ust-arrieta.jpg\" data-orig-size=\"800,533\" data-comments-opened=\"0\" data-image-meta=\"{&quot;aperture&quot;:&quot;0&quot;,&quot;credit&quot;:&quot;&quot;,&quot;camera&quot;:&quot;&quot;,&quot;caption&quot;:&quot;&quot;,&quot;created_timestamp&quot;:&quot;0&quot;,&quot;copyright&quot;:&quot;&quot;,&quot;focal_length&quot;:&quot;0&quot;,&quot;iso&quot;:&quot;0&quot;,&quot;shutter_speed&quot;:&quot;0&quot;,&quot;title&quot;:&quot;&quot;,&quot;orientation&quot;:&quot;0&quot;}\" data-image-title=\"15 Ust arrieta\" data-image-description=\"\" data-image-caption=\"\" data-large-file=\"https:\/\/www.hoymercedes.com.ar\/principal\/wp-content\/uploads\/2020\/01\/15-Ust-arrieta.jpg\" src=\"https:\/\/www.hoymercedes.com.ar\/principal\/wp-content\/uploads\/2020\/01\/15-Ust-arrieta.jpg\" alt=\"\" class=\"wp-image-105128\"\/><\/figure>\n\n\n\n<p>El jefe comunal de la ciudad fue optimista con el encuentro con el titular de Vialidad Nacional que asumi\u00f3 pasada la primera semana del a\u00f1o. \u00abA Gustavo Arrieta, responsable m\u00e1ximo de Vialidad Nacional, lo pusimos al tanto de los detalles de la obra de Avenida 2\u201d dijo Ustarroz y agradeci\u00f3 \u201cla voluntad de trabajo y gesti\u00f3n que expres\u00f3 y que sin duda es importante para toda la ciudad\u201d.<\/p>\n\n\n\n<p>\u00abLa Avenida 2 era una de las obras que mayor demanda ten\u00eda por parte de los vecinos. El Estado Nacional durante la presidencia de Macri se hab\u00eda comprometido, incluso con promesa de campa\u00f1a, a realizarla. Finalmente, tras el paso de los a\u00f1os y sin soluci\u00f3n el jefe comunal efectu\u00f3 una consulta ciudadana y luego inici\u00f3 la realizaci\u00f3n de la obra con fondos municipales los cuales se buscar\u00eda recuperar por medio de la judicializaci\u00f3n del asunto\u00bb, explican desde el Municipio. <\/p>\n\n\n\n<p>\u00abActualmente los vecinos ya disfrutan de uno de los tramos realizado en hormig\u00f3n de primera calidad, con mejoras h\u00eddricas e iluminaci\u00f3n y, a pesar de no estar finalizada, significa un importante y destacado avance en lo que es el principal acceso a la ciudad brindando adem\u00e1s seguridad vial y cuidado de la vida humana\u00bb, agregaron desde la comuna en la informaci\u00f3n oficial enviada a los medios. <\/p>\n","protected":false},"excerpt":{"rendered":"<p>El intendente Municipal de Mercedes Juan Ignacio Ustarroz se reuni\u00f3 con Gustavo Arrieta, nuevo administrador de la Direcci\u00f3n de Vialidad &#8230; <a title=\"Ustarroz se reuni\u00f3 con vialidad por la continuidad de la obra en Avenida 2\" class=\"read-more\" href=\"https:\/\/www.hoymercedes.com.ar\/principal\/2020\/01\/15\/ustarroz-se-reunio-con-vialidad-por-la-continuidad-de-la-obra-en-avenida-2\/\" aria-label=\"Leer m\u00e1s sobre Ustarroz se reuni\u00f3 con vialidad por la continuidad de la obra en Avenida 2\">Leer m\u00e1s<\/a><\/p>\n","protected":false},"author":1,"featured_media":105128,"comment_status":"closed","ping_status":"open","sticky":false,"template":"","format":"standard","meta":{"_monsterinsights_skip_tracking":false,"_monsterinsights_sitenote_active":false,"_monsterinsights_sitenote_note":"","_monsterinsights_sitenote_category":0,"jetpack_post_was_ever_published":false,"_jetpack_newsletter_access":"","_jetpack_dont_email_post_to_subs":false,"_jetpack_newsletter_tier_id":0,"_jetpack_memberships_contains_paywalled_content":false,"_jetpack_memberships_contains_paid_content":false,"footnotes":"","jetpack_publicize_message":"","jetpack_publicize_feature_enabled":true,"jetpack_social_post_already_shared":true,"jetpack_social_options":{"image_generator_settings":{"template":"highway","default_image_id":0,"font":"","enabled":false},"version":2},"_wpas_customize_per_network":false},"categories":[30],"tags":[600,244,15071,369],"class_list":["post-105127","post","type-post","status-publish","format-standard","has-post-thumbnail","hentry","category-municipio","tag-barrios","tag-municipio-2","tag-obras-avenida-2","tag-pavimentacion","generate-columns","tablet-grid-50","mobile-grid-100","grid-parent","grid-50"],"jetpack_publicize_connections":[],"jetpack_featured_media_url":"https:\/\/www.hoymercedes.com.ar\/principal\/wp-content\/uploads\/2020\/01\/15-Ust-arrieta.jpg","wps_subtitle":"D\u00edas atr\u00e1s","jetpack_sharing_enabled":true,"_links":{"self":[{"href":"https:\/\/www.hoymercedes.com.ar\/principal\/wp-json\/wp\/v2\/posts\/105127","targetHints":{"allow":["GET"]}}],"collection":[{"href":"https:\/\/www.hoymercedes.com.ar\/principal\/wp-json\/wp\/v2\/posts"}],"about":[{"href":"https:\/\/www.hoymercedes.com.ar\/principal\/wp-json\/wp\/v2\/types\/post"}],"author":[{"embeddable":true,"href":"https:\/\/www.hoymercedes.com.ar\/principal\/wp-json\/wp\/v2\/users\/1"}],"replies":[{"embeddable":true,"href":"https:\/\/www.hoymercedes.com.ar\/principal\/wp-json\/wp\/v2\/comments?post=105127"}],"version-history":[{"count":0,"href":"https:\/\/www.hoymercedes.com.ar\/principal\/wp-json\/wp\/v2\/posts\/105127\/revisions"}],"wp:featuredmedia":[{"embeddable":true,"href":"https:\/\/www.hoymercedes.com.ar\/principal\/wp-json\/wp\/v2\/media\/105128"}],"wp:attachment":[{"href":"https:\/\/www.hoymercedes.com.ar\/principal\/wp-json\/wp\/v2\/media?parent=105127"}],"wp:term":[{"taxonomy":"category","embeddable":true,"href":"https:\/\/www.hoymercedes.com.ar\/principal\/wp-json\/wp\/v2\/categories?post=105127"},{"taxonomy":"post_tag","embeddable":true,"href":"https:\/\/www.hoymercedes.com.ar\/principal\/wp-json\/wp\/v2\/tags?post=105127"}],"curies":[{"name":"wp","href":"https:\/\/api.w.org\/{rel}","templated":true}]}}