{"id":105153,"date":"2020-01-16T10:26:00","date_gmt":"2020-01-16T13:26:00","guid":{"rendered":"http:\/\/www.hoymercedes.com.ar\/principal\/?p=105153"},"modified":"2020-01-16T21:42:59","modified_gmt":"2020-01-17T00:42:59","slug":"la-provincia-atendera-los-reclamos-de-detenidos-y-familiares-en-las-unidades-penitenciarias","status":"publish","type":"post","link":"https:\/\/www.hoymercedes.com.ar\/principal\/2020\/01\/16\/la-provincia-atendera-los-reclamos-de-detenidos-y-familiares-en-las-unidades-penitenciarias\/","title":{"rendered":"La Provincia atender\u00e1 los reclamos de detenidos y familiares en las Unidades Penitenciarias"},"content":{"rendered":"\n<p> El ministro de Justicia y Derechos Humanos, Julio Alak, anunci\u00f3 hoy la creaci\u00f3n de una mesa de di\u00e1logo que se reunir\u00e1 con internos y familiares a partir del mi\u00e9rcoles 5 de febrero, en los centros penitenciarios de la provincia de Buenos Aires, en el marco de la segunda reuni\u00f3n de la Mesa Interinstitucional que trata la crisis carcelaria.\u00a0\u00a0<\/p>\n\n\n\n<figure class=\"wp-block-image size-large\"><img loading=\"lazy\" decoding=\"async\" width=\"800\" height=\"537\" data-attachment-id=\"105154\" data-permalink=\"https:\/\/www.hoymercedes.com.ar\/principal\/2020\/01\/16\/la-provincia-atendera-los-reclamos-de-detenidos-y-familiares-en-las-unidades-penitenciarias\/16-provincia\/#main\" data-orig-file=\"https:\/\/www.hoymercedes.com.ar\/principal\/wp-content\/uploads\/2020\/01\/16-provincia.jpg\" data-orig-size=\"800,537\" data-comments-opened=\"0\" data-image-meta=\"{&quot;aperture&quot;:&quot;0&quot;,&quot;credit&quot;:&quot;&quot;,&quot;camera&quot;:&quot;&quot;,&quot;caption&quot;:&quot;&quot;,&quot;created_timestamp&quot;:&quot;0&quot;,&quot;copyright&quot;:&quot;&quot;,&quot;focal_length&quot;:&quot;0&quot;,&quot;iso&quot;:&quot;0&quot;,&quot;shutter_speed&quot;:&quot;0&quot;,&quot;title&quot;:&quot;&quot;,&quot;orientation&quot;:&quot;0&quot;}\" data-image-title=\"16 provincia\" data-image-description=\"\" data-image-caption=\"\" data-large-file=\"https:\/\/www.hoymercedes.com.ar\/principal\/wp-content\/uploads\/2020\/01\/16-provincia.jpg\" src=\"https:\/\/www.hoymercedes.com.ar\/principal\/wp-content\/uploads\/2020\/01\/16-provincia.jpg\" alt=\"\" class=\"wp-image-105154\"\/><\/figure>\n\n\n\n<p>El Ministro dijo que \u201cen 19 d\u00edas h\u00e1biles de gesti\u00f3n ya se logr\u00f3 normalizar la provisi\u00f3n de alimentos, de medicamentos y crear una mesa ejecutiva con la funci\u00f3n de aliviar la superpoblaci\u00f3n penitenciaria, que es la m\u00e1s alta en la historia de la Argentina\u201d, y destac\u00f3 que \u201cnunca hubo un servicio penitenciario en ninguna Provincia que tenga una superpoblaci\u00f3n del 110%\u201d.<\/p>\n\n\n\n<p>Asimismo, el jueves 6 de febrero se van a juntar los equipos t\u00e9cnicos que buscar\u00e1n generar un plan consensuado entre los tres poderes del Estado bonaerense, los organismos de Derechos Humanos, la Iglesia y representantes del Poder Judicial Federal.<\/p>\n\n\n\n<p>En este marco, Paula Litvachky, integrante del CELS, destac\u00f3 la convocatoria del ejecutivo provincial y expres\u00f3 que \u201clo importante son las medidas inmediatas que se van tomar para bajar el nivel de presi\u00f3n sobre el sistema de encierro y empezar a trabajar sobre la cantidad detenidos, que hay hoy en las comisar\u00edas de la Provincia\u00bb.<\/p>\n\n\n\n<p>La Mesa Interinstitucional de Di\u00e1logo fue creada mediante una resoluci\u00f3n firmada por el gobernador de la Provincia, Axel Kicillof, con el fin de comenzar a buscar soluciones para resolver la grave situaci\u00f3n que atraviesa el Servicio Penitenciario. Los encuentros se llevar\u00e1n de manera mensual, con una evaluaci\u00f3n trimestral.<\/p>\n\n\n\n<p>\u201cEstos problemas son muy complejos, donde est\u00e1 en juego la entidad humana de la Justicia. Estamos tratando con personas, que por la circunstancia de estar privados de libertad no deben perder su condici\u00f3n de tales, principalmente su condici\u00f3n de dignidad. Tenemos que acercar la c\u00e1rcel de la Constituci\u00f3n a la c\u00e1rcel de la realidad\u201d, se\u00f1al\u00f3 el vicepresidente de la C\u00e1mara Federal de Casaci\u00f3n Penal, Gustavo Hornos.<\/p>\n\n\n\n<p>Tambi\u00e9n participaron de la reuni\u00f3n los miembros de la Suprema Corte, Jos\u00e9 Villafa\u00f1e; el defensor del Tribunal de Casaci\u00f3n Penal de la Provincia de Buenos Aires, Mario Coriolano; la senadora, Agustina Propato; el subsecretario de Derechos Humanos, Mat\u00edas Moreno; el Capell\u00e1n del Servicio Penitenciario Bonaerense, Carlos Pont Gasques; los representantes de la Comisi\u00f3n Provincial por la Memoria, Rodrigo Pomares; el Procurador General, Julio Conte Grand; el Defensor del Pueblo, Guido Lorenzino; entre otros presentes. <\/p>\n\n\n\n<p>Fuente: Comunicaci\u00f3n P\u00fablica PBA<\/p>\n","protected":false},"excerpt":{"rendered":"<p>El ministro de Justicia y Derechos Humanos, Julio Alak, anunci\u00f3 hoy la creaci\u00f3n de una mesa de di\u00e1logo que se &#8230; <a title=\"La Provincia atender\u00e1 los reclamos de detenidos y familiares en las Unidades Penitenciarias\" class=\"read-more\" href=\"https:\/\/www.hoymercedes.com.ar\/principal\/2020\/01\/16\/la-provincia-atendera-los-reclamos-de-detenidos-y-familiares-en-las-unidades-penitenciarias\/\" aria-label=\"Leer m\u00e1s sobre La Provincia atender\u00e1 los reclamos de detenidos y familiares en las Unidades Penitenciarias\">Leer m\u00e1s<\/a><\/p>\n","protected":false},"author":1,"featured_media":105154,"comment_status":"closed","ping_status":"open","sticky":false,"template":"","format":"standard","meta":{"_monsterinsights_skip_tracking":false,"_monsterinsights_sitenote_active":false,"_monsterinsights_sitenote_note":"","_monsterinsights_sitenote_category":0,"jetpack_post_was_ever_published":false,"_jetpack_newsletter_access":"","_jetpack_dont_email_post_to_subs":false,"_jetpack_newsletter_tier_id":0,"_jetpack_memberships_contains_paywalled_content":false,"_jetpack_memberships_contains_paid_content":false,"footnotes":"","jetpack_publicize_message":"","jetpack_publicize_feature_enabled":true,"jetpack_social_post_already_shared":true,"jetpack_social_options":{"image_generator_settings":{"template":"highway","default_image_id":0,"font":"","enabled":false},"version":2},"_wpas_customize_per_network":false},"categories":[8881],"tags":[1011,1803],"class_list":["post-105153","post","type-post","status-publish","format-standard","has-post-thumbnail","hentry","category-provincia","tag-carcel","tag-provincia","generate-columns","tablet-grid-50","mobile-grid-100","grid-parent","grid-50"],"jetpack_publicize_connections":[],"jetpack_featured_media_url":"https:\/\/www.hoymercedes.com.ar\/principal\/wp-content\/uploads\/2020\/01\/16-provincia.jpg","wps_subtitle":"Ante la superpoblaci\u00f3n carcelaria","jetpack_sharing_enabled":true,"_links":{"self":[{"href":"https:\/\/www.hoymercedes.com.ar\/principal\/wp-json\/wp\/v2\/posts\/105153","targetHints":{"allow":["GET"]}}],"collection":[{"href":"https:\/\/www.hoymercedes.com.ar\/principal\/wp-json\/wp\/v2\/posts"}],"about":[{"href":"https:\/\/www.hoymercedes.com.ar\/principal\/wp-json\/wp\/v2\/types\/post"}],"author":[{"embeddable":true,"href":"https:\/\/www.hoymercedes.com.ar\/principal\/wp-json\/wp\/v2\/users\/1"}],"replies":[{"embeddable":true,"href":"https:\/\/www.hoymercedes.com.ar\/principal\/wp-json\/wp\/v2\/comments?post=105153"}],"version-history":[{"count":0,"href":"https:\/\/www.hoymercedes.com.ar\/principal\/wp-json\/wp\/v2\/posts\/105153\/revisions"}],"wp:featuredmedia":[{"embeddable":true,"href":"https:\/\/www.hoymercedes.com.ar\/principal\/wp-json\/wp\/v2\/media\/105154"}],"wp:attachment":[{"href":"https:\/\/www.hoymercedes.com.ar\/principal\/wp-json\/wp\/v2\/media?parent=105153"}],"wp:term":[{"taxonomy":"category","embeddable":true,"href":"https:\/\/www.hoymercedes.com.ar\/principal\/wp-json\/wp\/v2\/categories?post=105153"},{"taxonomy":"post_tag","embeddable":true,"href":"https:\/\/www.hoymercedes.com.ar\/principal\/wp-json\/wp\/v2\/tags?post=105153"}],"curies":[{"name":"wp","href":"https:\/\/api.w.org\/{rel}","templated":true}]}}