{"id":10519,"date":"2012-01-23T03:18:54","date_gmt":"2012-01-23T03:18:54","guid":{"rendered":"http:\/\/www.hoymercedes.com.ar\/principal\/?p=10519"},"modified":"2012-01-23T03:18:54","modified_gmt":"2012-01-23T03:18:54","slug":"tomas-jofre-anuncian-inicio-de-obras-por-el-agua","status":"publish","type":"post","link":"https:\/\/www.hoymercedes.com.ar\/principal\/2012\/01\/23\/tomas-jofre-anuncian-inicio-de-obras-por-el-agua\/","title":{"rendered":"Tom\u00e1s Jofr\u00e9: anuncian inicio de obras por el agua"},"content":{"rendered":"<p><a href=\"https:\/\/www.hoymercedes.com.ar\/principal\/wp-content\/uploads\/2012\/01\/PlanoObrasTom\u00e1sJofre.jpg\"><img loading=\"lazy\" decoding=\"async\" data-attachment-id=\"10520\" data-permalink=\"https:\/\/www.hoymercedes.com.ar\/principal\/2012\/01\/23\/tomas-jofre-anuncian-inicio-de-obras-por-el-agua\/planoobrastomasjofre\/#main\" data-orig-file=\"https:\/\/www.hoymercedes.com.ar\/principal\/wp-content\/uploads\/2012\/01\/PlanoObrasTom\u00e1sJofre.jpg\" data-orig-size=\"612,295\" data-comments-opened=\"1\" data-image-meta=\"{&quot;aperture&quot;:&quot;0&quot;,&quot;credit&quot;:&quot;&quot;,&quot;camera&quot;:&quot;N\/A&quot;,&quot;caption&quot;:&quot;&quot;,&quot;created_timestamp&quot;:&quot;0&quot;,&quot;copyright&quot;:&quot;&quot;,&quot;focal_length&quot;:&quot;0&quot;,&quot;iso&quot;:&quot;316&quot;,&quot;shutter_speed&quot;:&quot;0.041666666666667&quot;,&quot;title&quot;:&quot;&quot;}\" data-image-title=\"PlanoObrasTom\u00e1sJofre\" data-image-description=\"\" data-image-caption=\"\" data-large-file=\"https:\/\/www.hoymercedes.com.ar\/principal\/wp-content\/uploads\/2012\/01\/PlanoObrasTom\u00e1sJofre.jpg\" class=\"aligncenter size-full wp-image-10520\" title=\"PlanoObrasTom\u00e1sJofre\" src=\"https:\/\/www.hoymercedes.com.ar\/principal\/wp-content\/uploads\/2012\/01\/PlanoObrasTom\u00e1sJofre.jpg\" alt=\"\" width=\"612\" height=\"295\" \/><\/a><\/p>\n<p>La Secretaria de Obras y Servicios P\u00fablicos, recibi\u00f3 en la semana a los inspectores del SPAR (Servicio Provincial de Agua Potable y Saneamiento Rural) y a la Empresa Contratista, a fin de efectuar los relevamientos \u00abin situ\u00bb en la localidad de Tomas Jofre, para dar comienzo en los pr\u00f3ximos d\u00edas a la Obra: Provisi\u00f3n de Agua Potable en Tomas Jofre, Partido de Mercedes.<\/p>\n<p>Esta obra fue solicitada en el a\u00f1o 2010 por el Intendente Carlos Selva en varias oportunidades ante el Ministerio de Infraestructura de la Provincia de Buenos Aires, obteniendo respuesta favorable, produci\u00e9ndose la Licitaci\u00f3n Publica N\u00ba 35\/2011 efectuada el 27 de Mayo del 2011 en el SPAR, obteniendo la mejor oferta econ\u00f3mica la Firma: BYMO SA de la Ciudad de la Plata , cotizando la obra en un total de $ 1.883.000.-<\/p>\n<p>La obra consiste en la instalaci\u00f3n de un tanque de reserva de 25000 Litros en un sector del predio que el municipio pusiera a disposici\u00f3n de la obra, lindante al SUM de Tomas Jofre en calles 809 esquina 804, la ejecuci\u00f3n de 2 pozos de extracci\u00f3n de agua de 15000 Litros por hora cada uno, 600 metros de ca\u00f1er\u00eda de impulsi\u00f3n, 400 metros de de conducci\u00f3n de 75mm de di\u00e1metro y 600 mts. de ca\u00f1er\u00eda de distribuci\u00f3n. El proyecto contempla la ejecuci\u00f3n de 100 conexiones domiciliarias.<\/p>\n<p>Adem\u00e1s, la obra contempla en el predio otorgado por el Municipio, una sala de 2 oficinas, ba\u00f1o y cocina para personal administrativo.<\/p>\n<p>Los inspectores manifestaron el inminente comienzo de la obra, pudi\u00e9ndose apreciar ya el arribo de ca\u00f1er\u00edas que est\u00e1n almacenadas en el lugar y pr\u00f3ximo arribo de maquinarias.<\/p>\n","protected":false},"excerpt":{"rendered":"<p>La Secretaria de Obras y Servicios P\u00fablicos, recibi\u00f3 en la semana a los inspectores del SPAR (Servicio Provincial de Agua &#8230; <a title=\"Tom\u00e1s Jofr\u00e9: anuncian inicio de obras por el agua\" class=\"read-more\" href=\"https:\/\/www.hoymercedes.com.ar\/principal\/2012\/01\/23\/tomas-jofre-anuncian-inicio-de-obras-por-el-agua\/\" aria-label=\"Leer m\u00e1s sobre Tom\u00e1s Jofr\u00e9: anuncian inicio de obras por el agua\">Leer m\u00e1s<\/a><\/p>\n","protected":false},"author":1,"featured_media":0,"comment_status":"open","ping_status":"open","sticky":false,"template":"","format":"standard","meta":{"_monsterinsights_skip_tracking":false,"_monsterinsights_sitenote_active":false,"_monsterinsights_sitenote_note":"","_monsterinsights_sitenote_category":0,"jetpack_post_was_ever_published":false,"_jetpack_newsletter_access":"","_jetpack_dont_email_post_to_subs":false,"_jetpack_newsletter_tier_id":0,"_jetpack_memberships_contains_paywalled_content":false,"_jetpack_memberships_contains_paid_content":false,"footnotes":"","jetpack_publicize_message":"","jetpack_publicize_feature_enabled":true,"jetpack_social_post_already_shared":false,"jetpack_social_options":{"image_generator_settings":{"template":"highway","default_image_id":0,"font":"","enabled":false},"version":2},"_wpas_customize_per_network":false},"categories":[8],"tags":[594],"class_list":["post-10519","post","type-post","status-publish","format-standard","hentry","category-sociedad","tag-tomas-jofre","generate-columns","tablet-grid-50","mobile-grid-100","grid-parent","grid-50"],"jetpack_publicize_connections":[],"jetpack_featured_media_url":"","wps_subtitle":"","jetpack_sharing_enabled":true,"_links":{"self":[{"href":"https:\/\/www.hoymercedes.com.ar\/principal\/wp-json\/wp\/v2\/posts\/10519","targetHints":{"allow":["GET"]}}],"collection":[{"href":"https:\/\/www.hoymercedes.com.ar\/principal\/wp-json\/wp\/v2\/posts"}],"about":[{"href":"https:\/\/www.hoymercedes.com.ar\/principal\/wp-json\/wp\/v2\/types\/post"}],"author":[{"embeddable":true,"href":"https:\/\/www.hoymercedes.com.ar\/principal\/wp-json\/wp\/v2\/users\/1"}],"replies":[{"embeddable":true,"href":"https:\/\/www.hoymercedes.com.ar\/principal\/wp-json\/wp\/v2\/comments?post=10519"}],"version-history":[{"count":0,"href":"https:\/\/www.hoymercedes.com.ar\/principal\/wp-json\/wp\/v2\/posts\/10519\/revisions"}],"wp:attachment":[{"href":"https:\/\/www.hoymercedes.com.ar\/principal\/wp-json\/wp\/v2\/media?parent=10519"}],"wp:term":[{"taxonomy":"category","embeddable":true,"href":"https:\/\/www.hoymercedes.com.ar\/principal\/wp-json\/wp\/v2\/categories?post=10519"},{"taxonomy":"post_tag","embeddable":true,"href":"https:\/\/www.hoymercedes.com.ar\/principal\/wp-json\/wp\/v2\/tags?post=10519"}],"curies":[{"name":"wp","href":"https:\/\/api.w.org\/{rel}","templated":true}]}}