{"id":105256,"date":"2020-01-18T07:59:00","date_gmt":"2020-01-18T10:59:00","guid":{"rendered":"http:\/\/www.hoymercedes.com.ar\/principal\/?p=105256"},"modified":"2020-01-17T17:15:47","modified_gmt":"2020-01-17T20:15:47","slug":"esclarecen-ilicitos-con-la-aprehension-de-tres-miembros-de-una-banda","status":"publish","type":"post","link":"https:\/\/www.hoymercedes.com.ar\/principal\/2020\/01\/18\/esclarecen-ilicitos-con-la-aprehension-de-tres-miembros-de-una-banda\/","title":{"rendered":"Esclarecen il\u00edcitos con la aprehensi\u00f3n de tres miembros de una banda"},"content":{"rendered":"\n<p>El pasado martes se procedi\u00f3 a la aprehensi\u00f3n de dos sujetos que se movilizaban en un autom\u00f3vil que estaba siendo investigado tras ser detectado en el marco de la comisi\u00f3n de una serie de il\u00edcitos en la localidad. Tras ello se realizaron cuatro allanamientos mediante facultades que le son propias a la fiscal a cargo de la Unidad Funcional de Instrucci\u00f3n N\u00ba 9 Descentralizada Luj\u00e1n del Departamento Judicial Mercedes \u2013 Dra. Laura Cordiviola \u2013 en el marco de los que se produjo la aprehensi\u00f3n de un tercer miembro de esta asociaci\u00f3n criminal.<\/p>\n\n\n\n<p>Una vez recabados diversos\nelementos que fueron secuestrados en poder de los imputados as\u00ed como de los\ndomicilios allanados &#8211; en las localidades de Derqui, Luj\u00e1n y La Tablada &#8211; los\nmismos fueron analizados en el marco de la investigaci\u00f3n que desde el mes de\noctubre \u00faltimo el Cuerpo de Instructores Judiciales de\nla Fiscal\u00eda General de Mercedes con asiento en Luj\u00e1n llevaba a cabo con una\ndestacada colaboraci\u00f3n de la DDI Luj\u00e1n. La misma consisti\u00f3 en extensas jornadas\nde escuchas telef\u00f3nicas y tareas de vigilancia a cargo de los efectivos\npoliciales, reuniendo elementos de inter\u00e9s para poder desbaratar esta banda.<\/p>\n\n\n\n<p>Del an\u00e1lisis\nsurgi\u00f3 que estas tres personas no ser\u00edan ajenas al robo cometido el 24 de\noctubre de 2019, en un estudio jur\u00eddico sito en calle Lamadrid de la ciudad de\nLuj\u00e1n. En el mismo, los tres imputados simulando ser clientes potenciales del\nestudio, ingresaron al mismo y una vez dentro de la propiedad hicieron visible\nla portaci\u00f3n de armas de fuego y equipos de comunicaci\u00f3n manifestando sus\nverdaderas intenciones de perpetrar un il\u00edcito en perjuicio del letrado y su\ngrupo familiar. El damnificado fue lesionado y reducido por estos, quienes\nposteriormente se llevaron una importante suma de dinero y elementos de valor,\ny se dieron a la fuga.<\/p>\n\n\n\n<p>En el marco de\nla requisa realizada por personal de la Comisar\u00eda Primera que intercept\u00f3 el\nautom\u00f3vil el d\u00eda martes, se encontraron tel\u00e9fonos celulares que resultaron ser\npropiedad del letrado asaltado, as\u00ed como elementos compatibles con los\nutilizados el d\u00eda del hecho como handyes y precintos.<\/p>\n\n\n\n<p>Por otro lado,\nlos imputados el d\u00eda 6 de noviembre de 2019 siendo aproximadamente las las\n10:30 hs. junto a al menos un tercer sujeto \u2013 a\u00fan no identificado &#8211; se\npresentaron en un domicilio de calle Patricios de Luj\u00e1n donde se presentaron\nante la propietaria simulando ser empleados de la empresa prestataria de gas\nnatural. Logrando mediante este enga\u00f1o ingresar al domicilio de la v\u00edctima de\ninmediato pusieron en evidencia sus intenciones, mediante el uso de la fuerza\nredujeron a la se\u00f1ora, le precintaron de pies y mano tras lo cual comenzaron a\nrevolver y revisar todo el domicilio apoder\u00e1ndose ileg\u00edtimamente de alhajas,\nelementos varios de valor y una cuchilla.<\/p>\n\n\n\n<p>Ya el 12 de\nnoviembre de 2019 volvieron a utilizar la misma artima\u00f1a se presentaron en el\ndomicilio sito en calle Santa Clara. All\u00ed fueron recibidos por los\npropietarios, accediendo al patio delantero de la vivienda, para luego las\nv\u00edctimas comenzar un forcejeo con los sujetos, quien intentaron ingresar a la\nvivienda por la fuerza. Al no lograr su cometido los golpearon y se dieron a la\nfuga previo efectuar un disparo de arma de fuego, el cual impact\u00f3 en el piso.<\/p>\n\n\n\n<p>Finalmente, se\nlogr\u00f3 acreditar que los mismo imputados el 24 de agosto de 2019 en horas de la\nmadrugada, ingresaron, previo forzar la ventana de una habitaci\u00f3n, al domicilio\nsito en cale Lamadrid de la localidad de Luj\u00e1n. Una vez dentro de la vivienda,\nse apoderaron de varias pertenencias entre ellas un tel\u00e9fono celular el cual\nfue secuestrado al momento de ser aprehendidos y por lo que se pudo acreditar\nen principio su participaci\u00f3n; como as\u00ed tambi\u00e9n dinero en efectivo en moneda\nnacional y extranjera.<\/p>\n\n\n\n<p>Para la fiscal\u00eda\nqued\u00f3 acreditado que los&nbsp; imputados son\nparte de una organizaci\u00f3n criminal dedicada a la comisi\u00f3n de il\u00edcitos de bajo\ndiversas modalidades, con un reparto de tareas y funciones determinado. Es as\u00ed\ncomo se entiende que los dos hombres actuar\u00edan como \u201ccabecillas y\/o\norganizadores\u201d mientras la mujer aprehendida ser\u00eda una pieza \u201cfundamental\u201d de\nla empresa criminal, ya que mediante su cooperaci\u00f3n aportaba informaci\u00f3n y\nlog\u00edstica imprescindible para la perpetraci\u00f3n de los il\u00edcitos.<\/p>\n\n\n\n<p>Los imputados &#8211;\nun hombre de 40 a\u00f1os oriundo de Derqui, otro de 28 a\u00f1os oriundo de La Tablada y\nuna mujer de 46 a\u00f1os con domicilio en barrio Sarmiento de Luj\u00e1n &#8211;&nbsp; comparecieron ante la agente fiscal en el marco\nde la audiencia de declaraci\u00f3n en los t\u00e9rminos del art. 308 del C\u00f3digo Procesal\nPenal en la jornada de este jueves. <\/p>\n\n\n\n<p>A los dos\nsujetos se les imputa \u201cRobo agravado por el uso impropio de un arma de fuego y\npor su comisi\u00f3n en lugar poblado y en banda\u201d; \u201cRobo agravado por su comisi\u00f3n en\npoblado y en banda\u201d, \u201cRobo agravado por el uso de arma de fuego apta para el\ndisparo y su comisi\u00f3n en poblado y en banda en grado de tentativa\u201d, \u201cRobo\nagravado por su comisi\u00f3n con efracci\u00f3n\u201d, \u201cPortaci\u00f3n de arma de fuego de uso\ncivil, sin la debida autorizaci\u00f3n legal y portaci\u00f3n de arma de fuego de guerra\nsin la debida autorizaci\u00f3n legal\u201d y \u201cAsociaci\u00f3n il\u00edcita agravada por ser los\njefes y encargados de la organizaci\u00f3n\u201d.<\/p>\n\n\n\n<p>En tanto, la mujer qued\u00f3 imputada por \u201cRobo agravado por el uso impropio de un arma de fuego y su comisi\u00f3n en lugar poblado y en banda\u201d y \u201cAsociaci\u00f3n il\u00edcita\u201d, en calidad de coautora y \u201cRobo agravado agravado por su comisi\u00f3n en lugar poblado y en banda\u201d, \u201cRobo agravado por el uso de arma de fuego apta para el disparo en grado de tentativa\u201d y \u201cRobo agravado por su comisi\u00f3n con efracci\u00f3n\u201d en calidad de participe necesario. La investigaci\u00f3n contin\u00faa su curso, y se dio intervenci\u00f3n al Juzgado de Garant\u00edas N\u00b0 2 \u2013 a cargo del Dr. Facundo Oliva \u2013 a fin de avalar lo actuado y solicitar pr\u00f3ximas medidas de importancia para la resoluci\u00f3n del caso. No se descarta la participaci\u00f3n de esta banda en m\u00e1s hechos perpetrados en la localidad de Luj\u00e1n. <\/p>\n\n\n\n<p>Fuente: Ministerio P\u00fablico Fiscal &#8211; Depto. Judicial Mercedes<\/p>\n","protected":false},"excerpt":{"rendered":"<p>El pasado martes se procedi\u00f3 a la aprehensi\u00f3n de dos sujetos que se movilizaban en un autom\u00f3vil que estaba siendo &#8230; <a title=\"Esclarecen il\u00edcitos con la aprehensi\u00f3n de tres miembros de una banda\" class=\"read-more\" href=\"https:\/\/www.hoymercedes.com.ar\/principal\/2020\/01\/18\/esclarecen-ilicitos-con-la-aprehension-de-tres-miembros-de-una-banda\/\" aria-label=\"Leer m\u00e1s sobre Esclarecen il\u00edcitos con la aprehensi\u00f3n de tres miembros de una banda\">Leer m\u00e1s<\/a><\/p>\n","protected":false},"author":1,"featured_media":103175,"comment_status":"closed","ping_status":"open","sticky":false,"template":"","format":"standard","meta":{"_monsterinsights_skip_tracking":false,"_monsterinsights_sitenote_active":false,"_monsterinsights_sitenote_note":"","_monsterinsights_sitenote_category":0,"jetpack_post_was_ever_published":false,"_jetpack_newsletter_access":"","_jetpack_dont_email_post_to_subs":false,"_jetpack_newsletter_tier_id":0,"_jetpack_memberships_contains_paywalled_content":false,"_jetpack_memberships_contains_paid_content":false,"footnotes":"","jetpack_publicize_message":"","jetpack_publicize_feature_enabled":true,"jetpack_social_post_already_shared":true,"jetpack_social_options":{"image_generator_settings":{"template":"highway","default_image_id":0,"font":"","enabled":false},"version":2},"_wpas_customize_per_network":false},"categories":[85],"tags":[86,96,1057],"class_list":["post-105256","post","type-post","status-publish","format-standard","has-post-thumbnail","hentry","category-policial","tag-lujan","tag-policial-2","tag-regional","generate-columns","tablet-grid-50","mobile-grid-100","grid-parent","grid-50"],"jetpack_publicize_connections":[],"jetpack_featured_media_url":"https:\/\/www.hoymercedes.com.ar\/principal\/wp-content\/uploads\/2019\/11\/29-policial-lujan.jpg","wps_subtitle":"Regional Luj\u00e1n","jetpack_sharing_enabled":true,"_links":{"self":[{"href":"https:\/\/www.hoymercedes.com.ar\/principal\/wp-json\/wp\/v2\/posts\/105256","targetHints":{"allow":["GET"]}}],"collection":[{"href":"https:\/\/www.hoymercedes.com.ar\/principal\/wp-json\/wp\/v2\/posts"}],"about":[{"href":"https:\/\/www.hoymercedes.com.ar\/principal\/wp-json\/wp\/v2\/types\/post"}],"author":[{"embeddable":true,"href":"https:\/\/www.hoymercedes.com.ar\/principal\/wp-json\/wp\/v2\/users\/1"}],"replies":[{"embeddable":true,"href":"https:\/\/www.hoymercedes.com.ar\/principal\/wp-json\/wp\/v2\/comments?post=105256"}],"version-history":[{"count":0,"href":"https:\/\/www.hoymercedes.com.ar\/principal\/wp-json\/wp\/v2\/posts\/105256\/revisions"}],"wp:featuredmedia":[{"embeddable":true,"href":"https:\/\/www.hoymercedes.com.ar\/principal\/wp-json\/wp\/v2\/media\/103175"}],"wp:attachment":[{"href":"https:\/\/www.hoymercedes.com.ar\/principal\/wp-json\/wp\/v2\/media?parent=105256"}],"wp:term":[{"taxonomy":"category","embeddable":true,"href":"https:\/\/www.hoymercedes.com.ar\/principal\/wp-json\/wp\/v2\/categories?post=105256"},{"taxonomy":"post_tag","embeddable":true,"href":"https:\/\/www.hoymercedes.com.ar\/principal\/wp-json\/wp\/v2\/tags?post=105256"}],"curies":[{"name":"wp","href":"https:\/\/api.w.org\/{rel}","templated":true}]}}