{"id":10527,"date":"2012-01-23T10:45:59","date_gmt":"2012-01-23T10:45:59","guid":{"rendered":"http:\/\/www.hoymercedes.com.ar\/principal\/?p=10527"},"modified":"2012-01-23T10:45:59","modified_gmt":"2012-01-23T10:45:59","slug":"mercedes-no-pudo-contra-fronton-por-el-torneo-del-interior","status":"publish","type":"post","link":"https:\/\/www.hoymercedes.com.ar\/principal\/2012\/01\/23\/mercedes-no-pudo-contra-fronton-por-el-torneo-del-interior\/","title":{"rendered":"Mercedes no pudo contra Front\u00f3n por el torneo del interior"},"content":{"rendered":"<p>Club Mercedes no logr\u00f3 empezar como lo deseaba dado que en el estadio de la Liga Mercedino cay\u00f3 ante el equipo de la vecina ciudad de San Andr\u00e9s de Giles: Front\u00f3n.<\/p>\n<p>Fue de penal y a los 46 minutos del primer tiempo cuando Hern\u00e1ndez logra la m\u00ednima ventaja con la que termin\u00f3 el partido llev\u00e1ndose de visitantes una victoria importante.<\/p>\n<p>Los visitantes hicieron un buen partido reflej\u00e1ndose en el resultado final del encuentro.<\/p>\n<p>La defensa de El Front\u00f3n se hizo fuerte no logrando los locales quebrantarla para poder arribar al empate durante todo el segundo tiempo.<\/p>\n<p>El pr\u00f3ximo fin de semana Mercedes se encontrar\u00e1 con Juventud de la ciudad de Suipacha.<\/p>\n<p>Las formaciones fueron las siguientes:<\/p>\n<p><strong>Mercedes:<\/strong><\/p>\n<p>Herrera, Stopiello, Azurmendi, Quiroga, Fiorelli, Pertossi, Gorosito, Malano, Viletta, Silea y Godoy.<\/p>\n<p><strong>El Fronton:<\/strong><\/p>\n<p>Buzzi, Hazzi, Busca, Dom\u00e9, Grosso, Paganini, Morada, Zapata, Hern\u00e1ndez, Soria y Quiroga.<\/p>\n<p>&nbsp;<\/p>\n","protected":false},"excerpt":{"rendered":"<p>Club Mercedes no logr\u00f3 empezar como lo deseaba dado que en el estadio de la Liga Mercedino cay\u00f3 ante el &#8230; <a title=\"Mercedes no pudo contra Front\u00f3n por el torneo del interior\" class=\"read-more\" href=\"https:\/\/www.hoymercedes.com.ar\/principal\/2012\/01\/23\/mercedes-no-pudo-contra-fronton-por-el-torneo-del-interior\/\" aria-label=\"Leer m\u00e1s sobre Mercedes no pudo contra Front\u00f3n por el torneo del interior\">Leer m\u00e1s<\/a><\/p>\n","protected":false},"author":1,"featured_media":0,"comment_status":"open","ping_status":"open","sticky":false,"template":"","format":"standard","meta":{"_monsterinsights_skip_tracking":false,"_monsterinsights_sitenote_active":false,"_monsterinsights_sitenote_note":"","_monsterinsights_sitenote_category":0,"jetpack_post_was_ever_published":false,"_jetpack_newsletter_access":"","_jetpack_dont_email_post_to_subs":false,"_jetpack_newsletter_tier_id":0,"_jetpack_memberships_contains_paywalled_content":false,"_jetpack_memberships_contains_paid_content":false,"footnotes":"","jetpack_publicize_message":"","jetpack_publicize_feature_enabled":true,"jetpack_social_post_already_shared":false,"jetpack_social_options":{"image_generator_settings":{"template":"highway","default_image_id":0,"font":"","enabled":false},"version":2},"_wpas_customize_per_network":false},"categories":[21],"tags":[122,1812],"class_list":["post-10527","post","type-post","status-publish","format-standard","hentry","category-deportes","tag-club-mercedes","tag-el-fronton","generate-columns","tablet-grid-50","mobile-grid-100","grid-parent","grid-50"],"jetpack_publicize_connections":[],"jetpack_featured_media_url":"","wps_subtitle":"","jetpack_sharing_enabled":true,"_links":{"self":[{"href":"https:\/\/www.hoymercedes.com.ar\/principal\/wp-json\/wp\/v2\/posts\/10527","targetHints":{"allow":["GET"]}}],"collection":[{"href":"https:\/\/www.hoymercedes.com.ar\/principal\/wp-json\/wp\/v2\/posts"}],"about":[{"href":"https:\/\/www.hoymercedes.com.ar\/principal\/wp-json\/wp\/v2\/types\/post"}],"author":[{"embeddable":true,"href":"https:\/\/www.hoymercedes.com.ar\/principal\/wp-json\/wp\/v2\/users\/1"}],"replies":[{"embeddable":true,"href":"https:\/\/www.hoymercedes.com.ar\/principal\/wp-json\/wp\/v2\/comments?post=10527"}],"version-history":[{"count":0,"href":"https:\/\/www.hoymercedes.com.ar\/principal\/wp-json\/wp\/v2\/posts\/10527\/revisions"}],"wp:attachment":[{"href":"https:\/\/www.hoymercedes.com.ar\/principal\/wp-json\/wp\/v2\/media?parent=10527"}],"wp:term":[{"taxonomy":"category","embeddable":true,"href":"https:\/\/www.hoymercedes.com.ar\/principal\/wp-json\/wp\/v2\/categories?post=10527"},{"taxonomy":"post_tag","embeddable":true,"href":"https:\/\/www.hoymercedes.com.ar\/principal\/wp-json\/wp\/v2\/tags?post=10527"}],"curies":[{"name":"wp","href":"https:\/\/api.w.org\/{rel}","templated":true}]}}