{"id":105275,"date":"2020-01-17T20:09:44","date_gmt":"2020-01-17T23:09:44","guid":{"rendered":"http:\/\/www.hoymercedes.com.ar\/principal\/?p=105275"},"modified":"2020-01-17T20:15:41","modified_gmt":"2020-01-17T23:15:41","slug":"cabandie-y-opds-visitaron-caidim-junto-a-ustarroz","status":"publish","type":"post","link":"https:\/\/www.hoymercedes.com.ar\/principal\/2020\/01\/17\/cabandie-y-opds-visitaron-caidim-junto-a-ustarroz\/","title":{"rendered":"Ambiente: Cabandi\u00e9 y el OPDS visitaron CAIDIM junto a Ustarroz"},"content":{"rendered":"\n<hr class=\"wp-block-separator\"\/>\n\n\n\n<p>Durante la tarde de este viernes, el Ministro de Ambiente y Desarrollo Sostenible de la Naci\u00f3n, Juan Cabandi\u00e9, junto al Intendente de Mercedes, Juan Ustarroz, y el director ejecutivo del Organismo Provincial para el Desarrollo Sostenible (OPDS), Juan Brardinelli, recorrieron CAIDIM y la planta de recolecci\u00f3n y disposici\u00f3n final de residuos en la prolongaci\u00f3n de la Avenida 29 en el barrio La Florida.<\/p>\n\n\n\n<figure class=\"wp-block-image size-large\"><img loading=\"lazy\" decoding=\"async\" width=\"800\" height=\"533\" data-attachment-id=\"105280\" data-permalink=\"https:\/\/www.hoymercedes.com.ar\/principal\/2020\/01\/17\/cabandie-y-opds-visitaron-caidim-junto-a-ustarroz\/17-ambiente-2\/#main\" data-orig-file=\"https:\/\/www.hoymercedes.com.ar\/principal\/wp-content\/uploads\/2020\/01\/17-ambiente-2.jpg\" data-orig-size=\"800,533\" data-comments-opened=\"0\" data-image-meta=\"{&quot;aperture&quot;:&quot;0&quot;,&quot;credit&quot;:&quot;&quot;,&quot;camera&quot;:&quot;&quot;,&quot;caption&quot;:&quot;&quot;,&quot;created_timestamp&quot;:&quot;0&quot;,&quot;copyright&quot;:&quot;&quot;,&quot;focal_length&quot;:&quot;0&quot;,&quot;iso&quot;:&quot;0&quot;,&quot;shutter_speed&quot;:&quot;0&quot;,&quot;title&quot;:&quot;&quot;,&quot;orientation&quot;:&quot;0&quot;}\" data-image-title=\"17 ambiente 2\" data-image-description=\"\" data-image-caption=\"\" data-large-file=\"https:\/\/www.hoymercedes.com.ar\/principal\/wp-content\/uploads\/2020\/01\/17-ambiente-2.jpg\" src=\"https:\/\/www.hoymercedes.com.ar\/principal\/wp-content\/uploads\/2020\/01\/17-ambiente-2.jpg\" alt=\"\" class=\"wp-image-105280\"\/><\/figure>\n\n\n\n<p>Acompa\u00f1ados por la comitiva nacional, provincial y los funcionarios locales, entre ellos, el presidente del HCD Mat\u00edas Dematei; la Secretaria de Gobierno Clara Zunino,  el responsable del \u00e1rea de ambiente Juan Cruz Mend\u00eda; Luis Ponce y Daniel Apestegu\u00eda del \u00e1rea de servicios p\u00fablicos.<\/p>\n\n\n\n<p>El primer punto de la recorrida fue CAIDIM, en donde los funcionarios de Naci\u00f3n y Provincia tuvieron la oportunidad de la labor que realiza el taller protegido en materia de reciclaje de papel, pl\u00e1stico, vidrio y cart\u00f3n. Incluso Mar\u00eda Silva y el equipo de trabajo de CAIDIM presentaron un informe de los kilos de residuos reciclados durante el a\u00f1o pasado, volumen que super\u00f3 los 170 mil kilos.  <\/p>\n\n\n\n<figure class=\"wp-block-image size-large\"><img loading=\"lazy\" decoding=\"async\" width=\"800\" height=\"534\" data-attachment-id=\"105282\" data-permalink=\"https:\/\/www.hoymercedes.com.ar\/principal\/2020\/01\/17\/cabandie-y-opds-visitaron-caidim-junto-a-ustarroz\/17-ambiente-3\/#main\" data-orig-file=\"https:\/\/www.hoymercedes.com.ar\/principal\/wp-content\/uploads\/2020\/01\/17-ambiente-3.jpg\" data-orig-size=\"800,534\" data-comments-opened=\"0\" data-image-meta=\"{&quot;aperture&quot;:&quot;0&quot;,&quot;credit&quot;:&quot;&quot;,&quot;camera&quot;:&quot;&quot;,&quot;caption&quot;:&quot;&quot;,&quot;created_timestamp&quot;:&quot;0&quot;,&quot;copyright&quot;:&quot;&quot;,&quot;focal_length&quot;:&quot;0&quot;,&quot;iso&quot;:&quot;0&quot;,&quot;shutter_speed&quot;:&quot;0&quot;,&quot;title&quot;:&quot;&quot;,&quot;orientation&quot;:&quot;0&quot;}\" data-image-title=\"17-ambiente-3\" data-image-description=\"\" data-image-caption=\"\" data-large-file=\"https:\/\/www.hoymercedes.com.ar\/principal\/wp-content\/uploads\/2020\/01\/17-ambiente-3.jpg\" src=\"https:\/\/www.hoymercedes.com.ar\/principal\/wp-content\/uploads\/2020\/01\/17-ambiente-3.jpg\" alt=\"\" class=\"wp-image-105282\"\/><\/figure>\n\n\n\n<p>Luego, los funcionarios visitaron \u00abel basural de La Florida\u00bb, en la prolongaci\u00f3n de Avenida 29 . Lugar que debi\u00f3 ser saneado y donde hace varios a\u00f1os instalaron una planta para tratar, reciclar, separar y disponer los residuos s\u00f3lidos urbanos. <\/p>\n\n\n\n<p>Por parte del Ministerio de Ambiente, tambi\u00e9n participaron la secretaria de Pol\u00edtica Ambiental en Recursos Naturales, Alejandra Moreyra; el secretario de Control y Monitoreo Ambiental, Sergio Gustavo Federovisky; la subsecretaria Interjurisdiccional e Interinstitucional, Florencia G\u00f3mez y la asesora Silvia R\u00e9vora. Tambi\u00e9n lo hizo el jefe de Gabinete de OPDS, Mauro Miletti.<\/p>\n\n\n\n<figure class=\"wp-block-video aligncenter\"><video height=\"352\" style=\"aspect-ratio: 640 \/ 352;\" width=\"640\" controls src=\"https:\/\/www.hoymercedes.com.ar\/principal\/wp-content\/uploads\/2020\/01\/VID-20200117-WA0021.mp4\"><\/video><\/figure>\n","protected":false},"excerpt":{"rendered":"<p>Durante la tarde de este viernes, el Ministro de Ambiente y Desarrollo Sostenible de la Naci\u00f3n, Juan Cabandi\u00e9, junto al &#8230; <a title=\"Ambiente: Cabandi\u00e9 y el OPDS visitaron CAIDIM junto a Ustarroz\" class=\"read-more\" href=\"https:\/\/www.hoymercedes.com.ar\/principal\/2020\/01\/17\/cabandie-y-opds-visitaron-caidim-junto-a-ustarroz\/\" aria-label=\"Leer m\u00e1s sobre Ambiente: Cabandi\u00e9 y el OPDS visitaron CAIDIM junto a Ustarroz\">Leer m\u00e1s<\/a><\/p>\n","protected":false},"author":1,"featured_media":105279,"comment_status":"closed","ping_status":"open","sticky":false,"template":"","format":"standard","meta":{"_monsterinsights_skip_tracking":false,"_monsterinsights_sitenote_active":false,"_monsterinsights_sitenote_note":"","_monsterinsights_sitenote_category":0,"jetpack_post_was_ever_published":false,"_jetpack_newsletter_access":"","_jetpack_dont_email_post_to_subs":false,"_jetpack_newsletter_tier_id":0,"_jetpack_memberships_contains_paywalled_content":false,"_jetpack_memberships_contains_paid_content":false,"footnotes":"","jetpack_publicize_message":"","jetpack_publicize_feature_enabled":true,"jetpack_social_post_already_shared":true,"jetpack_social_options":{"image_generator_settings":{"template":"highway","default_image_id":0,"font":"","enabled":false},"version":2},"_wpas_customize_per_network":false},"categories":[30],"tags":[9001,2483,244],"class_list":["post-105275","post","type-post","status-publish","format-standard","has-post-thumbnail","hentry","category-municipio","tag-ambiente","tag-caidim","tag-municipio-2","generate-columns","tablet-grid-50","mobile-grid-100","grid-parent","grid-50"],"jetpack_publicize_connections":[],"jetpack_featured_media_url":"https:\/\/www.hoymercedes.com.ar\/principal\/wp-content\/uploads\/2020\/01\/17-ambiente-1.jpg","wps_subtitle":"Durante la tarde del viernes","jetpack_sharing_enabled":true,"_links":{"self":[{"href":"https:\/\/www.hoymercedes.com.ar\/principal\/wp-json\/wp\/v2\/posts\/105275","targetHints":{"allow":["GET"]}}],"collection":[{"href":"https:\/\/www.hoymercedes.com.ar\/principal\/wp-json\/wp\/v2\/posts"}],"about":[{"href":"https:\/\/www.hoymercedes.com.ar\/principal\/wp-json\/wp\/v2\/types\/post"}],"author":[{"embeddable":true,"href":"https:\/\/www.hoymercedes.com.ar\/principal\/wp-json\/wp\/v2\/users\/1"}],"replies":[{"embeddable":true,"href":"https:\/\/www.hoymercedes.com.ar\/principal\/wp-json\/wp\/v2\/comments?post=105275"}],"version-history":[{"count":0,"href":"https:\/\/www.hoymercedes.com.ar\/principal\/wp-json\/wp\/v2\/posts\/105275\/revisions"}],"wp:featuredmedia":[{"embeddable":true,"href":"https:\/\/www.hoymercedes.com.ar\/principal\/wp-json\/wp\/v2\/media\/105279"}],"wp:attachment":[{"href":"https:\/\/www.hoymercedes.com.ar\/principal\/wp-json\/wp\/v2\/media?parent=105275"}],"wp:term":[{"taxonomy":"category","embeddable":true,"href":"https:\/\/www.hoymercedes.com.ar\/principal\/wp-json\/wp\/v2\/categories?post=105275"},{"taxonomy":"post_tag","embeddable":true,"href":"https:\/\/www.hoymercedes.com.ar\/principal\/wp-json\/wp\/v2\/tags?post=105275"}],"curies":[{"name":"wp","href":"https:\/\/api.w.org\/{rel}","templated":true}]}}