{"id":105290,"date":"2020-01-18T14:05:23","date_gmt":"2020-01-18T17:05:23","guid":{"rendered":"http:\/\/www.hoymercedes.com.ar\/principal\/?p=105290"},"modified":"2020-01-18T20:47:04","modified_gmt":"2020-01-18T23:47:04","slug":"el-ciclo-bares-y-pizzerias-es-instala-en-la-calle-20-entre-29-y-31","status":"publish","type":"post","link":"https:\/\/www.hoymercedes.com.ar\/principal\/2020\/01\/18\/el-ciclo-bares-y-pizzerias-es-instala-en-la-calle-20-entre-29-y-31\/","title":{"rendered":"El ciclo bares y pizzer\u00edas es instala en la calle 20, entre 29 y 31"},"content":{"rendered":"\n<p>Este domingo 19 de enero se realizar\u00e1 una nueva edici\u00f3n del ciclo \u201cBares y Pizzer\u00edas\u201d que impulsa el Municipio de Mercedes. En esta oportunidad, la cita ser\u00e1 a lo largo de toda la calle 20, entre 29 y 31, en donde se sumar\u00e1n la confiter\u00eda El Club, la pizzer\u00eda \u201cN\u00e1poles\u201d, el Cine Mercedes, la helader\u00eda Cremolatti y el Teatro Tal\u00eda. A partir de la hora 20.30, se podr\u00e1 disfrutar de show en vivo, baile, cine y una muestra de tatuajes mientras se disfruta de un momento de familia y gastronom\u00eda. <\/p>\n\n\n\n<p>\u00abEstas son actividades que fomentan el comercio local, con su excelente gastronom\u00eda y atenci\u00f3n y fundamentalmente promueven la reuni\u00f3n de amigos y familias. Desde el municipio continuamos apoyando a la cultura y al comercio, impulsando propuestas para todos los vecinos\u201d.<\/p>\n\n\n\n<p>Ra\u00fal Sanmart\u00edn due\u00f1o de la pizzer\u00eda \u201cN\u00e1poles\u201d cont\u00f3 un poco la disposici\u00f3n que tendr\u00e1n durante la noche del domingo \u201cse corta la calle 20 donde desplegaremos mesas, sillas y donde brindaremos el servicio de nuestros locales pero en la v\u00eda p\u00fablica\u201d y agreg\u00f3 \u201cel escenario se colocar\u00e1 en el medio de la cuadra (de espaldas&nbsp; Casa Anus) para que los vecinos, elijan el lugar que elijan para ser atendidos, puedan disfrutar de los diferentes shows de la noche\u201d. &nbsp;<\/p>\n\n\n\n<p>Por su parte, Horacio Ant\u00f3n, propietario del \u201cEl Club Mercedes Restaurant\u201d expres\u00f3 \u201cvamos a tratar de manejar una carta m\u00e1s \u00e1gil, acorde a la situaci\u00f3n, brindando siempre un servicio muy bueno\u201d y agreg\u00f3 \u201csobre todo para que sea un servicio r\u00e1pido y no haya tanta espera\u201d. A su vez remarc\u00f3 \u201ccreemos que habr\u00e1 una gran afluencia de p\u00fablico en este evento que ya es reconocido y valorado en la ciudad\u201d e indic\u00f3 \u201cesperamos que sea una linda noche y desde ya invitamos a todos los vecinos a que vengan y disfruten de una linda jornada\u201d. \u00a0\u00a0<\/p>\n\n\n\n<p>La parte art\u00edstica estar\u00e1 cubierta con las coreograf\u00edas de MOVE y la m\u00fasica de Santiago Respuela en el escenario y una muestra de tattoos de Yowi Brown en el hall del Teatro Tal\u00eda. <\/p>\n","protected":false},"excerpt":{"rendered":"<p>Este domingo 19 de enero se realizar\u00e1 una nueva edici\u00f3n del ciclo \u201cBares y Pizzer\u00edas\u201d que impulsa el Municipio de &#8230; <a title=\"El ciclo bares y pizzer\u00edas es instala en la calle 20, entre 29 y 31\" class=\"read-more\" href=\"https:\/\/www.hoymercedes.com.ar\/principal\/2020\/01\/18\/el-ciclo-bares-y-pizzerias-es-instala-en-la-calle-20-entre-29-y-31\/\" aria-label=\"Leer m\u00e1s sobre El ciclo bares y pizzer\u00edas es instala en la calle 20, entre 29 y 31\">Leer m\u00e1s<\/a><\/p>\n","protected":false},"author":1,"featured_media":88041,"comment_status":"closed","ping_status":"open","sticky":false,"template":"","format":"standard","meta":{"_monsterinsights_skip_tracking":false,"_monsterinsights_sitenote_active":false,"_monsterinsights_sitenote_note":"","_monsterinsights_sitenote_category":0,"jetpack_post_was_ever_published":false,"_jetpack_newsletter_access":"","_jetpack_dont_email_post_to_subs":false,"_jetpack_newsletter_tier_id":0,"_jetpack_memberships_contains_paywalled_content":false,"_jetpack_memberships_contains_paid_content":false,"footnotes":"","jetpack_publicize_message":"","jetpack_publicize_feature_enabled":true,"jetpack_social_post_already_shared":true,"jetpack_social_options":{"image_generator_settings":{"template":"highway","default_image_id":0,"font":"","enabled":false},"version":2},"_wpas_customize_per_network":false},"categories":[30],"tags":[14379,244,14378],"class_list":["post-105290","post","type-post","status-publish","format-standard","has-post-thumbnail","hentry","category-municipio","tag-bares","tag-municipio-2","tag-pizzerias","generate-columns","tablet-grid-50","mobile-grid-100","grid-parent","grid-50"],"jetpack_publicize_connections":[],"jetpack_featured_media_url":"https:\/\/www.hoymercedes.com.ar\/principal\/wp-content\/uploads\/2019\/02\/12-barypizzeria-1.jpg","wps_subtitle":"El domingo en la noche","jetpack_sharing_enabled":true,"_links":{"self":[{"href":"https:\/\/www.hoymercedes.com.ar\/principal\/wp-json\/wp\/v2\/posts\/105290","targetHints":{"allow":["GET"]}}],"collection":[{"href":"https:\/\/www.hoymercedes.com.ar\/principal\/wp-json\/wp\/v2\/posts"}],"about":[{"href":"https:\/\/www.hoymercedes.com.ar\/principal\/wp-json\/wp\/v2\/types\/post"}],"author":[{"embeddable":true,"href":"https:\/\/www.hoymercedes.com.ar\/principal\/wp-json\/wp\/v2\/users\/1"}],"replies":[{"embeddable":true,"href":"https:\/\/www.hoymercedes.com.ar\/principal\/wp-json\/wp\/v2\/comments?post=105290"}],"version-history":[{"count":0,"href":"https:\/\/www.hoymercedes.com.ar\/principal\/wp-json\/wp\/v2\/posts\/105290\/revisions"}],"wp:featuredmedia":[{"embeddable":true,"href":"https:\/\/www.hoymercedes.com.ar\/principal\/wp-json\/wp\/v2\/media\/88041"}],"wp:attachment":[{"href":"https:\/\/www.hoymercedes.com.ar\/principal\/wp-json\/wp\/v2\/media?parent=105290"}],"wp:term":[{"taxonomy":"category","embeddable":true,"href":"https:\/\/www.hoymercedes.com.ar\/principal\/wp-json\/wp\/v2\/categories?post=105290"},{"taxonomy":"post_tag","embeddable":true,"href":"https:\/\/www.hoymercedes.com.ar\/principal\/wp-json\/wp\/v2\/tags?post=105290"}],"curies":[{"name":"wp","href":"https:\/\/api.w.org\/{rel}","templated":true}]}}