{"id":105306,"date":"2020-01-18T16:48:00","date_gmt":"2020-01-18T19:48:00","guid":{"rendered":"http:\/\/www.hoymercedes.com.ar\/principal\/?p=105306"},"modified":"2020-01-20T11:52:54","modified_gmt":"2020-01-20T14:52:54","slug":"clausuras-de-comercios-en-la-terminal-de-lujan","status":"publish","type":"post","link":"https:\/\/www.hoymercedes.com.ar\/principal\/2020\/01\/18\/clausuras-de-comercios-en-la-terminal-de-lujan\/","title":{"rendered":"Clausuras de comercios en la Terminal de Luj\u00e1n"},"content":{"rendered":"\n<p><em> El Municipio de Luj\u00e1n realiz\u00f3 un operativo en la Terminal de \u00d3mnibus donde se clausuraron cinco locales que \u00abno contaban con habilitaci\u00f3n\u00bb, informaron. Luego clausuraron el sal\u00f3n de eventos El Colonial Recepciones y tambi\u00e9n el estacionamiento ubicado en Padre Salvaire entre Las Heras y Mitre.<\/em> <\/p>\n\n\n\n<p>En la ma\u00f1ana del s\u00e1bado, la Municipalidad de Luj\u00e1n llev\u00f3 a cabo un operativo en la Terminal de \u00d3mnibus y la zona del Balneario Parque, donde clausur\u00f3 locales cuyas habilitaciones estaban vencidas, otros que ten\u00edan sus licencias ca\u00eddas y algunos que directamente \u201cno ten\u00edan ning\u00fan tipo de habilitaci\u00f3n\u201d, se\u00f1alaron fuentes consultadas del Ejecutivo.<\/p>\n\n\n\n<p>El procedimiento se llev\u00f3 a cabo junto con personal policial de las diversas dependencias del distrito. En ese marco, el primer destino fue la Terminal de \u00d3mnibus, donde el Ejecutivo se hizo presente con funcionarios, entre elllos, el secretario de Protecci\u00f3n Ciudadana, Mat\u00edas Lattaro.<\/p>\n\n\n\n<p>\u201cSe constataron licencias ca\u00eddas. Hay concesiones vencidas hace m\u00e1s de 10 a\u00f1os. Y la \u00faltima prorroga de clausura era de 2013 y hab\u00eda locales que no ten\u00edan ninguna habilitaci\u00f3n para funcionar\u201d, informaron ante la consulta de este medio.<\/p>\n\n\n\n<p>En la Terminal fueron clausurados el kiosco, el locutorio, la helader\u00eda, el bar y la agencia de quiniela.<\/p>\n\n\n\n<figure class=\"wp-block-image\"><img decoding=\"async\" src=\"https:\/\/www.lujanhoy.com.ar\/wp-content\/uploads\/2020\/01\/Clausura-El-Colonial-1024x576.jpg\" alt=\"\" class=\"wp-image-11314\"\/><\/figure>\n\n\n\n<p>Al respecto, las fuentes consultadas del Ejecutivo explicaron que \u201chab\u00eda locales que en los \u00faltimos cinco a\u00f1os pagaron cero pesos de canon y otros 1.100 pesos nada m\u00e1s. De los locales comerciales, la recaudaci\u00f3n es de 3.313 pesos por mes en concepto de explotaci\u00f3n de espacios que pertenecen al Municipio\u201d.<\/p>\n\n\n\n<p>Tras las clausuras, algunos propietarios manifestaron su malestar con la Municipalidad. \u201cEs un atropello. Nos dijeron que la orden viene de arriba pero no nos mostraron el acta todav\u00eda\u201d, apuntaron. Y se\u00f1alaron que \u201cvamos a iniciar demandas contra el Municipio, porque primero tendr\u00edan que haber intimado en todo caso, pero lo que hicieron fue venir a desalojar y no respetar nuestros derechos\u201d.<\/p>\n\n\n\n<p>Luego, el operativo se traslad\u00f3 al Balneario Parque. All\u00ed, clausuraron el sal\u00f3n de eventos El Colonial Recepciones. \u201cFunciona como sal\u00f3n de fiestas y restaurant. Directamente no ten\u00eda ning\u00fan tipo de habilitaci\u00f3n. Adem\u00e1s, la concesi\u00f3n fue vendida y eso est\u00e1 prohibido, no se puede hacer\u201d, indicaron.<\/p>\n\n\n\n<p>Adem\u00e1s, la Comuna clausur\u00f3 el estacionamiento ubicado a un costado de la calle Padre Salvaire, entre Las Heras e Ituzaing\u00f3 de la vecina localidad de Luj\u00e1n.<\/p>\n\n\n\n<p>Tras el procedimiento, el Municipio emiti\u00f3 un comunicado en el que informaron que \u201cel cuerpo de inspectores de la Direcci\u00f3n de Control, Fiscalizaci\u00f3n e Inspecci\u00f3n General, dependiente de la Secretar\u00eda de Protecci\u00f3n Ciudadana, constat\u00f3 que los locales comerciales funcionaban sin habilitaci\u00f3n, por lo que se procedi\u00f3 a su clausura preventiva\u201d.<\/p>\n\n\n\n<p>En esa l\u00ednea, se\u00f1alaron que \u201cesta es una situaci\u00f3n que se viene prolongando a lo largo de los a\u00f1os, con concesiones vencidas desde hace m\u00e1s de una d\u00e9cada\u201d. Adem\u00e1s, manifestaron que \u201cen todos los casos, se trata de propiedades pertenecientes al Municipio que durante a\u00f1os se encontraron con una explotaci\u00f3n comercial sin habilitaci\u00f3n y sin concesi\u00f3n vigente\u201d.<\/p>\n\n\n\n<p>Fuente: Lujan Hoy<\/p>\n","protected":false},"excerpt":{"rendered":"<p>El Municipio de Luj\u00e1n realiz\u00f3 un operativo en la Terminal de \u00d3mnibus donde se clausuraron cinco locales que \u00abno contaban &#8230; <a title=\"Clausuras de comercios en la Terminal de Luj\u00e1n\" class=\"read-more\" href=\"https:\/\/www.hoymercedes.com.ar\/principal\/2020\/01\/18\/clausuras-de-comercios-en-la-terminal-de-lujan\/\" aria-label=\"Leer m\u00e1s sobre Clausuras de comercios en la Terminal de Luj\u00e1n\">Leer m\u00e1s<\/a><\/p>\n","protected":false},"author":1,"featured_media":105307,"comment_status":"closed","ping_status":"open","sticky":false,"template":"","format":"standard","meta":{"_monsterinsights_skip_tracking":false,"_monsterinsights_sitenote_active":false,"_monsterinsights_sitenote_note":"","_monsterinsights_sitenote_category":0,"jetpack_post_was_ever_published":false,"_jetpack_newsletter_access":"","_jetpack_dont_email_post_to_subs":false,"_jetpack_newsletter_tier_id":0,"_jetpack_memberships_contains_paywalled_content":false,"_jetpack_memberships_contains_paid_content":false,"footnotes":"","jetpack_publicize_message":"","jetpack_publicize_feature_enabled":true,"jetpack_social_post_already_shared":true,"jetpack_social_options":{"image_generator_settings":{"template":"highway","default_image_id":0,"font":"","enabled":false},"version":2},"_wpas_customize_per_network":false},"categories":[201],"tags":[16149,86,1057],"class_list":["post-105306","post","type-post","status-publish","format-standard","has-post-thumbnail","hentry","category-lujan-2","tag-clausuras-de-comercios","tag-lujan","tag-regional","generate-columns","tablet-grid-50","mobile-grid-100","grid-parent","grid-50"],"jetpack_publicize_connections":[],"jetpack_featured_media_url":"https:\/\/www.hoymercedes.com.ar\/principal\/wp-content\/uploads\/2020\/01\/18-Clausuras-Terminal-Municipalidad.jpg","wps_subtitle":"Regional","jetpack_sharing_enabled":true,"_links":{"self":[{"href":"https:\/\/www.hoymercedes.com.ar\/principal\/wp-json\/wp\/v2\/posts\/105306","targetHints":{"allow":["GET"]}}],"collection":[{"href":"https:\/\/www.hoymercedes.com.ar\/principal\/wp-json\/wp\/v2\/posts"}],"about":[{"href":"https:\/\/www.hoymercedes.com.ar\/principal\/wp-json\/wp\/v2\/types\/post"}],"author":[{"embeddable":true,"href":"https:\/\/www.hoymercedes.com.ar\/principal\/wp-json\/wp\/v2\/users\/1"}],"replies":[{"embeddable":true,"href":"https:\/\/www.hoymercedes.com.ar\/principal\/wp-json\/wp\/v2\/comments?post=105306"}],"version-history":[{"count":0,"href":"https:\/\/www.hoymercedes.com.ar\/principal\/wp-json\/wp\/v2\/posts\/105306\/revisions"}],"wp:featuredmedia":[{"embeddable":true,"href":"https:\/\/www.hoymercedes.com.ar\/principal\/wp-json\/wp\/v2\/media\/105307"}],"wp:attachment":[{"href":"https:\/\/www.hoymercedes.com.ar\/principal\/wp-json\/wp\/v2\/media?parent=105306"}],"wp:term":[{"taxonomy":"category","embeddable":true,"href":"https:\/\/www.hoymercedes.com.ar\/principal\/wp-json\/wp\/v2\/categories?post=105306"},{"taxonomy":"post_tag","embeddable":true,"href":"https:\/\/www.hoymercedes.com.ar\/principal\/wp-json\/wp\/v2\/tags?post=105306"}],"curies":[{"name":"wp","href":"https:\/\/api.w.org\/{rel}","templated":true}]}}