{"id":105363,"date":"2020-01-20T20:01:53","date_gmt":"2020-01-20T23:01:53","guid":{"rendered":"http:\/\/www.hoymercedes.com.ar\/principal\/?p=105363"},"modified":"2020-01-20T20:19:03","modified_gmt":"2020-01-20T23:19:03","slug":"pabellon-de-marcos-paz-fue-goleado-en-el-debut-del-federacion-norte-ante-la-esperanza-de-campana","status":"publish","type":"post","link":"https:\/\/www.hoymercedes.com.ar\/principal\/2020\/01\/20\/pabellon-de-marcos-paz-fue-goleado-en-el-debut-del-federacion-norte-ante-la-esperanza-de-campana\/","title":{"rendered":"Pabell\u00f3n de Marcos Paz fue goleado en el debut del Federaci\u00f3n Norte ante La Esperanza de Campana"},"content":{"rendered":"\n<p>La Aut\u00e9ntica Defensa. Un debut inmejorable tuvo Defensores de La Esperanza en la Copa Federaci\u00f3n Norte 2020: por la primera fecha de la Zona E venci\u00f3 3-0 como local a Sociedad Atl\u00e9tica Pabell\u00f3n Argentino (SAPA) de Marcos de Paz en un partido disputado en cancha de Belgrano de Z\u00e1rate.<\/p>\n\n\n\n<div class=\"wp-block-image\"><figure class=\"aligncenter size-large\"><img loading=\"lazy\" decoding=\"async\" width=\"538\" height=\"344\" data-attachment-id=\"105376\" data-permalink=\"https:\/\/www.hoymercedes.com.ar\/principal\/2020\/01\/20\/pabellon-de-marcos-paz-fue-goleado-en-el-debut-del-federacion-norte-ante-la-esperanza-de-campana\/captura-de-pantalla-2020-01-20-19-39-15\/#main\" data-orig-file=\"https:\/\/www.hoymercedes.com.ar\/principal\/wp-content\/uploads\/2020\/01\/Captura-de-pantalla-2020-01-20-19.39.15.png\" data-orig-size=\"538,344\" data-comments-opened=\"0\" data-image-meta=\"{&quot;aperture&quot;:&quot;0&quot;,&quot;credit&quot;:&quot;&quot;,&quot;camera&quot;:&quot;&quot;,&quot;caption&quot;:&quot;&quot;,&quot;created_timestamp&quot;:&quot;0&quot;,&quot;copyright&quot;:&quot;&quot;,&quot;focal_length&quot;:&quot;0&quot;,&quot;iso&quot;:&quot;0&quot;,&quot;shutter_speed&quot;:&quot;0&quot;,&quot;title&quot;:&quot;&quot;,&quot;orientation&quot;:&quot;0&quot;}\" data-image-title=\"Captura-de-pantalla-2020-01-20-19.39.15\" data-image-description=\"\" data-image-caption=\"\" data-large-file=\"https:\/\/www.hoymercedes.com.ar\/principal\/wp-content\/uploads\/2020\/01\/Captura-de-pantalla-2020-01-20-19.39.15.png\" src=\"https:\/\/www.hoymercedes.com.ar\/principal\/wp-content\/uploads\/2020\/01\/Captura-de-pantalla-2020-01-20-19.39.15.png\" alt=\"\" class=\"wp-image-105376\"\/><\/figure><\/div>\n\n\n\n<p>El Verdinegro se impuso con goles de Javier Tejera, Omar Andruzyzsyn y Facundo Fern\u00e1ndez y, de esa manera, se tom\u00f3 una especie de revancha de la eliminaci\u00f3n que le propin\u00f3 SAPA el a\u00f1o pasado en Octavos de Final (el equipo de Marcos Paz llegar\u00eda luego a la final).<\/p>\n\n\n\n<p>Con este triunfo, el Defe da un gran paso y gana confianza para ir en busca de la clasificaci\u00f3n a los Octavos de Final. Su pr\u00f3ximo compromiso ser\u00e1 ante Central Buenos Aires de Z\u00e1rate, el otro integrante de esta Zona E.<\/p>\n\n\n\n<p><strong>Defensores de La Esperanza 3:<\/strong>\u00a0Guillermo Friedrich, Brian Aranda, Sergio Robles, Leonel Borgas, Tulio Barrios, Mat\u00edas Andrushszyn, Maximiliano D\u00edaz, Jonathan Pav\u00f3n, Facundo Fern\u00e1ndez, Julio Serrano y Javier Tejera.\u00a0<strong>DT:<\/strong>\u00a0Miguel R\u00edos.\u00a0<strong>Suplentes:<\/strong>\u00a0Gustavo Bergara, Esteban Sorayes, Omar Andrusyzyn, Mariano Rosada, Manuel Soraire y Sebasti\u00e1n Nicol\u00edn.<strong><br>Pabell\u00f3n Argentino 0:\u00a0<\/strong>C\u00e9sar Jurado, Gast\u00f3n Bianchi, Ezequiel Lacrouts, Maximiliano Romero Cahu\u00e9, Bernardo Paulerena, Franco Del Piero, Gonzalo Castelano, Franco Monz\u00f3n, Juan Barandari\u00e1n, Juan Paulerena\u00a0 y Federico Amorena.\u00a0<strong>DT:<\/strong>\u00a0Juan Achucarro.\u00a0<strong>Suplentes:\u00a0<\/strong>Nicol\u00e1s Gurnieri, Pablo Cortez, Carlos Mart\u00ednez, Mauro Vigliarolo y Leonel Anibal.<br>Gol en el PT: A los 10\u2032 Javier Tejera para La Esperanza.<br>Goles en el ST: A los 20\u2032 Omar Andrusyzyn y a los 38\u2032 Facundo Fern\u00e1ndez para La Esperanza. <\/p>\n","protected":false},"excerpt":{"rendered":"<p>La Aut\u00e9ntica Defensa. Un debut inmejorable tuvo Defensores de La Esperanza en la Copa Federaci\u00f3n Norte 2020: por la primera &#8230; <a title=\"Pabell\u00f3n de Marcos Paz fue goleado en el debut del Federaci\u00f3n Norte ante La Esperanza de Campana\" class=\"read-more\" href=\"https:\/\/www.hoymercedes.com.ar\/principal\/2020\/01\/20\/pabellon-de-marcos-paz-fue-goleado-en-el-debut-del-federacion-norte-ante-la-esperanza-de-campana\/\" aria-label=\"Leer m\u00e1s sobre Pabell\u00f3n de Marcos Paz fue goleado en el debut del Federaci\u00f3n Norte ante La Esperanza de Campana\">Leer m\u00e1s<\/a><\/p>\n","protected":false},"author":1,"featured_media":105376,"comment_status":"closed","ping_status":"open","sticky":false,"template":"","format":"standard","meta":{"_monsterinsights_skip_tracking":false,"_monsterinsights_sitenote_active":false,"_monsterinsights_sitenote_note":"","_monsterinsights_sitenote_category":0,"jetpack_post_was_ever_published":false,"_jetpack_newsletter_access":"","_jetpack_dont_email_post_to_subs":false,"_jetpack_newsletter_tier_id":0,"_jetpack_memberships_contains_paywalled_content":false,"_jetpack_memberships_contains_paid_content":false,"footnotes":"","jetpack_publicize_message":"","jetpack_publicize_feature_enabled":true,"jetpack_social_post_already_shared":true,"jetpack_social_options":{"image_generator_settings":{"template":"highway","default_image_id":0,"font":"","enabled":false},"version":2},"_wpas_customize_per_network":false},"categories":[21],"tags":[8426,14382],"class_list":["post-105363","post","type-post","status-publish","format-standard","has-post-thumbnail","hentry","category-deportes","tag-federacion-norte","tag-pabellon-marcos-paz","generate-columns","tablet-grid-50","mobile-grid-100","grid-parent","grid-50"],"jetpack_publicize_connections":[],"jetpack_featured_media_url":"https:\/\/www.hoymercedes.com.ar\/principal\/wp-content\/uploads\/2020\/01\/Captura-de-pantalla-2020-01-20-19.39.15.png","wps_subtitle":"Federaci\u00f3n Norte","jetpack_sharing_enabled":true,"_links":{"self":[{"href":"https:\/\/www.hoymercedes.com.ar\/principal\/wp-json\/wp\/v2\/posts\/105363","targetHints":{"allow":["GET"]}}],"collection":[{"href":"https:\/\/www.hoymercedes.com.ar\/principal\/wp-json\/wp\/v2\/posts"}],"about":[{"href":"https:\/\/www.hoymercedes.com.ar\/principal\/wp-json\/wp\/v2\/types\/post"}],"author":[{"embeddable":true,"href":"https:\/\/www.hoymercedes.com.ar\/principal\/wp-json\/wp\/v2\/users\/1"}],"replies":[{"embeddable":true,"href":"https:\/\/www.hoymercedes.com.ar\/principal\/wp-json\/wp\/v2\/comments?post=105363"}],"version-history":[{"count":0,"href":"https:\/\/www.hoymercedes.com.ar\/principal\/wp-json\/wp\/v2\/posts\/105363\/revisions"}],"wp:featuredmedia":[{"embeddable":true,"href":"https:\/\/www.hoymercedes.com.ar\/principal\/wp-json\/wp\/v2\/media\/105376"}],"wp:attachment":[{"href":"https:\/\/www.hoymercedes.com.ar\/principal\/wp-json\/wp\/v2\/media?parent=105363"}],"wp:term":[{"taxonomy":"category","embeddable":true,"href":"https:\/\/www.hoymercedes.com.ar\/principal\/wp-json\/wp\/v2\/categories?post=105363"},{"taxonomy":"post_tag","embeddable":true,"href":"https:\/\/www.hoymercedes.com.ar\/principal\/wp-json\/wp\/v2\/tags?post=105363"}],"curies":[{"name":"wp","href":"https:\/\/api.w.org\/{rel}","templated":true}]}}