{"id":10558,"date":"2012-01-24T11:09:22","date_gmt":"2012-01-24T11:09:22","guid":{"rendered":"http:\/\/www.hoymercedes.com.ar\/principal\/?p=10558"},"modified":"2012-01-24T11:09:22","modified_gmt":"2012-01-24T11:09:22","slug":"partido-gen-se-manifiesta-contrario-al-famatina-y-la-mineria-a-cielo-abierta","status":"publish","type":"post","link":"https:\/\/www.hoymercedes.com.ar\/principal\/2012\/01\/24\/partido-gen-se-manifiesta-contrario-al-famatina-y-la-mineria-a-cielo-abierta\/","title":{"rendered":"Partido GEN se manifiesta contrario al Famatina y la miner\u00eda a cielo abierta"},"content":{"rendered":"<p>Atento la \u00abpueblada en el Famatina\u00bb en contra del proyecto de exploraci\u00f3n y explotaci\u00f3n de oro a trav\u00e9s de la mega-miner\u00eda a cielo abierto, auspiciada y promovida por el Gobierno de La Rioja y de la Naci\u00f3n Argentina, la Mesa Nacional del Partido GEN expresa su solidaridad y acompa\u00f1amiento con el pueblo de \u00abAlto Carrizal &#8211; Famatina\u00bb y \u00abChilecito\u00bb, adhiriendo a la marcha convocada para el d\u00eda de la fecha por las Asambleas Ciudadanas en las Provincias de La Rioja, C.A.B.A., San Juan, C\u00f3rdoba, Mendoza, R\u00edo Negro, Jujuy y la Ciudad de La Plata.<\/p>\n<p>En este orden, el Partido GEN fija posici\u00f3n en relaci\u00f3n a la actividad minera a cielo abierto, mediante el documento pol\u00edtico que se adjunta:<\/p>\n<p>\u00abEl kirchnerismo se esfuerza para que el relato de la realidad describa a su gobierno como refundador de una pol\u00edtica nacional y popular. La amplia legitimaci\u00f3n social que la gesti\u00f3n tiene verificar\u00eda ese relato. Sin embargo, el tema que aqu\u00ed rescatamos no forma parte de ese relato pero s\u00ed de la realidad, por lo que no podr\u00eda decirse que tiene la misma legitimidad que el gobierno. Como el pecado, que se confiesa s\u00f3lo a quien puede absolverlo, lo que aqu\u00ed descubrimos pertenece a la invisibilidad, no integra la agenda expl\u00edcita del gobierno y si alg\u00fan interlocutor de \u00e9ste es interpelado por la cuesti\u00f3n, la ignora, la relativiza, la posterga, en fin, no la confiesa.<\/p>\n<p>El tema es la \u00abpol\u00edtica de transnacionalizaci\u00f3n de la soberan\u00eda de los recursos naturales en materia minera\u00bb que el kirchnerismo lleva decididamente adelante desde el 2003, y que ejecuta mediante un concentrado grupo de corporaciones \u00abMultinacionales de la Megaminer\u00eda metal\u00edfera\u00bb. El marco legal que permite esta brutal transferencia de riquezas de recursos no renovables a los pa\u00edses centrales, fue dise\u00f1ado en la d\u00e9cada del 90 cuando reinaba el neoliberalismo. Este plan geopol\u00edtico, cuyos objetivos fueron especificados en el \u00abPlan de Desarrollo Minero\u00bb de 1993, b\u00e1sicamente se tradujo en un conjunto de normas como la modificaci\u00f3n del C\u00f3digo de Miner\u00eda prohibiendo al Estado participar en la explotaci\u00f3n minera, la ley de Inversiones Mineras, la ley de Reordenamiento Minero, la ley de Acuerdo Federal Minero, Tratado Argentino Chileno de Integraci\u00f3n y Complementaci\u00f3n Minera, entre otras.<\/p>\n<p>Este \u00faltimo cre\u00f3 una regi\u00f3n de m\u00e1s de 4.000 Km de largo por 200 Km de ancho en la Cordillera de Los Andes, en donde la Argentina y Chile cedieron su soberan\u00eda territorial (acu\u00edfera y minera) a las multinacionales. Pero adem\u00e1s Argentina renunci\u00f3 a la soberan\u00eda fiscal, y as\u00ed \u00e9stas no pagan, entre otros grav\u00e1menes, los derechos de importaci\u00f3n para insumos y equipos, la tasa de estad\u00edstica, el impuesto a los d\u00e9bitos y cr\u00e9ditos bancarios, a los activos, a las ganancias, al impuesto inmobiliario, al valor agregado, las tasas municipales y el impuesto de sellos.<\/p>\n<p>La regal\u00eda reconocida a las provincias no alcanza al 1,5% del valor del mineral, porque se calcula sobre el valor boca mina al que se le deducen una serie de gastos del proyecto minero, adem\u00e1s de realizarse mediante una declaraci\u00f3n jurada de las multinacionales. Se reinstal\u00f3 un nuevo patr\u00f3n de asimetr\u00edas econ\u00f3micas creando territorios especializados en la provisi\u00f3n de bienes naturales, intervenidos y operados bajo el control de grandes empresas transnacionales que se apropian de rentas generadas pol\u00edticamente a trav\u00e9s de los referidos beneficios fiscales y comerciales, y por el otro cumplen una funci\u00f3n geopol\u00edtica de asegurar, a nivel global, la provisi\u00f3n de insumos cr\u00edticos y estrat\u00e9gicos para las din\u00e1micas de transformaci\u00f3n y consumo controladas desde las potencias que detentan el monopolio de la innovaci\u00f3n tecnol\u00f3gica y de los flujos financieros mundiales.<\/p>\n<p>Se genera as\u00ed lo que se conoce como econom\u00edas de enclave, mediante la extranjerizaci\u00f3n, concentraci\u00f3n y reprimarizaci\u00f3n de la estructura productiva. Es una producci\u00f3n orientada a satisfacer el mercado mundial y con escaza incidencia en nuestro pa\u00eds porque el \u00abknow how\u00bb y la gran industria mec\u00e1nica utilizada para la extracci\u00f3n minera, son servicios y bienes de capital producidos por empresas extranjeras. Adem\u00e1s, ninguno de los proyectos procesa los minerales en el pa\u00eds.<\/p>\n<p>N\u00e9stor Kirchner, en oportunidad de presentar el Plan Minero Nacional 2004\/2005), expres\u00f3: \u00abEl sector minero argentino es uno de los que durante la d\u00e9cada del 90, con cambios importantes en la legislaci\u00f3n, empez\u00f3 a tener un punto de inflexi\u00f3n que le permiti\u00f3 avizorar un destino estrat\u00e9gico diferente&#8230;(y dirigi\u00e9ndose a las multinacionales del sector minero, agreg\u00f3)&#8230;todo lo que ayude al sector y a Ustedes como empresarios vean como una perspectiva clara de incentivar la inversi\u00f3n y crean que esa inversi\u00f3n se puede incentivar con determinadas medidas que podamos conversar, estamos absolutamente dispuestos a escuchar (sic)\u00bb.<\/p>\n<p>As\u00ed, este plan profundizado por el kirchnerismo, impuls\u00f3 la salida del pa\u00eds del producido del mineral mediante reintegros a su exportaci\u00f3n y la eximici\u00f3n de liquidar divisas por dicha exportaci\u00f3n. Fue el gobierno de N\u00e9stor Kirchner quien concret\u00f3 el inicio de los proyectos Veladero, Gualcamayo, Casposo y Pascua Lama en San Juan. Luego, Cristina Kirchner, antes de vetar la Ley de Glaciares, se reuni\u00f3 en varias oportunidades con Peter Munck (CEO de Barrick Gold) y junto a \u00e9ste, festej\u00f3 que el costo de la onza de oro en Argentina sea el m\u00e1s barato del mundo, como si fuera un motivo de orgullo el bajo salario de nuestros compatriotas trabajadores vinculados a la actividad.<\/p>\n<p>Hoy el gobierno apura el inicio &#8211; entre otros- del mega emprendimiento de Famatina en La Rioja a sabienda del da\u00f1o ambiental que ello implica: La graciosa aceptaci\u00f3n del gobierno por los inconmensurables y perpetuos pasivos ambientales que esta actividad deja en nuestro territorio. Agotados los yacimientos y luego del abandono de los emprendimientos por las empresas multinacionales, estos pasivos pasan a la sociedad toda.<\/p>\n<p>Esta transferencia ileg\u00edtima de pasivos es considerada como una externalizaci\u00f3n por las empresas en el an\u00e1lisis costo-beneficio, por lo que luego se demandar\u00e1n enormes inversiones p\u00fablicas de saneamiento si es que \u00e9ste es posible. Todo agravado porque los principales proyectos se localizan en las cabeceras glaciarias de las cuencas hidrogr\u00e1ficas que nacen en la Cordillera de Los Andes, y son la \u00fanica fuente de irrigaci\u00f3n y de consumo dom\u00e9stico de Agua en todas las provincias andinas (Jujuy, Salta, Catamarca, La Rioja, San Juan, Mendoza, Neuqu\u00e9n, Rio Negro, Chubut, Santa Cruz y Tierra del Fuego) y sub andinas (Tucum\u00e1n, Santiago del Estero, San Luis y La Pampa)\u00bb.<\/p>\n<p>Partido GEN Nacional.<\/p>\n","protected":false},"excerpt":{"rendered":"<p>Atento la \u00abpueblada en el Famatina\u00bb en contra del proyecto de exploraci\u00f3n y explotaci\u00f3n de oro a trav\u00e9s de la &#8230; <a title=\"Partido GEN se manifiesta contrario al Famatina y la miner\u00eda a cielo abierta\" class=\"read-more\" href=\"https:\/\/www.hoymercedes.com.ar\/principal\/2012\/01\/24\/partido-gen-se-manifiesta-contrario-al-famatina-y-la-mineria-a-cielo-abierta\/\" aria-label=\"Leer m\u00e1s sobre Partido GEN se manifiesta contrario al Famatina y la miner\u00eda a cielo abierta\">Leer m\u00e1s<\/a><\/p>\n","protected":false},"author":1,"featured_media":0,"comment_status":"open","ping_status":"open","sticky":false,"template":"","format":"standard","meta":{"_monsterinsights_skip_tracking":false,"_monsterinsights_sitenote_active":false,"_monsterinsights_sitenote_note":"","_monsterinsights_sitenote_category":0,"jetpack_post_was_ever_published":false,"_jetpack_newsletter_access":"","_jetpack_dont_email_post_to_subs":false,"_jetpack_newsletter_tier_id":0,"_jetpack_memberships_contains_paywalled_content":false,"_jetpack_memberships_contains_paid_content":false,"footnotes":"","jetpack_publicize_message":"","jetpack_publicize_feature_enabled":true,"jetpack_social_post_already_shared":false,"jetpack_social_options":{"image_generator_settings":{"template":"highway","default_image_id":0,"font":"","enabled":false},"version":2},"_wpas_customize_per_network":false},"categories":[5],"tags":[1816,319,1817],"class_list":["post-10558","post","type-post","status-publish","format-standard","hentry","category-politica","tag-famatina","tag-gen","tag-mineria-a-cielo-abierto","generate-columns","tablet-grid-50","mobile-grid-100","grid-parent","grid-50"],"jetpack_publicize_connections":[],"jetpack_featured_media_url":"","wps_subtitle":"","jetpack_sharing_enabled":true,"_links":{"self":[{"href":"https:\/\/www.hoymercedes.com.ar\/principal\/wp-json\/wp\/v2\/posts\/10558","targetHints":{"allow":["GET"]}}],"collection":[{"href":"https:\/\/www.hoymercedes.com.ar\/principal\/wp-json\/wp\/v2\/posts"}],"about":[{"href":"https:\/\/www.hoymercedes.com.ar\/principal\/wp-json\/wp\/v2\/types\/post"}],"author":[{"embeddable":true,"href":"https:\/\/www.hoymercedes.com.ar\/principal\/wp-json\/wp\/v2\/users\/1"}],"replies":[{"embeddable":true,"href":"https:\/\/www.hoymercedes.com.ar\/principal\/wp-json\/wp\/v2\/comments?post=10558"}],"version-history":[{"count":0,"href":"https:\/\/www.hoymercedes.com.ar\/principal\/wp-json\/wp\/v2\/posts\/10558\/revisions"}],"wp:attachment":[{"href":"https:\/\/www.hoymercedes.com.ar\/principal\/wp-json\/wp\/v2\/media?parent=10558"}],"wp:term":[{"taxonomy":"category","embeddable":true,"href":"https:\/\/www.hoymercedes.com.ar\/principal\/wp-json\/wp\/v2\/categories?post=10558"},{"taxonomy":"post_tag","embeddable":true,"href":"https:\/\/www.hoymercedes.com.ar\/principal\/wp-json\/wp\/v2\/tags?post=10558"}],"curies":[{"name":"wp","href":"https:\/\/api.w.org\/{rel}","templated":true}]}}