{"id":10561,"date":"2012-01-24T11:11:39","date_gmt":"2012-01-24T11:11:39","guid":{"rendered":"http:\/\/www.hoymercedes.com.ar\/principal\/?p=10561"},"modified":"2012-01-24T11:11:39","modified_gmt":"2012-01-24T11:11:39","slug":"coalicion-civica-ari-presenta-proyecto-sobre-malvinas","status":"publish","type":"post","link":"https:\/\/www.hoymercedes.com.ar\/principal\/2012\/01\/24\/coalicion-civica-ari-presenta-proyecto-sobre-malvinas\/","title":{"rendered":"Coalici\u00f3n C\u00edvica Ari presenta proyecto sobre Malvinas"},"content":{"rendered":"<p>El concejal Jos\u00e9 Cestari dio a cnoce unproyectyo presentado en el HCD refieriendo al tema Malvinas sosteniendo \u00abla actitud del Reino Unido de Gran Breta\u00f1a e Irlanda del Norte de no aceptar el di\u00e1logo con la Rep\u00fablica Argentina para consensuar una soluci\u00f3n pac\u00edfica sobre la soberan\u00eda de las islas Malvinas, Sandwich del Sur y Georgias del Sur.<\/p>\n<p>Essta nueva acci\u00f3n del Reino Unido de Gran Breta\u00f1a e Irlanda del Norte, orientada a seguir manteniendo beneficios econ\u00f3micos mediante la extracci\u00f3n de recursos naturales argentinos, se agrega a una sucesi\u00f3n de acciones unilaterales brit\u00e1nicas que reflejan la ausencia de voluntad de cooperar con nuestro pa\u00eds en la soluci\u00f3n de la controversia de soberan\u00eda sobre las Islas Malvinas, Georgias del Sur y Sandwich del Sur y los espacios mar\u00edtimos circundantes.<\/p>\n<p>Que es un manifiesto desd\u00e9n por cumplir las resoluciones de la Asamblea General y el Consejo de Seguridad de la ONU que reconocen la existencia de la disputa de soberan\u00eda referida a la \u2018Cuesti\u00f3n de las Islas Malvinas\u2019 y que instan a los gobiernos de la Rep\u00fablica Argentina y del Reino Unido de Gran Breta\u00f1a e Irlanda del Norte a reanudar las negociaciones a fin de encontrar a la mayor brevedad posible una soluci\u00f3n pac\u00edfica a la disputa desde 1965.<\/p>\n<p>Que la defensa de la soberan\u00eda y de los intereses de la Rep\u00fablica Argentina ante la ocupaci\u00f3n ilegal brit\u00e1nica de los archipi\u00e9lagos australes, que son parte integrante del territorio nacional argentino, es inherente a una pol\u00edtica de Estado que nuestro pa\u00eds lleva a cabo de manera firme y sostenida desde 1833 y se enmarca en la Disposici\u00f3n Transitoria Primera de la Constituci\u00f3n Nacional, que se\u00f1ala que la recuperaci\u00f3n de dichos territorios y del ejercicio pleno de la soberan\u00eda, por medios pac\u00edficos y conforme a los principios del derecho internacional, constituyen un objetivo permanente e irrenunciable del pueblo argentino.<\/p>\n<p>Que recientemente los gobiernos de Estados Unidos de Am\u00e9rica, Brasil, Uruguay, Chile, etc. tambi\u00e9n instan al Reino Unido de Gran Breta\u00f1a e Irlanda del Norte y a la Rep\u00fablica Argentina a dialogar sobre la soberan\u00eda de los archipi\u00e9lagos en cuesti\u00f3n\u00bb<\/p>\n<h2><span style=\"color: #333399;\"><strong>El proyecto presentado establece textualmente<\/strong><\/span><\/h2>\n<p>Art. 1. El Honorable Concejo Deliberante de Mercedes, provincia de Buenos Aires:<\/p>\n<p>a) Repudia fuertemente los dichos del canciller brit\u00e1nico, William Hague, de que la Argentina busca intimidar a los isle\u00f1os con su reclamo de soberan\u00eda y que el \u00fanico derecho es el de autodeterminaci\u00f3n de los habitantes de las islas.<\/p>\n<p>b) Repudia fuertemente los dichos del primer ministro brit\u00e1nico, David Cameron, quien invirtiendo los papeles atribuy\u00f3 a la Argentina la intenci\u00f3n de desarrollar una pol\u00edtica \u201ccolonialista\u201d hacia los kelpers.<\/p>\n<p>c) Se dirige al Poder Ejecutivo Nacional para expresarle su apoyo a todas las acciones que instrumente para reclamar, a trav\u00e9s del di\u00e1logo diplom\u00e1tico y pac\u00edficamente al gobierno del Reino Unido de Gran Breta\u00f1a e Irlanda del Norte, un derecho irrenunciable, que tiene que ver con la soberan\u00eda de nuestras islas Malvinas, Georgias del Sur y Sa\u00f1dwich del Sur.<\/p>\n<p>Art. 2. Rem\u00edtase a los Honorables Concejos Deliberantes de la Provincia de Buenos Aires para su adhesi\u00f3n.<\/p>\n<p>Art. 3. Los visto y considerando forman parte de la presente.<\/p>\n<p>Art. 4. De forma<\/p>\n","protected":false},"excerpt":{"rendered":"<p>El concejal Jos\u00e9 Cestari dio a cnoce unproyectyo presentado en el HCD refieriendo al tema Malvinas sosteniendo \u00abla actitud del &#8230; <a title=\"Coalici\u00f3n C\u00edvica Ari presenta proyecto sobre Malvinas\" class=\"read-more\" href=\"https:\/\/www.hoymercedes.com.ar\/principal\/2012\/01\/24\/coalicion-civica-ari-presenta-proyecto-sobre-malvinas\/\" aria-label=\"Leer m\u00e1s sobre Coalici\u00f3n C\u00edvica Ari presenta proyecto sobre Malvinas\">Leer m\u00e1s<\/a><\/p>\n","protected":false},"author":1,"featured_media":0,"comment_status":"open","ping_status":"open","sticky":false,"template":"","format":"standard","meta":{"_monsterinsights_skip_tracking":false,"_monsterinsights_sitenote_active":false,"_monsterinsights_sitenote_note":"","_monsterinsights_sitenote_category":0,"jetpack_post_was_ever_published":false,"_jetpack_newsletter_access":"","_jetpack_dont_email_post_to_subs":false,"_jetpack_newsletter_tier_id":0,"_jetpack_memberships_contains_paywalled_content":false,"_jetpack_memberships_contains_paid_content":false,"footnotes":"","jetpack_publicize_message":"","jetpack_publicize_feature_enabled":true,"jetpack_social_post_already_shared":false,"jetpack_social_options":{"image_generator_settings":{"template":"highway","default_image_id":0,"font":"","enabled":false},"version":2},"_wpas_customize_per_network":false},"categories":[5],"tags":[361,79,326],"class_list":["post-10561","post","type-post","status-publish","format-standard","hentry","category-politica","tag-ari","tag-cestari","tag-malvinas","generate-columns","tablet-grid-50","mobile-grid-100","grid-parent","grid-50"],"jetpack_publicize_connections":[],"jetpack_featured_media_url":"","wps_subtitle":"","jetpack_sharing_enabled":true,"_links":{"self":[{"href":"https:\/\/www.hoymercedes.com.ar\/principal\/wp-json\/wp\/v2\/posts\/10561","targetHints":{"allow":["GET"]}}],"collection":[{"href":"https:\/\/www.hoymercedes.com.ar\/principal\/wp-json\/wp\/v2\/posts"}],"about":[{"href":"https:\/\/www.hoymercedes.com.ar\/principal\/wp-json\/wp\/v2\/types\/post"}],"author":[{"embeddable":true,"href":"https:\/\/www.hoymercedes.com.ar\/principal\/wp-json\/wp\/v2\/users\/1"}],"replies":[{"embeddable":true,"href":"https:\/\/www.hoymercedes.com.ar\/principal\/wp-json\/wp\/v2\/comments?post=10561"}],"version-history":[{"count":0,"href":"https:\/\/www.hoymercedes.com.ar\/principal\/wp-json\/wp\/v2\/posts\/10561\/revisions"}],"wp:attachment":[{"href":"https:\/\/www.hoymercedes.com.ar\/principal\/wp-json\/wp\/v2\/media?parent=10561"}],"wp:term":[{"taxonomy":"category","embeddable":true,"href":"https:\/\/www.hoymercedes.com.ar\/principal\/wp-json\/wp\/v2\/categories?post=10561"},{"taxonomy":"post_tag","embeddable":true,"href":"https:\/\/www.hoymercedes.com.ar\/principal\/wp-json\/wp\/v2\/tags?post=10561"}],"curies":[{"name":"wp","href":"https:\/\/api.w.org\/{rel}","templated":true}]}}