{"id":105617,"date":"2020-01-26T20:00:00","date_gmt":"2020-01-26T23:00:00","guid":{"rendered":"http:\/\/www.hoymercedes.com.ar\/principal\/?p=105617"},"modified":"2020-01-26T20:19:11","modified_gmt":"2020-01-26T23:19:11","slug":"imponen-la-dimision-del-estado-clerical-a-un-sacerdote-de-mercedes-lujan","status":"publish","type":"post","link":"https:\/\/www.hoymercedes.com.ar\/principal\/2020\/01\/26\/imponen-la-dimision-del-estado-clerical-a-un-sacerdote-de-mercedes-lujan\/","title":{"rendered":"Imponen la dimisi\u00f3n del estado clerical a un sacerdote de Mercedes-Luj\u00e1n"},"content":{"rendered":"\n<p> El arzobispado de Mercedes-Luj\u00e1n comunic\u00f3 que la Congregaci\u00f3n para el Clero impuso la pena de dimisi\u00f3n del estado clerical al presb\u00edtero H\u00e9ctor Fabi\u00e1n Mascarell Jofre. Asimismo, se le otorg\u00f3 la dispensa del celibato y dem\u00e1s obligaciones inherentes a la sagrada ordenaci\u00f3n.<\/p>\n\n\n\n<p>El &nbsp;arzobispado de Mercedes-Luj\u00e1n emiti\u00f3 un comunicado en el que informa que la Congregaci\u00f3n para el Clero, \u00abculminado el correspondiente proceso can\u00f3nico, impuso la pena de dimisi\u00f3n del estado clerical al presb\u00edtero H\u00e9ctor Fabi\u00e1n Mascarell Jofre\u00bb.<\/p>\n\n\n\n<p>En el comunicado, firmado por el canciller, doctor Carlos Gonz\u00e1lez, detallan que se le otorg\u00f3 la dispensa del celibato y dem\u00e1s obligaciones inherentes a la sagrada ordenaci\u00f3n e informan que la decisi\u00f3n es suprema e inapelable.<\/p>\n\n\n\n<p>Sobre las causas, explican que se trata de \u201cla comisi\u00f3n de conductas incompatibles con la funci\u00f3n sacerdotal y de orden disciplinario can\u00f3nico\u201d y aclaran que \u201cen los hechos no se encuentran involucrados menores de edad\u201d.<\/p>\n\n\n\n<p>Fuente: AICA<\/p>\n","protected":false},"excerpt":{"rendered":"<p>El arzobispado de Mercedes-Luj\u00e1n comunic\u00f3 que la Congregaci\u00f3n para el Clero impuso la pena de dimisi\u00f3n del estado clerical al &#8230; <a title=\"Imponen la dimisi\u00f3n del estado clerical a un sacerdote de Mercedes-Luj\u00e1n\" class=\"read-more\" href=\"https:\/\/www.hoymercedes.com.ar\/principal\/2020\/01\/26\/imponen-la-dimision-del-estado-clerical-a-un-sacerdote-de-mercedes-lujan\/\" aria-label=\"Leer m\u00e1s sobre Imponen la dimisi\u00f3n del estado clerical a un sacerdote de Mercedes-Luj\u00e1n\">Leer m\u00e1s<\/a><\/p>\n","protected":false},"author":1,"featured_media":0,"comment_status":"closed","ping_status":"open","sticky":false,"template":"","format":"standard","meta":{"_monsterinsights_skip_tracking":false,"_monsterinsights_sitenote_active":false,"_monsterinsights_sitenote_note":"","_monsterinsights_sitenote_category":0,"jetpack_post_was_ever_published":false,"_jetpack_newsletter_access":"","_jetpack_dont_email_post_to_subs":false,"_jetpack_newsletter_tier_id":0,"_jetpack_memberships_contains_paywalled_content":false,"_jetpack_memberships_contains_paid_content":false,"footnotes":"","jetpack_publicize_message":"","jetpack_publicize_feature_enabled":true,"jetpack_social_post_already_shared":true,"jetpack_social_options":{"image_generator_settings":{"template":"highway","default_image_id":0,"font":"","enabled":false},"version":2},"_wpas_customize_per_network":false},"categories":[5485],"tags":[16163,16164],"class_list":["post-105617","post","type-post","status-publish","format-standard","hentry","category-comunidad","tag-aquidioscesis-mercedes-lujan","tag-sacerdote","generate-columns","tablet-grid-50","mobile-grid-100","grid-parent","grid-50"],"jetpack_publicize_connections":[],"jetpack_featured_media_url":"","wps_subtitle":"","jetpack_sharing_enabled":true,"_links":{"self":[{"href":"https:\/\/www.hoymercedes.com.ar\/principal\/wp-json\/wp\/v2\/posts\/105617","targetHints":{"allow":["GET"]}}],"collection":[{"href":"https:\/\/www.hoymercedes.com.ar\/principal\/wp-json\/wp\/v2\/posts"}],"about":[{"href":"https:\/\/www.hoymercedes.com.ar\/principal\/wp-json\/wp\/v2\/types\/post"}],"author":[{"embeddable":true,"href":"https:\/\/www.hoymercedes.com.ar\/principal\/wp-json\/wp\/v2\/users\/1"}],"replies":[{"embeddable":true,"href":"https:\/\/www.hoymercedes.com.ar\/principal\/wp-json\/wp\/v2\/comments?post=105617"}],"version-history":[{"count":0,"href":"https:\/\/www.hoymercedes.com.ar\/principal\/wp-json\/wp\/v2\/posts\/105617\/revisions"}],"wp:attachment":[{"href":"https:\/\/www.hoymercedes.com.ar\/principal\/wp-json\/wp\/v2\/media?parent=105617"}],"wp:term":[{"taxonomy":"category","embeddable":true,"href":"https:\/\/www.hoymercedes.com.ar\/principal\/wp-json\/wp\/v2\/categories?post=105617"},{"taxonomy":"post_tag","embeddable":true,"href":"https:\/\/www.hoymercedes.com.ar\/principal\/wp-json\/wp\/v2\/tags?post=105617"}],"curies":[{"name":"wp","href":"https:\/\/api.w.org\/{rel}","templated":true}]}}