{"id":105620,"date":"2020-01-26T12:24:57","date_gmt":"2020-01-26T15:24:57","guid":{"rendered":"http:\/\/www.hoymercedes.com.ar\/principal\/?p=105620"},"modified":"2020-01-26T12:27:38","modified_gmt":"2020-01-26T15:27:38","slug":"comparsa-de-adultos-mayores-se-presentara-este-carnaval","status":"publish","type":"post","link":"https:\/\/www.hoymercedes.com.ar\/principal\/2020\/01\/26\/comparsa-de-adultos-mayores-se-presentara-este-carnaval\/","title":{"rendered":"Comparsa de Adultos Mayores se presentar\u00e1 este Carnaval"},"content":{"rendered":"\n<p>\u201cSomos lo que somos\u201d es la comparsa que la Direcci\u00f3n de Adultos Mayores arma con quienes participan de lo proyectos y programas del \u00e1rea municipal. Esta ser\u00e1 la primera comparsa realizada \u00edntegramente por vecinas y vecinos adultos mayores. El trabajo de organizaci\u00f3n viene desde hace meses y ahora, junto a la profesora Andrea M\u00e9ndez, se est\u00e1n llevando a cabo las jornadas de ensayo en el C.C La Trocha.<\/p>\n\n\n\n<figure class=\"wp-block-image size-large\"><img loading=\"lazy\" decoding=\"async\" width=\"800\" height=\"533\" data-attachment-id=\"105621\" data-permalink=\"https:\/\/www.hoymercedes.com.ar\/principal\/2020\/01\/26\/comparsa-de-adultos-mayores-se-presentara-este-carnaval\/26-comparsa-adultos-mayores\/#main\" data-orig-file=\"https:\/\/www.hoymercedes.com.ar\/principal\/wp-content\/uploads\/2020\/01\/26-comparsa-adultos-mayores.jpg\" data-orig-size=\"800,533\" data-comments-opened=\"0\" data-image-meta=\"{&quot;aperture&quot;:&quot;0&quot;,&quot;credit&quot;:&quot;&quot;,&quot;camera&quot;:&quot;&quot;,&quot;caption&quot;:&quot;&quot;,&quot;created_timestamp&quot;:&quot;0&quot;,&quot;copyright&quot;:&quot;&quot;,&quot;focal_length&quot;:&quot;0&quot;,&quot;iso&quot;:&quot;0&quot;,&quot;shutter_speed&quot;:&quot;0&quot;,&quot;title&quot;:&quot;&quot;,&quot;orientation&quot;:&quot;0&quot;}\" data-image-title=\"26 comparsa adultos mayores\" data-image-description=\"\" data-image-caption=\"\" data-large-file=\"https:\/\/www.hoymercedes.com.ar\/principal\/wp-content\/uploads\/2020\/01\/26-comparsa-adultos-mayores.jpg\" src=\"https:\/\/www.hoymercedes.com.ar\/principal\/wp-content\/uploads\/2020\/01\/26-comparsa-adultos-mayores.jpg\" alt=\"\" class=\"wp-image-105621\"\/><\/figure>\n\n\n\n<p>\u201cEstamos muy felices de la respuesta obtenida\u201d conto Victoria Odell, directora del \u00e1rea y sostuvo que \u201ces una experiencia \u00fanica. La verdad que estamos pas\u00e1ndola muy bien y es un dispositivo que no s\u00f3lo dar\u00e1 un atractivo en los pr\u00f3ximos carnavales mercedinos, sino que, fundamentalmente, permite continuar con tareas de socializaci\u00f3n, entretenimiento, cuidado de la salud y bienestar para nuestros adultos mayores\u201d afirm\u00f3.<\/p>\n\n\n\n<p>El pasado jueves, adem\u00e1s, contaron la visita del jefe comunal, el Dr. Juan Ignacio Ustarroz, quien sostuvo que \u201ces hermoso ver este movimiento, esta actividad, estas ganas que advertimos ponen a cada propuesta de la direcci\u00f3n y en particular esta comparsa. No tenemos m\u00e1s que palabras de agradecimiento a cada uno de ellos y de felicitaciones a todo el equipo de la direcci\u00f3n de adultos mayores que nunca dejan de trabajar y generar nuevos proyectos\u201d, entre otros conceptos.<\/p>\n\n\n\n<p>La comparsa de adultos mayores es una novedosa propuesta que podr\u00e1 disfrutarse en el pr\u00f3ximo carnaval mercedino. Son 40 vecinos y vecinas los que est\u00e1n siendo parte de la movida. Vale destacar que el nombre, \u201csomos lo que somos\u201d, lo eligieron ellos tras votar diferentes propuestas. En cuanto a los trajes, se realizan con la modista Maribel Rodr\u00edguez mientras que, en el Centro de Jubilados Renacer, har\u00e1n base cada noche, para que el encuentro sea pleno.<br><\/p>\n","protected":false},"excerpt":{"rendered":"<p>\u201cSomos lo que somos\u201d es la comparsa que la Direcci\u00f3n de Adultos Mayores arma con quienes participan de lo proyectos &#8230; <a title=\"Comparsa de Adultos Mayores se presentar\u00e1 este Carnaval\" class=\"read-more\" href=\"https:\/\/www.hoymercedes.com.ar\/principal\/2020\/01\/26\/comparsa-de-adultos-mayores-se-presentara-este-carnaval\/\" aria-label=\"Leer m\u00e1s sobre Comparsa de Adultos Mayores se presentar\u00e1 este Carnaval\">Leer m\u00e1s<\/a><\/p>\n","protected":false},"author":1,"featured_media":105621,"comment_status":"closed","ping_status":"open","sticky":false,"template":"","format":"standard","meta":{"_monsterinsights_skip_tracking":false,"_monsterinsights_sitenote_active":false,"_monsterinsights_sitenote_note":"","_monsterinsights_sitenote_category":0,"jetpack_post_was_ever_published":false,"_jetpack_newsletter_access":"","_jetpack_dont_email_post_to_subs":false,"_jetpack_newsletter_tier_id":0,"_jetpack_memberships_contains_paywalled_content":false,"_jetpack_memberships_contains_paid_content":false,"footnotes":"","jetpack_publicize_message":"","jetpack_publicize_feature_enabled":true,"jetpack_social_post_already_shared":true,"jetpack_social_options":{"image_generator_settings":{"template":"highway","default_image_id":0,"font":"","enabled":false},"version":2},"_wpas_customize_per_network":false},"categories":[30],"tags":[8752,12587,244],"class_list":["post-105620","post","type-post","status-publish","format-standard","has-post-thumbnail","hentry","category-municipio","tag-adultos-mayores","tag-comparsa","tag-municipio-2","generate-columns","tablet-grid-50","mobile-grid-100","grid-parent","grid-50"],"jetpack_publicize_connections":[],"jetpack_featured_media_url":"https:\/\/www.hoymercedes.com.ar\/principal\/wp-content\/uploads\/2020\/01\/26-comparsa-adultos-mayores.jpg","wps_subtitle":"Para los Carnavales 2020","jetpack_sharing_enabled":true,"_links":{"self":[{"href":"https:\/\/www.hoymercedes.com.ar\/principal\/wp-json\/wp\/v2\/posts\/105620","targetHints":{"allow":["GET"]}}],"collection":[{"href":"https:\/\/www.hoymercedes.com.ar\/principal\/wp-json\/wp\/v2\/posts"}],"about":[{"href":"https:\/\/www.hoymercedes.com.ar\/principal\/wp-json\/wp\/v2\/types\/post"}],"author":[{"embeddable":true,"href":"https:\/\/www.hoymercedes.com.ar\/principal\/wp-json\/wp\/v2\/users\/1"}],"replies":[{"embeddable":true,"href":"https:\/\/www.hoymercedes.com.ar\/principal\/wp-json\/wp\/v2\/comments?post=105620"}],"version-history":[{"count":0,"href":"https:\/\/www.hoymercedes.com.ar\/principal\/wp-json\/wp\/v2\/posts\/105620\/revisions"}],"wp:featuredmedia":[{"embeddable":true,"href":"https:\/\/www.hoymercedes.com.ar\/principal\/wp-json\/wp\/v2\/media\/105621"}],"wp:attachment":[{"href":"https:\/\/www.hoymercedes.com.ar\/principal\/wp-json\/wp\/v2\/media?parent=105620"}],"wp:term":[{"taxonomy":"category","embeddable":true,"href":"https:\/\/www.hoymercedes.com.ar\/principal\/wp-json\/wp\/v2\/categories?post=105620"},{"taxonomy":"post_tag","embeddable":true,"href":"https:\/\/www.hoymercedes.com.ar\/principal\/wp-json\/wp\/v2\/tags?post=105620"}],"curies":[{"name":"wp","href":"https:\/\/api.w.org\/{rel}","templated":true}]}}