{"id":105657,"date":"2020-01-27T10:29:00","date_gmt":"2020-01-27T13:29:00","guid":{"rendered":"http:\/\/www.hoymercedes.com.ar\/principal\/?p=105657"},"modified":"2020-01-27T18:09:54","modified_gmt":"2020-01-27T21:09:54","slug":"paso-otro-fin-de-semana-de-musica-en-las-plazas","status":"publish","type":"post","link":"https:\/\/www.hoymercedes.com.ar\/principal\/2020\/01\/27\/paso-otro-fin-de-semana-de-musica-en-las-plazas\/","title":{"rendered":"Pas\u00f3 otro fin de semana de \u201cM\u00fasica en las Plazas\u201d"},"content":{"rendered":"\n<p>El ciclo \u201cM\u00fasica en las Plazas\u201d volvi\u00f3 a tener un fin de semana a pleno, con cientos de asistentes en las tres jornadas programadas. El viernes en barrio San Mart\u00edn. El s\u00e1bado en la plaza Rivadavia (San Luis) y el domingo en Blandengues. <\/p>\n\n\n\n<figure class=\"wp-block-image size-large\"><img loading=\"lazy\" decoding=\"async\" width=\"800\" height=\"533\" data-attachment-id=\"105658\" data-permalink=\"https:\/\/www.hoymercedes.com.ar\/principal\/2020\/01\/27\/paso-otro-fin-de-semana-de-musica-en-las-plazas\/27-musica-plaza\/#main\" data-orig-file=\"https:\/\/www.hoymercedes.com.ar\/principal\/wp-content\/uploads\/2020\/01\/27-musica-plaza.jpeg\" data-orig-size=\"800,533\" data-comments-opened=\"0\" data-image-meta=\"{&quot;aperture&quot;:&quot;0&quot;,&quot;credit&quot;:&quot;&quot;,&quot;camera&quot;:&quot;&quot;,&quot;caption&quot;:&quot;&quot;,&quot;created_timestamp&quot;:&quot;0&quot;,&quot;copyright&quot;:&quot;&quot;,&quot;focal_length&quot;:&quot;0&quot;,&quot;iso&quot;:&quot;0&quot;,&quot;shutter_speed&quot;:&quot;0&quot;,&quot;title&quot;:&quot;&quot;,&quot;orientation&quot;:&quot;0&quot;}\" data-image-title=\"27 musica plaza\" data-image-description=\"\" data-image-caption=\"\" data-large-file=\"https:\/\/www.hoymercedes.com.ar\/principal\/wp-content\/uploads\/2020\/01\/27-musica-plaza.jpeg\" src=\"https:\/\/www.hoymercedes.com.ar\/principal\/wp-content\/uploads\/2020\/01\/27-musica-plaza.jpeg\" alt=\"\" class=\"wp-image-105658\"\/><\/figure>\n\n\n\n<p>El viernes arranc\u00f3 con Patio de Tango, Semilla Agreste y la Clave en el aspecto musical, adem\u00e1s del tradicional concurso de baile contando una vez m\u00e1s como cada noche con cantina solidaria.<\/p>\n\n\n\n<p>El s\u00e1bado fue el turno de Plaza Rivadavia (San Lu\u00eds) con Sachapampa y Santa Milonguita adem\u00e1s del patio de tango y el concurso de baile.<\/p>\n\n\n\n<p>Ya en la noche del domingo se vivi\u00f3 en Blandengues con Suyai y Camilo Rojas y la Banda Pirata sin olvidar el tango y los concursos.<\/p>\n\n\n\n<p>El ciclo seguir\u00e1 el fin de semana pr\u00f3ximo con fechas en Gowland, plaza San Mart\u00edn y el cierre en La Trocha. Habr\u00e1 juegos para los ni\u00f1os y ni\u00f1as, kermesse, artesanos y m\u00fasica al aire libre. <\/p>\n\n\n\n<p><\/p>\n","protected":false},"excerpt":{"rendered":"<p>El ciclo \u201cM\u00fasica en las Plazas\u201d volvi\u00f3 a tener un fin de semana a pleno, con cientos de asistentes en &#8230; <a title=\"Pas\u00f3 otro fin de semana de \u201cM\u00fasica en las Plazas\u201d\" class=\"read-more\" href=\"https:\/\/www.hoymercedes.com.ar\/principal\/2020\/01\/27\/paso-otro-fin-de-semana-de-musica-en-las-plazas\/\" aria-label=\"Leer m\u00e1s sobre Pas\u00f3 otro fin de semana de \u201cM\u00fasica en las Plazas\u201d\">Leer m\u00e1s<\/a><\/p>\n","protected":false},"author":1,"featured_media":105658,"comment_status":"closed","ping_status":"open","sticky":false,"template":"","format":"standard","meta":{"_monsterinsights_skip_tracking":false,"_monsterinsights_sitenote_active":false,"_monsterinsights_sitenote_note":"","_monsterinsights_sitenote_category":0,"jetpack_post_was_ever_published":false,"_jetpack_newsletter_access":"","_jetpack_dont_email_post_to_subs":false,"_jetpack_newsletter_tier_id":0,"_jetpack_memberships_contains_paywalled_content":false,"_jetpack_memberships_contains_paid_content":false,"footnotes":"","jetpack_publicize_message":"","jetpack_publicize_feature_enabled":true,"jetpack_social_post_already_shared":true,"jetpack_social_options":{"image_generator_settings":{"template":"highway","default_image_id":0,"font":"","enabled":false},"version":2},"_wpas_customize_per_network":false},"categories":[104],"tags":[7805,10455],"class_list":["post-105657","post","type-post","status-publish","format-standard","has-post-thumbnail","hentry","category-cultura","tag-cultura","tag-musica-en-las-plazas","generate-columns","tablet-grid-50","mobile-grid-100","grid-parent","grid-50"],"jetpack_publicize_connections":[],"jetpack_featured_media_url":"https:\/\/www.hoymercedes.com.ar\/principal\/wp-content\/uploads\/2020\/01\/27-musica-plaza.jpeg","wps_subtitle":"Contin\u00faa el ciclo de verano","jetpack_sharing_enabled":true,"_links":{"self":[{"href":"https:\/\/www.hoymercedes.com.ar\/principal\/wp-json\/wp\/v2\/posts\/105657","targetHints":{"allow":["GET"]}}],"collection":[{"href":"https:\/\/www.hoymercedes.com.ar\/principal\/wp-json\/wp\/v2\/posts"}],"about":[{"href":"https:\/\/www.hoymercedes.com.ar\/principal\/wp-json\/wp\/v2\/types\/post"}],"author":[{"embeddable":true,"href":"https:\/\/www.hoymercedes.com.ar\/principal\/wp-json\/wp\/v2\/users\/1"}],"replies":[{"embeddable":true,"href":"https:\/\/www.hoymercedes.com.ar\/principal\/wp-json\/wp\/v2\/comments?post=105657"}],"version-history":[{"count":0,"href":"https:\/\/www.hoymercedes.com.ar\/principal\/wp-json\/wp\/v2\/posts\/105657\/revisions"}],"wp:featuredmedia":[{"embeddable":true,"href":"https:\/\/www.hoymercedes.com.ar\/principal\/wp-json\/wp\/v2\/media\/105658"}],"wp:attachment":[{"href":"https:\/\/www.hoymercedes.com.ar\/principal\/wp-json\/wp\/v2\/media?parent=105657"}],"wp:term":[{"taxonomy":"category","embeddable":true,"href":"https:\/\/www.hoymercedes.com.ar\/principal\/wp-json\/wp\/v2\/categories?post=105657"},{"taxonomy":"post_tag","embeddable":true,"href":"https:\/\/www.hoymercedes.com.ar\/principal\/wp-json\/wp\/v2\/tags?post=105657"}],"curies":[{"name":"wp","href":"https:\/\/api.w.org\/{rel}","templated":true}]}}