{"id":105672,"date":"2020-01-28T07:22:00","date_gmt":"2020-01-28T10:22:00","guid":{"rendered":"http:\/\/www.hoymercedes.com.ar\/principal\/?p=105672"},"modified":"2020-01-27T18:30:25","modified_gmt":"2020-01-27T21:30:25","slug":"diputado-selva-necesitamos-resolver-la-profunda-crisis-de-deuda-publica","status":"publish","type":"post","link":"https:\/\/www.hoymercedes.com.ar\/principal\/2020\/01\/28\/diputado-selva-necesitamos-resolver-la-profunda-crisis-de-deuda-publica\/","title":{"rendered":"Diputado Selva: \u201cNecesitamos resolver la profunda crisis de deuda p\u00fablica\u201d"},"content":{"rendered":"\n<p>El mercedino Carlos Selva, quien es diputado Nacional por el Frente de Todos, tras el viaje que realiz\u00f3 el presidente Alberto Fern\u00e1ndez en Israel, dialog\u00f3 con \u2018Minuto a minuto\u2019, programa de C5N.<\/p>\n\n\n\n<figure class=\"wp-block-image size-large\"><img loading=\"lazy\" decoding=\"async\" width=\"800\" height=\"533\" data-attachment-id=\"105673\" data-permalink=\"https:\/\/www.hoymercedes.com.ar\/principal\/2020\/01\/28\/diputado-selva-necesitamos-resolver-la-profunda-crisis-de-deuda-publica\/28-selva2\/#main\" data-orig-file=\"https:\/\/www.hoymercedes.com.ar\/principal\/wp-content\/uploads\/2020\/01\/28-selva2.jpg\" data-orig-size=\"800,533\" data-comments-opened=\"0\" data-image-meta=\"{&quot;aperture&quot;:&quot;0&quot;,&quot;credit&quot;:&quot;&quot;,&quot;camera&quot;:&quot;&quot;,&quot;caption&quot;:&quot;&quot;,&quot;created_timestamp&quot;:&quot;0&quot;,&quot;copyright&quot;:&quot;&quot;,&quot;focal_length&quot;:&quot;0&quot;,&quot;iso&quot;:&quot;0&quot;,&quot;shutter_speed&quot;:&quot;0&quot;,&quot;title&quot;:&quot;&quot;,&quot;orientation&quot;:&quot;0&quot;}\" data-image-title=\"28 selva2\" data-image-description=\"\" data-image-caption=\"\" data-large-file=\"https:\/\/www.hoymercedes.com.ar\/principal\/wp-content\/uploads\/2020\/01\/28-selva2.jpg\" src=\"https:\/\/www.hoymercedes.com.ar\/principal\/wp-content\/uploads\/2020\/01\/28-selva2.jpg\" alt=\"\" class=\"wp-image-105673\"\/><\/figure>\n\n\n\n<p>\u201cNecesitamos resolver la profunda crisis de deuda p\u00fablica, consecuencia del fracaso de un modelo de pa\u00eds que solo hizo da\u00f1o a los argentinos\u201d, sostuvo. \u201cEl proyecto de Ley de Restauraci\u00f3n de la Sostenibilidad de la Deuda P\u00fablica Externa es un primer paso para empezar a poner a la Argentina de pie\u201d, agreg\u00f3.<\/p>\n\n\n\n<p>\u201cHay temas de prioridades del punto de vista social y hay que tener una visi\u00f3n como pa\u00eds de nuestras acreencias externas, que son imposibles de cumplir,\u201d dijo y record\u00f3 que \u201chubo comisiones\u201d, objetando que \u201cpor cada 1.000 millones de d\u00f3lares deuda que se tomaron algunos se llevaron 2.000.000\u201d.<\/p>\n\n\n\n<p>Fuente: Carlos Selva Web<\/p>\n","protected":false},"excerpt":{"rendered":"<p>El mercedino Carlos Selva, quien es diputado Nacional por el Frente de Todos, tras el viaje que realiz\u00f3 el presidente &#8230; <a title=\"Diputado Selva: \u201cNecesitamos resolver la profunda crisis de deuda p\u00fablica\u201d\" class=\"read-more\" href=\"https:\/\/www.hoymercedes.com.ar\/principal\/2020\/01\/28\/diputado-selva-necesitamos-resolver-la-profunda-crisis-de-deuda-publica\/\" aria-label=\"Leer m\u00e1s sobre Diputado Selva: \u201cNecesitamos resolver la profunda crisis de deuda p\u00fablica\u201d\">Leer m\u00e1s<\/a><\/p>\n","protected":false},"author":1,"featured_media":105673,"comment_status":"closed","ping_status":"open","sticky":false,"template":"","format":"standard","meta":{"_monsterinsights_skip_tracking":false,"_monsterinsights_sitenote_active":false,"_monsterinsights_sitenote_note":"","_monsterinsights_sitenote_category":0,"jetpack_post_was_ever_published":false,"_jetpack_newsletter_access":"","_jetpack_dont_email_post_to_subs":false,"_jetpack_newsletter_tier_id":0,"_jetpack_memberships_contains_paywalled_content":false,"_jetpack_memberships_contains_paid_content":false,"footnotes":"","jetpack_publicize_message":"","jetpack_publicize_feature_enabled":true,"jetpack_social_post_already_shared":true,"jetpack_social_options":{"image_generator_settings":{"template":"highway","default_image_id":0,"font":"","enabled":false},"version":2},"_wpas_customize_per_network":false},"categories":[5210],"tags":[39,8786,10113],"class_list":["post-105672","post","type-post","status-publish","format-standard","has-post-thumbnail","hentry","category-politica-nacional","tag-carlos-selva","tag-economia","tag-politica-nacional","generate-columns","tablet-grid-50","mobile-grid-100","grid-parent","grid-50"],"jetpack_publicize_connections":[],"jetpack_featured_media_url":"https:\/\/www.hoymercedes.com.ar\/principal\/wp-content\/uploads\/2020\/01\/28-selva2.jpg","wps_subtitle":"En TV por cable","jetpack_sharing_enabled":true,"_links":{"self":[{"href":"https:\/\/www.hoymercedes.com.ar\/principal\/wp-json\/wp\/v2\/posts\/105672","targetHints":{"allow":["GET"]}}],"collection":[{"href":"https:\/\/www.hoymercedes.com.ar\/principal\/wp-json\/wp\/v2\/posts"}],"about":[{"href":"https:\/\/www.hoymercedes.com.ar\/principal\/wp-json\/wp\/v2\/types\/post"}],"author":[{"embeddable":true,"href":"https:\/\/www.hoymercedes.com.ar\/principal\/wp-json\/wp\/v2\/users\/1"}],"replies":[{"embeddable":true,"href":"https:\/\/www.hoymercedes.com.ar\/principal\/wp-json\/wp\/v2\/comments?post=105672"}],"version-history":[{"count":0,"href":"https:\/\/www.hoymercedes.com.ar\/principal\/wp-json\/wp\/v2\/posts\/105672\/revisions"}],"wp:featuredmedia":[{"embeddable":true,"href":"https:\/\/www.hoymercedes.com.ar\/principal\/wp-json\/wp\/v2\/media\/105673"}],"wp:attachment":[{"href":"https:\/\/www.hoymercedes.com.ar\/principal\/wp-json\/wp\/v2\/media?parent=105672"}],"wp:term":[{"taxonomy":"category","embeddable":true,"href":"https:\/\/www.hoymercedes.com.ar\/principal\/wp-json\/wp\/v2\/categories?post=105672"},{"taxonomy":"post_tag","embeddable":true,"href":"https:\/\/www.hoymercedes.com.ar\/principal\/wp-json\/wp\/v2\/tags?post=105672"}],"curies":[{"name":"wp","href":"https:\/\/api.w.org\/{rel}","templated":true}]}}