{"id":105733,"date":"2020-01-29T12:16:00","date_gmt":"2020-01-29T15:16:00","guid":{"rendered":"http:\/\/www.hoymercedes.com.ar\/principal\/?p=105733"},"modified":"2020-01-29T10:49:54","modified_gmt":"2020-01-29T13:49:54","slug":"carlos-selva-en-el-ministerio-de-transporte-en-reunion-por-ferrocarriles","status":"publish","type":"post","link":"https:\/\/www.hoymercedes.com.ar\/principal\/2020\/01\/29\/carlos-selva-en-el-ministerio-de-transporte-en-reunion-por-ferrocarriles\/","title":{"rendered":"Carlos Selva, en el Ministerio de Transporte, en reuni\u00f3n por ferrocarriles"},"content":{"rendered":"\n<p>El diputado nacional\u00a0<strong>Carlos Selva<\/strong>\u00a0estuvo este martes en el Ministerio de Transporte de la Naci\u00f3n Argentina, siendo parte de una importante reuni\u00f3n en relaci\u00f3n al futuro del transporte ferroviario.<\/p>\n\n\n\n<figure class=\"wp-block-image size-large\"><img loading=\"lazy\" decoding=\"async\" width=\"800\" height=\"533\" data-attachment-id=\"105734\" data-permalink=\"https:\/\/www.hoymercedes.com.ar\/principal\/2020\/01\/29\/carlos-selva-en-el-ministerio-de-transporte-en-reunion-por-ferrocarriles\/29-selva-meoni\/#main\" data-orig-file=\"https:\/\/www.hoymercedes.com.ar\/principal\/wp-content\/uploads\/2020\/01\/29-selva-meoni.jpg\" data-orig-size=\"800,533\" data-comments-opened=\"0\" data-image-meta=\"{&quot;aperture&quot;:&quot;0&quot;,&quot;credit&quot;:&quot;&quot;,&quot;camera&quot;:&quot;&quot;,&quot;caption&quot;:&quot;&quot;,&quot;created_timestamp&quot;:&quot;0&quot;,&quot;copyright&quot;:&quot;&quot;,&quot;focal_length&quot;:&quot;0&quot;,&quot;iso&quot;:&quot;0&quot;,&quot;shutter_speed&quot;:&quot;0&quot;,&quot;title&quot;:&quot;&quot;,&quot;orientation&quot;:&quot;0&quot;}\" data-image-title=\"29 selva meoni\" data-image-description=\"\" data-image-caption=\"\" data-large-file=\"https:\/\/www.hoymercedes.com.ar\/principal\/wp-content\/uploads\/2020\/01\/29-selva-meoni.jpg\" src=\"https:\/\/www.hoymercedes.com.ar\/principal\/wp-content\/uploads\/2020\/01\/29-selva-meoni.jpg\" alt=\"\" class=\"wp-image-105734\"\/><\/figure>\n\n\n\n<p>\u201cCon el Ministro de Transporte de la Naci\u00f3n,&nbsp;<strong>Mario Meoni<\/strong>, recibimos al Instituto Argentino de Ferrocarriles que acercaron interesantes propuestas como aporte al arduo desaf\u00edo que tiene el Ministerio para recuperar uno de los principales motores, no s\u00f3lo del transporte p\u00fablico sino del desarrollo productivo de nuestro pa\u00eds\u201d, destac\u00f3 el propio Selva.<\/p>\n\n\n\n<p>El Instituto Argentino de Ferrocarriles (IAF) es la \u00fanica ONG profesional, independiente y sin fines de lucro en Argentina y probablemente en Am\u00e9rica Latina, dedicada a la preservaci\u00f3n, defensa y promoci\u00f3n del ferrocarril como medio de transporte y como patrimonio cultural.<\/p>\n\n\n\n<p>El IAF asesora, estudia y desarrolla proyectos de recuperaci\u00f3n del patrimonio ferroviario, rehabilitaci\u00f3n de ramales clausurados, constituci\u00f3n de colonias, comunidades o emprendimientos productivos en co-relaci\u00f3n con el ferrocarril, procurando reutilizar los inmuebles de estaciones para fines productivos y fomentando el transporte sobre rieles. Cuenta con convenios con universidades y otras instituciones.<\/p>\n\n\n\n<p>Fuente: Carlos Selva Web<\/p>\n","protected":false},"excerpt":{"rendered":"<p>El diputado nacional\u00a0Carlos Selva\u00a0estuvo este martes en el Ministerio de Transporte de la Naci\u00f3n Argentina, siendo parte de una importante &#8230; <a title=\"Carlos Selva, en el Ministerio de Transporte, en reuni\u00f3n por ferrocarriles\" class=\"read-more\" href=\"https:\/\/www.hoymercedes.com.ar\/principal\/2020\/01\/29\/carlos-selva-en-el-ministerio-de-transporte-en-reunion-por-ferrocarriles\/\" aria-label=\"Leer m\u00e1s sobre Carlos Selva, en el Ministerio de Transporte, en reuni\u00f3n por ferrocarriles\">Leer m\u00e1s<\/a><\/p>\n","protected":false},"author":1,"featured_media":105734,"comment_status":"closed","ping_status":"open","sticky":false,"template":"","format":"standard","meta":{"_monsterinsights_skip_tracking":false,"_monsterinsights_sitenote_active":false,"_monsterinsights_sitenote_note":"","_monsterinsights_sitenote_category":0,"jetpack_post_was_ever_published":false,"_jetpack_newsletter_access":"","_jetpack_dont_email_post_to_subs":false,"_jetpack_newsletter_tier_id":0,"_jetpack_memberships_contains_paywalled_content":false,"_jetpack_memberships_contains_paid_content":false,"footnotes":"","jetpack_publicize_message":"","jetpack_publicize_feature_enabled":true,"jetpack_social_post_already_shared":true,"jetpack_social_options":{"image_generator_settings":{"template":"highway","default_image_id":0,"font":"","enabled":false},"version":2},"_wpas_customize_per_network":false},"categories":[5210],"tags":[39,16173,16172,8803],"class_list":["post-105733","post","type-post","status-publish","format-standard","has-post-thumbnail","hentry","category-politica-nacional","tag-carlos-selva","tag-ferrocarrilles","tag-meoni","tag-transporte","generate-columns","tablet-grid-50","mobile-grid-100","grid-parent","grid-50"],"jetpack_publicize_connections":[],"jetpack_featured_media_url":"https:\/\/www.hoymercedes.com.ar\/principal\/wp-content\/uploads\/2020\/01\/29-selva-meoni.jpg","wps_subtitle":"","jetpack_sharing_enabled":true,"_links":{"self":[{"href":"https:\/\/www.hoymercedes.com.ar\/principal\/wp-json\/wp\/v2\/posts\/105733","targetHints":{"allow":["GET"]}}],"collection":[{"href":"https:\/\/www.hoymercedes.com.ar\/principal\/wp-json\/wp\/v2\/posts"}],"about":[{"href":"https:\/\/www.hoymercedes.com.ar\/principal\/wp-json\/wp\/v2\/types\/post"}],"author":[{"embeddable":true,"href":"https:\/\/www.hoymercedes.com.ar\/principal\/wp-json\/wp\/v2\/users\/1"}],"replies":[{"embeddable":true,"href":"https:\/\/www.hoymercedes.com.ar\/principal\/wp-json\/wp\/v2\/comments?post=105733"}],"version-history":[{"count":0,"href":"https:\/\/www.hoymercedes.com.ar\/principal\/wp-json\/wp\/v2\/posts\/105733\/revisions"}],"wp:featuredmedia":[{"embeddable":true,"href":"https:\/\/www.hoymercedes.com.ar\/principal\/wp-json\/wp\/v2\/media\/105734"}],"wp:attachment":[{"href":"https:\/\/www.hoymercedes.com.ar\/principal\/wp-json\/wp\/v2\/media?parent=105733"}],"wp:term":[{"taxonomy":"category","embeddable":true,"href":"https:\/\/www.hoymercedes.com.ar\/principal\/wp-json\/wp\/v2\/categories?post=105733"},{"taxonomy":"post_tag","embeddable":true,"href":"https:\/\/www.hoymercedes.com.ar\/principal\/wp-json\/wp\/v2\/tags?post=105733"}],"curies":[{"name":"wp","href":"https:\/\/api.w.org\/{rel}","templated":true}]}}