{"id":10581,"date":"2012-01-26T00:22:14","date_gmt":"2012-01-26T00:22:14","guid":{"rendered":"http:\/\/www.hoymercedes.com.ar\/principal\/?p=10581"},"modified":"2012-01-26T00:22:14","modified_gmt":"2012-01-26T00:22:14","slug":"el-intendente-selva-se-reune-con-vecinos","status":"publish","type":"post","link":"https:\/\/www.hoymercedes.com.ar\/principal\/2012\/01\/26\/el-intendente-selva-se-reune-con-vecinos\/","title":{"rendered":"El intendente Selva se re\u00fane con vecinos"},"content":{"rendered":"<p style=\"text-align: center;\"><a href=\"https:\/\/www.hoymercedes.com.ar\/principal\/wp-content\/uploads\/2012\/01\/Selva-Vecinos.jpg\"><img loading=\"lazy\" decoding=\"async\" data-attachment-id=\"10583\" data-permalink=\"https:\/\/www.hoymercedes.com.ar\/principal\/2012\/01\/26\/el-intendente-selva-se-reune-con-vecinos\/selva-vecinos\/#main\" data-orig-file=\"https:\/\/www.hoymercedes.com.ar\/principal\/wp-content\/uploads\/2012\/01\/Selva-Vecinos.jpg\" data-orig-size=\"612,318\" data-comments-opened=\"1\" data-image-meta=\"{&quot;aperture&quot;:&quot;5&quot;,&quot;credit&quot;:&quot;&quot;,&quot;camera&quot;:&quot;NIKON D50&quot;,&quot;caption&quot;:&quot;&quot;,&quot;created_timestamp&quot;:&quot;1327434558&quot;,&quot;copyright&quot;:&quot;&quot;,&quot;focal_length&quot;:&quot;28&quot;,&quot;iso&quot;:&quot;0&quot;,&quot;shutter_speed&quot;:&quot;0.01&quot;,&quot;title&quot;:&quot;&quot;}\" data-image-title=\"Selva-Vecinos\" data-image-description=\"\" data-image-caption=\"\" data-large-file=\"https:\/\/www.hoymercedes.com.ar\/principal\/wp-content\/uploads\/2012\/01\/Selva-Vecinos.jpg\" class=\"size-full wp-image-10583 aligncenter\" title=\"Selva-Vecinos\" src=\"https:\/\/www.hoymercedes.com.ar\/principal\/wp-content\/uploads\/2012\/01\/Selva-Vecinos.jpg\" alt=\"\" width=\"612\" height=\"318\" \/><\/a><\/p>\n<p>El Intendente Carlos Selva se reuni\u00f3 con los vecinos de los Barrios Calvillo, Eva Duarte, Los Robles y los habitantes del loteo \u201cLas Merceditas\u201d continuando con el Plan de Regionalizaci\u00f3n de Desarrollo.<\/p>\n<p>Continuando con las reuniones, mas all\u00e1 de la coyuntura electoral, estuvieron dialogando sobre diferentes problem\u00e1ticas del los barrios, como cloacas, arreglos y mantenimiento de calles y el proyecto de agua corriente para los sectores que faltan.<\/p>\n<p>Carlos Selva habl\u00f3 sobre el proyecto de que el Jard\u00edn Maternal N\u00b0 2 se extienda a funcionar como Jard\u00edn de Infantes para chicos de hasta de 6 a\u00f1os, \u201d\u2026es algo que no podemos hacer en el Jard\u00edn Maternal N\u00b0 1 por una cuesti\u00f3n de espacio, pero es algo que hace falta en los barrios\u201d Manifest\u00f3 el Primer Mandatario.<\/p>\n<p>\u201cHemos hecho mucho en este barrio y sabemos que quedan cosas por hacer, por eso pretendo que la gente se comprometa en tratar de motivar a los vecinos para que nos ayude \u2013agreg\u00f3 adem\u00e1s- que la gente que se benefici\u00f3 con las obras que hizo la Municipalidad, absorbiendo todos los gastos, colabore con los dem\u00e1s vecinos que tienen que pagar por las obras\u201d.<\/p>\n<p>Los referentes de los distintos barrios que participaron de la reuni\u00f3n le presentaron al Intendente los problemas que aquejan a los vecinos para tratar de llegar juntos a una soluci\u00f3n.<\/p>\n<p>Estas reuniones se estar\u00e1n realizando por los diferentes barrios de la ciudad para conocer la problem\u00e1tica de los mismos. La Presidenta de la Sociedad de Fomento del Barrio San Antonio Nora Alvarado est\u00e1 coordinando las reuniones con los referentes de cada barrio.<\/p>\n","protected":false},"excerpt":{"rendered":"<p>El Intendente Carlos Selva se reuni\u00f3 con los vecinos de los Barrios Calvillo, Eva Duarte, Los Robles y los habitantes &#8230; <a title=\"El intendente Selva se re\u00fane con vecinos\" class=\"read-more\" href=\"https:\/\/www.hoymercedes.com.ar\/principal\/2012\/01\/26\/el-intendente-selva-se-reune-con-vecinos\/\" aria-label=\"Leer m\u00e1s sobre El intendente Selva se re\u00fane con vecinos\">Leer m\u00e1s<\/a><\/p>\n","protected":false},"author":1,"featured_media":0,"comment_status":"open","ping_status":"open","sticky":false,"template":"","format":"standard","meta":{"_monsterinsights_skip_tracking":false,"_monsterinsights_sitenote_active":false,"_monsterinsights_sitenote_note":"","_monsterinsights_sitenote_category":0,"jetpack_post_was_ever_published":false,"_jetpack_newsletter_access":"","_jetpack_dont_email_post_to_subs":false,"_jetpack_newsletter_tier_id":0,"_jetpack_memberships_contains_paywalled_content":false,"_jetpack_memberships_contains_paid_content":false,"footnotes":"","jetpack_publicize_message":"","jetpack_publicize_feature_enabled":true,"jetpack_social_post_already_shared":false,"jetpack_social_options":{"image_generator_settings":{"template":"highway","default_image_id":0,"font":"","enabled":false},"version":2},"_wpas_customize_per_network":false},"categories":[5],"tags":[39],"class_list":["post-10581","post","type-post","status-publish","format-standard","hentry","category-politica","tag-carlos-selva","generate-columns","tablet-grid-50","mobile-grid-100","grid-parent","grid-50"],"jetpack_publicize_connections":[],"jetpack_featured_media_url":"","wps_subtitle":"","jetpack_sharing_enabled":true,"_links":{"self":[{"href":"https:\/\/www.hoymercedes.com.ar\/principal\/wp-json\/wp\/v2\/posts\/10581","targetHints":{"allow":["GET"]}}],"collection":[{"href":"https:\/\/www.hoymercedes.com.ar\/principal\/wp-json\/wp\/v2\/posts"}],"about":[{"href":"https:\/\/www.hoymercedes.com.ar\/principal\/wp-json\/wp\/v2\/types\/post"}],"author":[{"embeddable":true,"href":"https:\/\/www.hoymercedes.com.ar\/principal\/wp-json\/wp\/v2\/users\/1"}],"replies":[{"embeddable":true,"href":"https:\/\/www.hoymercedes.com.ar\/principal\/wp-json\/wp\/v2\/comments?post=10581"}],"version-history":[{"count":0,"href":"https:\/\/www.hoymercedes.com.ar\/principal\/wp-json\/wp\/v2\/posts\/10581\/revisions"}],"wp:attachment":[{"href":"https:\/\/www.hoymercedes.com.ar\/principal\/wp-json\/wp\/v2\/media?parent=10581"}],"wp:term":[{"taxonomy":"category","embeddable":true,"href":"https:\/\/www.hoymercedes.com.ar\/principal\/wp-json\/wp\/v2\/categories?post=10581"},{"taxonomy":"post_tag","embeddable":true,"href":"https:\/\/www.hoymercedes.com.ar\/principal\/wp-json\/wp\/v2\/tags?post=10581"}],"curies":[{"name":"wp","href":"https:\/\/api.w.org\/{rel}","templated":true}]}}