{"id":105819,"date":"2020-02-01T14:31:00","date_gmt":"2020-02-01T17:31:00","guid":{"rendered":"http:\/\/www.hoymercedes.com.ar\/principal\/?p=105819"},"modified":"2020-02-03T20:23:24","modified_gmt":"2020-02-03T23:23:24","slug":"cierre-de-escuela-abierta-de-verano-en-unidad-n-5","status":"publish","type":"post","link":"https:\/\/www.hoymercedes.com.ar\/principal\/2020\/02\/01\/cierre-de-escuela-abierta-de-verano-en-unidad-n-5\/","title":{"rendered":"Cierre de escuela abierta de verano en Unidad N\u00b0 5"},"content":{"rendered":"\n<p>El pasado viernes 31 de enero,\u00a0\u00a0se realiz\u00f3 el cierre de la Escuela Abierta de Verano,\u00a0 en el CENS N\u00b0 452 (antes conocida como la Media N\u00b0 2 en la Unidad Penitenciaria N\u00b0 5 de Mercedes)- con las internas del penal. A lo largo del mes de enero, todas las ma\u00f1anas la internas tuvieron actividades recreativas art\u00edsticas que fueron presentados en el cierre del ciclo educativo. <\/p>\n\n\n\n<figure class=\"wp-block-image size-large\"><img loading=\"lazy\" decoding=\"async\" width=\"800\" height=\"533\" data-attachment-id=\"105823\" data-permalink=\"https:\/\/www.hoymercedes.com.ar\/principal\/2020\/02\/01\/cierre-de-escuela-abierta-de-verano-en-unidad-n-5\/01-esc-verano-carcel-3\/#main\" data-orig-file=\"https:\/\/www.hoymercedes.com.ar\/principal\/wp-content\/uploads\/2020\/01\/01-esc-verano-carcel-3.jpg\" data-orig-size=\"800,533\" data-comments-opened=\"0\" data-image-meta=\"{&quot;aperture&quot;:&quot;0&quot;,&quot;credit&quot;:&quot;&quot;,&quot;camera&quot;:&quot;&quot;,&quot;caption&quot;:&quot;&quot;,&quot;created_timestamp&quot;:&quot;0&quot;,&quot;copyright&quot;:&quot;&quot;,&quot;focal_length&quot;:&quot;0&quot;,&quot;iso&quot;:&quot;0&quot;,&quot;shutter_speed&quot;:&quot;0&quot;,&quot;title&quot;:&quot;&quot;,&quot;orientation&quot;:&quot;0&quot;}\" data-image-title=\"01 esc verano carcel 3\" data-image-description=\"\" data-image-caption=\"\" data-large-file=\"https:\/\/www.hoymercedes.com.ar\/principal\/wp-content\/uploads\/2020\/01\/01-esc-verano-carcel-3.jpg\" src=\"https:\/\/www.hoymercedes.com.ar\/principal\/wp-content\/uploads\/2020\/01\/01-esc-verano-carcel-3.jpg\" alt=\"\" class=\"wp-image-105823\"\/><\/figure>\n\n\n\n<p>El modo de dictado fue taller de arte, en dibujo y pintura, buscando la proyecci\u00f3n desde una t\u00e9cnica hacia la otra, en la muestra, los invitados pudieron ver los avances, y logros de las alumnas. La profesora Laura Parra explic\u00f3 el trabajo en dibujo sobre la memoria y el retrato y los rostros. \u00abUsaron la t\u00e9cnica de modelado para lograr comprender la representaci\u00f3n del volumen en la bidimesion, figura humana, paisaje\u00bb, cont\u00f3. <\/p>\n\n\n\n<p>\u00abEl pasaje hacia la pintura fue por medio del color, se realizaron escalas, pinturas monocrom\u00e1ticas, policrom\u00e1ticas y acrom\u00e1ticas. Las alumnas mostraron un gran compromiso con el proyecto y los trabajos propuestos, registr\u00e1ndose un gran progreso en sus producciones. Dentro del proyecto se incluyo el armado de la muestra, como parte fundamental del trabajo realizado durante el mes\u201d, agreg\u00f3.<\/p>\n\n\n\n<figure class=\"wp-block-image size-large\"><img loading=\"lazy\" decoding=\"async\" width=\"800\" height=\"534\" data-attachment-id=\"105822\" data-permalink=\"https:\/\/www.hoymercedes.com.ar\/principal\/2020\/02\/01\/cierre-de-escuela-abierta-de-verano-en-unidad-n-5\/01-esc-verano-carcel-2\/#main\" data-orig-file=\"https:\/\/www.hoymercedes.com.ar\/principal\/wp-content\/uploads\/2020\/01\/01-esc-verano-carcel-2.jpg\" data-orig-size=\"800,534\" data-comments-opened=\"0\" data-image-meta=\"{&quot;aperture&quot;:&quot;0&quot;,&quot;credit&quot;:&quot;&quot;,&quot;camera&quot;:&quot;&quot;,&quot;caption&quot;:&quot;&quot;,&quot;created_timestamp&quot;:&quot;0&quot;,&quot;copyright&quot;:&quot;&quot;,&quot;focal_length&quot;:&quot;0&quot;,&quot;iso&quot;:&quot;0&quot;,&quot;shutter_speed&quot;:&quot;0&quot;,&quot;title&quot;:&quot;&quot;,&quot;orientation&quot;:&quot;0&quot;}\" data-image-title=\"01 esc verano carcel 2\" data-image-description=\"\" data-image-caption=\"\" data-large-file=\"https:\/\/www.hoymercedes.com.ar\/principal\/wp-content\/uploads\/2020\/01\/01-esc-verano-carcel-2.jpg\" src=\"https:\/\/www.hoymercedes.com.ar\/principal\/wp-content\/uploads\/2020\/01\/01-esc-verano-carcel-2.jpg\" alt=\"\" class=\"wp-image-105822\"\/><\/figure>\n\n\n\n<p>\u00a0En la muestra estuvieron como invitadas, la\u00a0Directora de Escuela de Arte Patricia Boffi,\u00a0y la reconocida y premiada\u00a0artista pl\u00e1stica local, Marcela Cueto, quienes le hicieron una devoluci\u00f3n de los trabajos, y las incentivaron durante la charla a continuar con lo aprendido y explicaron el sentir que tiene para cada uno el arte.<\/p>\n\n\n\n<p>Adem\u00e1s se encontraban presentes los Inspectores de la DGCyE Jefe Distrital de la Cristian Ponce y la Inspectora de Art\u00edstica Teresita Mansilla, y el Director del CENS 452 Sergio Denapole,\u00a0\u00a0quienes tambi\u00e9n conversaron con las alumnas y pidieron sus opiniones, las cuales fueron muy emotivas, destacando que este espacio las hac\u00eda sentir que no estaban encerradas, y valoraron mucho con la negatividad que llegaron, por no saber dibujar, porque no les iba a salir, y la \u201cprofe\u201d con sus t\u00e9cnicas las hizo aprender.<\/p>\n\n\n\n<p>\u00a0Para concluir\u00a0\u00a0el grupo\u00a0La Ra\u00edz, compuesto por Marilina Erramuspe y Mariel Solari, hicieron el cierre musical, interpretando varios temas, del ritmo latinoamericana, generando un espacio intimista con las internas.<\/p>\n\n\n\n<figure class=\"wp-block-image size-large\"><img loading=\"lazy\" decoding=\"async\" width=\"800\" height=\"450\" data-attachment-id=\"105821\" data-permalink=\"https:\/\/www.hoymercedes.com.ar\/principal\/2020\/02\/01\/cierre-de-escuela-abierta-de-verano-en-unidad-n-5\/01-esc-verano-carcel-1\/#main\" data-orig-file=\"https:\/\/www.hoymercedes.com.ar\/principal\/wp-content\/uploads\/2020\/01\/01-esc-verano-carcel-1.jpg\" data-orig-size=\"800,450\" data-comments-opened=\"0\" data-image-meta=\"{&quot;aperture&quot;:&quot;0&quot;,&quot;credit&quot;:&quot;&quot;,&quot;camera&quot;:&quot;&quot;,&quot;caption&quot;:&quot;&quot;,&quot;created_timestamp&quot;:&quot;0&quot;,&quot;copyright&quot;:&quot;&quot;,&quot;focal_length&quot;:&quot;0&quot;,&quot;iso&quot;:&quot;0&quot;,&quot;shutter_speed&quot;:&quot;0&quot;,&quot;title&quot;:&quot;&quot;,&quot;orientation&quot;:&quot;0&quot;}\" data-image-title=\"01 esc verano carcel 1\" data-image-description=\"\" data-image-caption=\"\" data-large-file=\"https:\/\/www.hoymercedes.com.ar\/principal\/wp-content\/uploads\/2020\/01\/01-esc-verano-carcel-1.jpg\" src=\"https:\/\/www.hoymercedes.com.ar\/principal\/wp-content\/uploads\/2020\/01\/01-esc-verano-carcel-1.jpg\" alt=\"\" class=\"wp-image-105821\"\/><\/figure>\n","protected":false},"excerpt":{"rendered":"<p>El pasado viernes 31 de enero,\u00a0\u00a0se realiz\u00f3 el cierre de la Escuela Abierta de Verano,\u00a0 en el CENS N\u00b0 452 &#8230; <a title=\"Cierre de escuela abierta de verano en Unidad N\u00b0 5\" class=\"read-more\" href=\"https:\/\/www.hoymercedes.com.ar\/principal\/2020\/02\/01\/cierre-de-escuela-abierta-de-verano-en-unidad-n-5\/\" aria-label=\"Leer m\u00e1s sobre Cierre de escuela abierta de verano en Unidad N\u00b0 5\">Leer m\u00e1s<\/a><\/p>\n","protected":false},"author":1,"featured_media":105821,"comment_status":"closed","ping_status":"open","sticky":false,"template":"","format":"standard","meta":{"_monsterinsights_skip_tracking":false,"_monsterinsights_sitenote_active":false,"_monsterinsights_sitenote_note":"","_monsterinsights_sitenote_category":0,"jetpack_post_was_ever_published":false,"_jetpack_newsletter_access":"","_jetpack_dont_email_post_to_subs":false,"_jetpack_newsletter_tier_id":0,"_jetpack_memberships_contains_paywalled_content":false,"_jetpack_memberships_contains_paid_content":false,"footnotes":"","jetpack_publicize_message":"","jetpack_publicize_feature_enabled":true,"jetpack_social_post_already_shared":true,"jetpack_social_options":{"image_generator_settings":{"template":"highway","default_image_id":0,"font":"","enabled":false},"version":2},"_wpas_customize_per_network":false},"categories":[23],"tags":[1011,16180,47,8454],"class_list":["post-105819","post","type-post","status-publish","format-standard","has-post-thumbnail","hentry","category-educacion","tag-carcel","tag-cens-n-452","tag-educacion-2","tag-escuela-de-verano","generate-columns","tablet-grid-50","mobile-grid-100","grid-parent","grid-50"],"jetpack_publicize_connections":[],"jetpack_featured_media_url":"https:\/\/www.hoymercedes.com.ar\/principal\/wp-content\/uploads\/2020\/01\/01-esc-verano-carcel-1.jpg","wps_subtitle":"Trabajos art\u00edsticos","jetpack_sharing_enabled":true,"_links":{"self":[{"href":"https:\/\/www.hoymercedes.com.ar\/principal\/wp-json\/wp\/v2\/posts\/105819","targetHints":{"allow":["GET"]}}],"collection":[{"href":"https:\/\/www.hoymercedes.com.ar\/principal\/wp-json\/wp\/v2\/posts"}],"about":[{"href":"https:\/\/www.hoymercedes.com.ar\/principal\/wp-json\/wp\/v2\/types\/post"}],"author":[{"embeddable":true,"href":"https:\/\/www.hoymercedes.com.ar\/principal\/wp-json\/wp\/v2\/users\/1"}],"replies":[{"embeddable":true,"href":"https:\/\/www.hoymercedes.com.ar\/principal\/wp-json\/wp\/v2\/comments?post=105819"}],"version-history":[{"count":0,"href":"https:\/\/www.hoymercedes.com.ar\/principal\/wp-json\/wp\/v2\/posts\/105819\/revisions"}],"wp:featuredmedia":[{"embeddable":true,"href":"https:\/\/www.hoymercedes.com.ar\/principal\/wp-json\/wp\/v2\/media\/105821"}],"wp:attachment":[{"href":"https:\/\/www.hoymercedes.com.ar\/principal\/wp-json\/wp\/v2\/media?parent=105819"}],"wp:term":[{"taxonomy":"category","embeddable":true,"href":"https:\/\/www.hoymercedes.com.ar\/principal\/wp-json\/wp\/v2\/categories?post=105819"},{"taxonomy":"post_tag","embeddable":true,"href":"https:\/\/www.hoymercedes.com.ar\/principal\/wp-json\/wp\/v2\/tags?post=105819"}],"curies":[{"name":"wp","href":"https:\/\/api.w.org\/{rel}","templated":true}]}}