{"id":10586,"date":"2012-01-26T11:27:24","date_gmt":"2012-01-26T11:27:24","guid":{"rendered":"http:\/\/www.hoymercedes.com.ar\/principal\/?p=10586"},"modified":"2012-01-26T11:27:24","modified_gmt":"2012-01-26T11:27:24","slug":"selva-invitado-al-acto-de-reasuncion-de-cristina-fernandez-de-kirchner","status":"publish","type":"post","link":"https:\/\/www.hoymercedes.com.ar\/principal\/2012\/01\/26\/selva-invitado-al-acto-de-reasuncion-de-cristina-fernandez-de-kirchner\/","title":{"rendered":"Selva invitado al acto de reasunci\u00f3n de Cristina Fern\u00e1ndez de Kirchner"},"content":{"rendered":"<p>El intendente Carlos Selva estuvo presente en el acto de reasunci\u00f3n de la Presidenta Cristina Kirchner.<\/p>\n<p>Junto a otros 22 intendentes fue especialmente invitado estando entre las primeras filas siendo varias veces enfocado por las c\u00e1maras de televisi\u00f3n que transmit\u00edan en directo el encuentro.<\/p>\n<p>Selva manifest\u00f3 su alegr\u00eda por haber sido nuevamente convocado a estar presente en el m\u00e1ximo c\u00edrculo de poder nacional.<\/p>\n<p>No es la primera vez que asiste, pero, en esta ocasi\u00f3n se cuenta con un tinte especial dado que es luego de las elecciones m\u00e1s que interesante vividas el a\u00f1o pasado.<\/p>\n<p>Es de p\u00fablico conocimiento que no se accede a esos lugares si no es con invitaci\u00f3n especial emitida desde Casa Rosada y el echo de estar no es sino el reflejo de haber sido convidado del encuentro de reasunci\u00f3n por la propia presidencia.<\/p>\n<p>De esta manera empieza a verse nuevamente un encuentro entre el mandatario local y los espacios nacionales de gobierno y la presidencia en concreto.<\/p>\n<p>&nbsp;<\/p>\n","protected":false},"excerpt":{"rendered":"<p>El intendente Carlos Selva estuvo presente en el acto de reasunci\u00f3n de la Presidenta Cristina Kirchner. Junto a otros 22 &#8230; <a title=\"Selva invitado al acto de reasunci\u00f3n de Cristina Fern\u00e1ndez de Kirchner\" class=\"read-more\" href=\"https:\/\/www.hoymercedes.com.ar\/principal\/2012\/01\/26\/selva-invitado-al-acto-de-reasuncion-de-cristina-fernandez-de-kirchner\/\" aria-label=\"Leer m\u00e1s sobre Selva invitado al acto de reasunci\u00f3n de Cristina Fern\u00e1ndez de Kirchner\">Leer m\u00e1s<\/a><\/p>\n","protected":false},"author":1,"featured_media":0,"comment_status":"open","ping_status":"open","sticky":false,"template":"","format":"standard","meta":{"_monsterinsights_skip_tracking":false,"_monsterinsights_sitenote_active":false,"_monsterinsights_sitenote_note":"","_monsterinsights_sitenote_category":0,"jetpack_post_was_ever_published":false,"_jetpack_newsletter_access":"","_jetpack_dont_email_post_to_subs":false,"_jetpack_newsletter_tier_id":0,"_jetpack_memberships_contains_paywalled_content":false,"_jetpack_memberships_contains_paid_content":false,"footnotes":"","jetpack_publicize_message":"","jetpack_publicize_feature_enabled":true,"jetpack_social_post_already_shared":false,"jetpack_social_options":{"image_generator_settings":{"template":"highway","default_image_id":0,"font":"","enabled":false},"version":2},"_wpas_customize_per_network":false},"categories":[5],"tags":[1157,18],"class_list":["post-10586","post","type-post","status-publish","format-standard","hentry","category-politica","tag-cristina-fernandez-de-kirchner","tag-selva","generate-columns","tablet-grid-50","mobile-grid-100","grid-parent","grid-50"],"jetpack_publicize_connections":[],"jetpack_featured_media_url":"","wps_subtitle":"","jetpack_sharing_enabled":true,"_links":{"self":[{"href":"https:\/\/www.hoymercedes.com.ar\/principal\/wp-json\/wp\/v2\/posts\/10586","targetHints":{"allow":["GET"]}}],"collection":[{"href":"https:\/\/www.hoymercedes.com.ar\/principal\/wp-json\/wp\/v2\/posts"}],"about":[{"href":"https:\/\/www.hoymercedes.com.ar\/principal\/wp-json\/wp\/v2\/types\/post"}],"author":[{"embeddable":true,"href":"https:\/\/www.hoymercedes.com.ar\/principal\/wp-json\/wp\/v2\/users\/1"}],"replies":[{"embeddable":true,"href":"https:\/\/www.hoymercedes.com.ar\/principal\/wp-json\/wp\/v2\/comments?post=10586"}],"version-history":[{"count":0,"href":"https:\/\/www.hoymercedes.com.ar\/principal\/wp-json\/wp\/v2\/posts\/10586\/revisions"}],"wp:attachment":[{"href":"https:\/\/www.hoymercedes.com.ar\/principal\/wp-json\/wp\/v2\/media?parent=10586"}],"wp:term":[{"taxonomy":"category","embeddable":true,"href":"https:\/\/www.hoymercedes.com.ar\/principal\/wp-json\/wp\/v2\/categories?post=10586"},{"taxonomy":"post_tag","embeddable":true,"href":"https:\/\/www.hoymercedes.com.ar\/principal\/wp-json\/wp\/v2\/tags?post=10586"}],"curies":[{"name":"wp","href":"https:\/\/api.w.org\/{rel}","templated":true}]}}