{"id":105876,"date":"2020-02-03T17:05:11","date_gmt":"2020-02-03T20:05:11","guid":{"rendered":"http:\/\/www.hoymercedes.com.ar\/principal\/?p=105876"},"modified":"2020-02-03T20:18:48","modified_gmt":"2020-02-03T23:18:48","slug":"mientras-la-autopista-no-llega-ruta-5-no-deja-de-devorar-gente","status":"publish","type":"post","link":"https:\/\/www.hoymercedes.com.ar\/principal\/2020\/02\/03\/mientras-la-autopista-no-llega-ruta-5-no-deja-de-devorar-gente\/","title":{"rendered":"Mientras la autopista no llega, Ruta 5 no deja de devorar gente"},"content":{"rendered":"\n<p>Mediante una nota editorial, el medio digital \u201cHoy Chivilcoy\u201d, de esa ciudad, llama a la reflexi\u00f3n sobre los constantes accidentes -en su gran mayor\u00eda lamentablemente fatales-, que se producen en el tramo de Ruta 5 que circunda a ese distrito y reclama la ejecuci\u00f3n de la autopista.<\/p>\n\n\n\n<p>La nota del medio colega, se\u00f1ala:<\/p>\n\n\n\n<p>\u201cLa Ruta Nacional 5, en jurisdicci\u00f3n de Chivilcoy y sus zonas aleda\u00f1as -que es lo que nos ata\u00f1e- se ha convertido en un monstruo insaciable, descontrolado, que solo parece apetecido de sangre humana.<br>La maldita ruta es una rudimentaria bestia de cemento, que desde hace a\u00f1os no hace otra cosa que devorar gente.<br>En las \u00faltimas horas, sum\u00f3 otra v\u00edctima fatal a su larga e interminable cosecha de cad\u00e1veres.<br>En horas de la tarde de este viernes 31, a menos de media hora de Chivilcoy -en Suipacha- chocaron un autom\u00f3vil y un cami\u00f3n (foto).<br>El conductor del auto, un joven de 37 a\u00f1os, muri\u00f3 casi en el acto.<br>\u00bfCu\u00e1ntos dejaron su vida en esa fat\u00eddica Ruta 5? La cifra es incalculable.<br>\u00bfCu\u00e1ntos la dejar\u00e1n en los a\u00f1os que vendr\u00e1n? Eso es impredecible.<br>\u00bfPor qu\u00e9 la Ruta 5 se convirti\u00f3 en una inexorable trampa mortal? Porque no se puede eludir.<br>\u00bfPor qu\u00e9 la necesaria, ansiada y esperada autopista, que evitar\u00eda cat\u00e1strofes de este tipo, nunca llega?<br>Por desidia, incapacidad y carencia de valores humanos de quienes tienen responsabilidad gubernamental en la cuesti\u00f3n.<br>Ellos se mueven en helic\u00f3ptero; no tienen idea de lo que pasa aqu\u00ed abajo; no les importa; desprecian y son despreciables.<br>Mientras la autopista no llega; la Ruta 5 no deja de te\u00f1irse de rojo.<br>Nuestros muertos seguir\u00e1n escribiendo con su sangre la epopeya de transitar por ella.<br>Es la triste obra de un Estado que -con su inacci\u00f3n- ha olvidado por completo el valor de la vida humana y en ella, la de muchos vecinos chivilcoyanos, que cayeron inmolados, cumpliendo el deber de recorrerla\u201d<\/p>\n\n\n\n<p><strong>Fuente: Hoy Chivilcoy.<\/strong><br><strong>Foto: Fuente Jorge Oscar Lasala.<\/strong><\/p>\n","protected":false},"excerpt":{"rendered":"<p>Mediante una nota editorial, el medio digital \u201cHoy Chivilcoy\u201d, de esa ciudad, llama a la reflexi\u00f3n sobre los constantes accidentes &#8230; <a title=\"Mientras la autopista no llega, Ruta 5 no deja de devorar gente\" class=\"read-more\" href=\"https:\/\/www.hoymercedes.com.ar\/principal\/2020\/02\/03\/mientras-la-autopista-no-llega-ruta-5-no-deja-de-devorar-gente\/\" aria-label=\"Leer m\u00e1s sobre Mientras la autopista no llega, Ruta 5 no deja de devorar gente\">Leer m\u00e1s<\/a><\/p>\n","protected":false},"author":1,"featured_media":105877,"comment_status":"closed","ping_status":"open","sticky":false,"template":"","format":"standard","meta":{"_monsterinsights_skip_tracking":false,"_monsterinsights_sitenote_active":false,"_monsterinsights_sitenote_note":"","_monsterinsights_sitenote_category":0,"jetpack_post_was_ever_published":false,"_jetpack_newsletter_access":"","_jetpack_dont_email_post_to_subs":false,"_jetpack_newsletter_tier_id":0,"_jetpack_memberships_contains_paywalled_content":false,"_jetpack_memberships_contains_paid_content":false,"footnotes":"","jetpack_publicize_message":"","jetpack_publicize_feature_enabled":true,"jetpack_social_post_already_shared":true,"jetpack_social_options":{"image_generator_settings":{"template":"highway","default_image_id":0,"font":"","enabled":false},"version":2},"_wpas_customize_per_network":false},"categories":[1],"tags":[8748,538,9453],"class_list":["post-105876","post","type-post","status-publish","format-standard","has-post-thumbnail","hentry","category-opinion","tag-opinion","tag-ruta-5","tag-siniestros-viales","generate-columns","tablet-grid-50","mobile-grid-100","grid-parent","grid-50"],"jetpack_publicize_connections":[],"jetpack_featured_media_url":"https:\/\/www.hoymercedes.com.ar\/principal\/wp-content\/uploads\/2020\/02\/esta-si-800x445-1.jpg","wps_subtitle":"Desde Hoy Chivilcoy","jetpack_sharing_enabled":true,"_links":{"self":[{"href":"https:\/\/www.hoymercedes.com.ar\/principal\/wp-json\/wp\/v2\/posts\/105876","targetHints":{"allow":["GET"]}}],"collection":[{"href":"https:\/\/www.hoymercedes.com.ar\/principal\/wp-json\/wp\/v2\/posts"}],"about":[{"href":"https:\/\/www.hoymercedes.com.ar\/principal\/wp-json\/wp\/v2\/types\/post"}],"author":[{"embeddable":true,"href":"https:\/\/www.hoymercedes.com.ar\/principal\/wp-json\/wp\/v2\/users\/1"}],"replies":[{"embeddable":true,"href":"https:\/\/www.hoymercedes.com.ar\/principal\/wp-json\/wp\/v2\/comments?post=105876"}],"version-history":[{"count":0,"href":"https:\/\/www.hoymercedes.com.ar\/principal\/wp-json\/wp\/v2\/posts\/105876\/revisions"}],"wp:featuredmedia":[{"embeddable":true,"href":"https:\/\/www.hoymercedes.com.ar\/principal\/wp-json\/wp\/v2\/media\/105877"}],"wp:attachment":[{"href":"https:\/\/www.hoymercedes.com.ar\/principal\/wp-json\/wp\/v2\/media?parent=105876"}],"wp:term":[{"taxonomy":"category","embeddable":true,"href":"https:\/\/www.hoymercedes.com.ar\/principal\/wp-json\/wp\/v2\/categories?post=105876"},{"taxonomy":"post_tag","embeddable":true,"href":"https:\/\/www.hoymercedes.com.ar\/principal\/wp-json\/wp\/v2\/tags?post=105876"}],"curies":[{"name":"wp","href":"https:\/\/api.w.org\/{rel}","templated":true}]}}