{"id":105910,"date":"2020-02-04T09:09:00","date_gmt":"2020-02-04T12:09:00","guid":{"rendered":"http:\/\/www.hoymercedes.com.ar\/principal\/?p=105910"},"modified":"2020-02-04T09:26:38","modified_gmt":"2020-02-04T12:26:38","slug":"confirman-caso-de-hantavirus-en-chivilcoy","status":"publish","type":"post","link":"https:\/\/www.hoymercedes.com.ar\/principal\/2020\/02\/04\/confirman-caso-de-hantavirus-en-chivilcoy\/","title":{"rendered":"Confirman caso de Hantavirus en Chivilcoy"},"content":{"rendered":"\n<p>Lo confirm\u00f3 la directora de la Regi\u00f3n Sanitaria X, Lic Carolina Di N\u00e1poli, luego de recibir los an\u00e1lisis y establecer el protocolo que dicta el Ministerio de Salud de la Provincia de Buenos Aires. Mantuvo una reuni\u00f3n con el Secretario de Salud Dr Jos\u00e9 Caprara donde acordaron acciones conjuntas.\u00a0<\/p>\n\n\n\n<figure class=\"wp-block-image size-large\"><img loading=\"lazy\" decoding=\"async\" width=\"800\" height=\"450\" data-attachment-id=\"105912\" data-permalink=\"https:\/\/www.hoymercedes.com.ar\/principal\/2020\/02\/04\/confirman-caso-de-hantavirus-en-chivilcoy\/img-20200203-wa0042-777x437_copy_800x450\/#main\" data-orig-file=\"https:\/\/www.hoymercedes.com.ar\/principal\/wp-content\/uploads\/2020\/02\/IMG-20200203-WA0042-777x437_copy_800x450.jpg\" data-orig-size=\"800,450\" data-comments-opened=\"0\" data-image-meta=\"{&quot;aperture&quot;:&quot;0&quot;,&quot;credit&quot;:&quot;&quot;,&quot;camera&quot;:&quot;&quot;,&quot;caption&quot;:&quot;&quot;,&quot;created_timestamp&quot;:&quot;0&quot;,&quot;copyright&quot;:&quot;&quot;,&quot;focal_length&quot;:&quot;0&quot;,&quot;iso&quot;:&quot;0&quot;,&quot;shutter_speed&quot;:&quot;0&quot;,&quot;title&quot;:&quot;&quot;,&quot;orientation&quot;:&quot;0&quot;}\" data-image-title=\"IMG-20200203-WA0042-777x437_copy_800x450\" data-image-description=\"\" data-image-caption=\"\" data-large-file=\"https:\/\/www.hoymercedes.com.ar\/principal\/wp-content\/uploads\/2020\/02\/IMG-20200203-WA0042-777x437_copy_800x450.jpg\" src=\"https:\/\/www.hoymercedes.com.ar\/principal\/wp-content\/uploads\/2020\/02\/IMG-20200203-WA0042-777x437_copy_800x450.jpg\" alt=\"\" class=\"wp-image-105912\"\/><\/figure>\n\n\n\n<p>En la ma\u00f1ana del lunes la Lic Carolina Di N\u00e1poli, directora de la Regi\u00f3n Sanitaria X, dependiente del Ministerio de Salud de la provincia de Buenos Aires, confirm\u00f3 un caso positivo de hantavirus de un vecino de Chivilcoy. Se trata de un hombre\u00a0 que trabaja en la zona rural de nuestra ciudad. Las autoridades de salud visitaron su vivienda y el lugar donde trabaja en donde establecieron medidas sanitarias.\u00a0<\/p>\n\n\n\n<p>Al respecto la Lic. Di N\u00e1poli afirm\u00f3 \u201chemos recibido la confirmaci\u00f3n de un caso positivo de hantavirus de un hombre de 42 a\u00f1os, que vive en nuestra ciudad. El paciente fue evaluado en en centro de salud privado y luego en el hospital Municipal, desde el inicio de sus s\u00edntomas que fueron el 06 de enero hasta su internaci\u00f3n el 18 de enero, donde comienza su tratamiento m\u00e9dico\u201d.\u00a0<\/p>\n\n\n\n<p>Al ser consultada sobre c\u00f3mo tom\u00f3 conocimiento de esta situaci\u00f3n Di N\u00e1poli asegur\u00f3 que \u201c tomamos conocimiento de un posible caso a trav\u00e9s de la denuncia del Hospital Municipal de Chivilcoy en el\u00a0 sistema de Alertas Epidemiol\u00f3gicas (SISA) dependiente de la provincia de Buenos Aires y quedamos a la espera del resultado de los an\u00e1lisis que efect\u00faa el Ministerio de Salud de la Naci\u00f3n a trav\u00e9s del \u00e1rea de zoonosis. La confirmaci\u00f3n positiva fue el viernes 31 de enero, donde inmediatamente aplicamos el protocolo a seguir, dando notificaci\u00f3n al Secretario de Salud local, Dr Jos\u00e9 Caprara\u201d\u00a0<\/p>\n\n\n\n<p>La Directora de Regi\u00f3n Sanitaria X asegur\u00f3 que \u00abhoy se llev\u00f3 a cabo por parte del Ministerio de Salud de la Naci\u00f3n una inspecci\u00f3n ambiental t\u00e9cnica del lugar de residencia y del lugar de trabajo, con el fin de detectar posibles nidos de roedores, como primera medida urgente de prevenci\u00f3n y cuidado tanto a los convivientes y vecinos de la zona.\u00a0<\/p>\n\n\n\n<p>\u201cLuego continuamos con el \u00e1rea de saneamiento de la provincia que se encarga del control de vectores a trav\u00e9s de la desratizaci\u00f3n en la zona de residencia del paciente afectado por Hantavirus\u00bb.<br><\/p>\n\n\n\n<p><strong>POL\u00cdTICAS\u00a0 DE PREVENCI\u00d3N\u00a0<\/strong><\/p>\n\n\n\n<p>Di N\u00e1poli inform\u00f3 que \u201cLe solicitamos al Dr Caprara la colaboraci\u00f3n del Municipio para desmalezar pastizales y la eliminaci\u00f3n de microbasurales y basurales a cielo abierto, ya que son lugares propicio para proliferaci\u00f3n y reproducci\u00f3n de los roedores\u201d.\u00a0<\/p>\n\n\n\n<p>Como medidas de prevenci\u00f3n recomend\u00f3 mantener la vivienda limpia para evitar la presencia de roedores, evitar que roedores entren o hagan nidos en las casas, tapando orificios en puertas, paredes, ventanas y ca\u00f1er\u00edas. Colocar huertas y le\u00f1as lejos del hogar, cortar pastos y malezas hasta un radio de 30 metros alrededor del domicilio y ventilar lugares cerrados.\u00a0<\/p>\n\n\n\n<p>Fuente: Noticias Chivilcoy<\/p>\n","protected":false},"excerpt":{"rendered":"<p>Lo confirm\u00f3 la directora de la Regi\u00f3n Sanitaria X, Lic Carolina Di N\u00e1poli, luego de recibir los an\u00e1lisis y establecer &#8230; <a title=\"Confirman caso de Hantavirus en Chivilcoy\" class=\"read-more\" href=\"https:\/\/www.hoymercedes.com.ar\/principal\/2020\/02\/04\/confirman-caso-de-hantavirus-en-chivilcoy\/\" aria-label=\"Leer m\u00e1s sobre Confirman caso de Hantavirus en Chivilcoy\">Leer m\u00e1s<\/a><\/p>\n","protected":false},"author":1,"featured_media":105912,"comment_status":"closed","ping_status":"open","sticky":false,"template":"","format":"standard","meta":{"_monsterinsights_skip_tracking":false,"_monsterinsights_sitenote_active":false,"_monsterinsights_sitenote_note":"","_monsterinsights_sitenote_category":0,"jetpack_post_was_ever_published":false,"_jetpack_newsletter_access":"","_jetpack_dont_email_post_to_subs":false,"_jetpack_newsletter_tier_id":0,"_jetpack_memberships_contains_paywalled_content":false,"_jetpack_memberships_contains_paid_content":false,"footnotes":"","jetpack_publicize_message":"","jetpack_publicize_feature_enabled":true,"jetpack_social_post_already_shared":false,"jetpack_social_options":{"image_generator_settings":{"template":"highway","default_image_id":0,"font":"","enabled":false},"version":2},"_wpas_customize_per_network":false},"categories":[9791],"tags":[8778,8703,1057,134],"class_list":["post-105910","post","type-post","status-publish","format-standard","has-post-thumbnail","hentry","category-salud","tag-hantavirus","tag-region-sanitaria-x","tag-regional","tag-salud","generate-columns","tablet-grid-50","mobile-grid-100","grid-parent","grid-50"],"jetpack_publicize_connections":[],"jetpack_featured_media_url":"https:\/\/www.hoymercedes.com.ar\/principal\/wp-content\/uploads\/2020\/02\/IMG-20200203-WA0042-777x437_copy_800x450.jpg","wps_subtitle":"Salud regional","jetpack_sharing_enabled":true,"_links":{"self":[{"href":"https:\/\/www.hoymercedes.com.ar\/principal\/wp-json\/wp\/v2\/posts\/105910","targetHints":{"allow":["GET"]}}],"collection":[{"href":"https:\/\/www.hoymercedes.com.ar\/principal\/wp-json\/wp\/v2\/posts"}],"about":[{"href":"https:\/\/www.hoymercedes.com.ar\/principal\/wp-json\/wp\/v2\/types\/post"}],"author":[{"embeddable":true,"href":"https:\/\/www.hoymercedes.com.ar\/principal\/wp-json\/wp\/v2\/users\/1"}],"replies":[{"embeddable":true,"href":"https:\/\/www.hoymercedes.com.ar\/principal\/wp-json\/wp\/v2\/comments?post=105910"}],"version-history":[{"count":0,"href":"https:\/\/www.hoymercedes.com.ar\/principal\/wp-json\/wp\/v2\/posts\/105910\/revisions"}],"wp:featuredmedia":[{"embeddable":true,"href":"https:\/\/www.hoymercedes.com.ar\/principal\/wp-json\/wp\/v2\/media\/105912"}],"wp:attachment":[{"href":"https:\/\/www.hoymercedes.com.ar\/principal\/wp-json\/wp\/v2\/media?parent=105910"}],"wp:term":[{"taxonomy":"category","embeddable":true,"href":"https:\/\/www.hoymercedes.com.ar\/principal\/wp-json\/wp\/v2\/categories?post=105910"},{"taxonomy":"post_tag","embeddable":true,"href":"https:\/\/www.hoymercedes.com.ar\/principal\/wp-json\/wp\/v2\/tags?post=105910"}],"curies":[{"name":"wp","href":"https:\/\/api.w.org\/{rel}","templated":true}]}}