{"id":105941,"date":"2020-02-05T09:00:00","date_gmt":"2020-02-05T12:00:00","guid":{"rendered":"http:\/\/www.hoymercedes.com.ar\/principal\/?p=105941"},"modified":"2020-02-05T15:30:37","modified_gmt":"2020-02-05T18:30:37","slug":"selva-junto-a-otros-diputados-se-reunieron-con-cooperativas-argentinas","status":"publish","type":"post","link":"https:\/\/www.hoymercedes.com.ar\/principal\/2020\/02\/05\/selva-junto-a-otros-diputados-se-reunieron-con-cooperativas-argentinas\/","title":{"rendered":"Selva junto a otros diputados se reunieron con cooperativas argentinas"},"content":{"rendered":"\n<p>\u00abCon Sergio Massa y Carlos Heller recibimos a representantes de la Confederaci\u00f3n Cooperativa de la Rep\u00fablica Argentina, para trabajar en una agenda legislativa que resalte las oportunidades que genera el sector de cooperativas y mutuales en nuestro pa\u00eds\u00bb, destac\u00f3 el diputado Carlos Selva sobre una importante reuni\u00f3n sostenida hoy en la C\u00e1mara.<\/p>\n\n\n\n<p>En tanto, desde CONAICE remarcaron el hecho: \u00abJunto al resto de las Confederaciones de Cooperativas y Mutuales que integran la Mesa InterConfederativa nos reunimos con el Presidente de la C\u00e1mara, Sergio Massa y los diputados Carlos Heller y Carlos Selva\u00bb indicaron.<\/p>\n\n\n\n<p>\u00abExcelente reuni\u00f3n con temas centrales para el sector\u00bb, dijeron.<\/p>\n\n\n\n<figure class=\"wp-block-image size-large\"><img loading=\"lazy\" decoding=\"async\" width=\"720\" height=\"405\" data-attachment-id=\"105943\" data-permalink=\"https:\/\/www.hoymercedes.com.ar\/principal\/2020\/02\/05\/selva-junto-a-otros-diputados-se-reunieron-con-cooperativas-argentinas\/05-selva-cooperati\/#main\" data-orig-file=\"https:\/\/www.hoymercedes.com.ar\/principal\/wp-content\/uploads\/2020\/02\/05-selva-cooperati.jpg\" data-orig-size=\"720,405\" data-comments-opened=\"0\" data-image-meta=\"{&quot;aperture&quot;:&quot;0&quot;,&quot;credit&quot;:&quot;&quot;,&quot;camera&quot;:&quot;&quot;,&quot;caption&quot;:&quot;&quot;,&quot;created_timestamp&quot;:&quot;0&quot;,&quot;copyright&quot;:&quot;&quot;,&quot;focal_length&quot;:&quot;0&quot;,&quot;iso&quot;:&quot;0&quot;,&quot;shutter_speed&quot;:&quot;0&quot;,&quot;title&quot;:&quot;&quot;,&quot;orientation&quot;:&quot;0&quot;}\" data-image-title=\"05 selva cooperati\" data-image-description=\"\" data-image-caption=\"\" data-large-file=\"https:\/\/www.hoymercedes.com.ar\/principal\/wp-content\/uploads\/2020\/02\/05-selva-cooperati.jpg\" src=\"https:\/\/www.hoymercedes.com.ar\/principal\/wp-content\/uploads\/2020\/02\/05-selva-cooperati.jpg\" alt=\"\" class=\"wp-image-105943\"\/><\/figure>\n\n\n\n<h3 class=\"wp-block-heading\"><\/h3>\n","protected":false},"excerpt":{"rendered":"<p>\u00abCon Sergio Massa y Carlos Heller recibimos a representantes de la Confederaci\u00f3n Cooperativa de la Rep\u00fablica Argentina, para trabajar en &#8230; <a title=\"Selva junto a otros diputados se reunieron con cooperativas argentinas\" class=\"read-more\" href=\"https:\/\/www.hoymercedes.com.ar\/principal\/2020\/02\/05\/selva-junto-a-otros-diputados-se-reunieron-con-cooperativas-argentinas\/\" aria-label=\"Leer m\u00e1s sobre Selva junto a otros diputados se reunieron con cooperativas argentinas\">Leer m\u00e1s<\/a><\/p>\n","protected":false},"author":1,"featured_media":105943,"comment_status":"closed","ping_status":"open","sticky":false,"template":"","format":"standard","meta":{"_monsterinsights_skip_tracking":false,"_monsterinsights_sitenote_active":false,"_monsterinsights_sitenote_note":"","_monsterinsights_sitenote_category":0,"jetpack_post_was_ever_published":false,"_jetpack_newsletter_access":"","_jetpack_dont_email_post_to_subs":false,"_jetpack_newsletter_tier_id":0,"_jetpack_memberships_contains_paywalled_content":false,"_jetpack_memberships_contains_paid_content":false,"footnotes":"","jetpack_publicize_message":"","jetpack_publicize_feature_enabled":true,"jetpack_social_post_already_shared":true,"jetpack_social_options":{"image_generator_settings":{"template":"highway","default_image_id":0,"font":"","enabled":false},"version":2},"_wpas_customize_per_network":false},"categories":[5210],"tags":[39,10113],"class_list":["post-105941","post","type-post","status-publish","format-standard","has-post-thumbnail","hentry","category-politica-nacional","tag-carlos-selva","tag-politica-nacional","generate-columns","tablet-grid-50","mobile-grid-100","grid-parent","grid-50"],"jetpack_publicize_connections":[],"jetpack_featured_media_url":"https:\/\/www.hoymercedes.com.ar\/principal\/wp-content\/uploads\/2020\/02\/05-selva-cooperati.jpg","wps_subtitle":"","jetpack_sharing_enabled":true,"_links":{"self":[{"href":"https:\/\/www.hoymercedes.com.ar\/principal\/wp-json\/wp\/v2\/posts\/105941","targetHints":{"allow":["GET"]}}],"collection":[{"href":"https:\/\/www.hoymercedes.com.ar\/principal\/wp-json\/wp\/v2\/posts"}],"about":[{"href":"https:\/\/www.hoymercedes.com.ar\/principal\/wp-json\/wp\/v2\/types\/post"}],"author":[{"embeddable":true,"href":"https:\/\/www.hoymercedes.com.ar\/principal\/wp-json\/wp\/v2\/users\/1"}],"replies":[{"embeddable":true,"href":"https:\/\/www.hoymercedes.com.ar\/principal\/wp-json\/wp\/v2\/comments?post=105941"}],"version-history":[{"count":0,"href":"https:\/\/www.hoymercedes.com.ar\/principal\/wp-json\/wp\/v2\/posts\/105941\/revisions"}],"wp:featuredmedia":[{"embeddable":true,"href":"https:\/\/www.hoymercedes.com.ar\/principal\/wp-json\/wp\/v2\/media\/105943"}],"wp:attachment":[{"href":"https:\/\/www.hoymercedes.com.ar\/principal\/wp-json\/wp\/v2\/media?parent=105941"}],"wp:term":[{"taxonomy":"category","embeddable":true,"href":"https:\/\/www.hoymercedes.com.ar\/principal\/wp-json\/wp\/v2\/categories?post=105941"},{"taxonomy":"post_tag","embeddable":true,"href":"https:\/\/www.hoymercedes.com.ar\/principal\/wp-json\/wp\/v2\/tags?post=105941"}],"curies":[{"name":"wp","href":"https:\/\/api.w.org\/{rel}","templated":true}]}}