{"id":105965,"date":"2020-02-05T16:12:33","date_gmt":"2020-02-05T19:12:33","guid":{"rendered":"http:\/\/www.hoymercedes.com.ar\/principal\/?p=105965"},"modified":"2020-02-05T20:47:22","modified_gmt":"2020-02-05T23:47:22","slug":"entregaron-lotes-a-beneficiarios-de-mi-terreno","status":"publish","type":"post","link":"https:\/\/www.hoymercedes.com.ar\/principal\/2020\/02\/05\/entregaron-lotes-a-beneficiarios-de-mi-terreno\/","title":{"rendered":"Entregaron lotes a beneficiarios de Mi Terreno"},"content":{"rendered":"\n<p>Durante la tarde del martes, en el barrio conocido como Favaloro II, el Municipio de Mercedes entreg\u00f3 la titularidad a 46 beneficiarios del Programa \u00abMi Terreno\u00bb, el lote elegido tras los sorteos y tr\u00e1mites concluidos. Presentes en el acto formal acompa\u00f1ando al Intendente Ustarroz estuvieron presentes el Ministro del Interior \u00abWado\u00bb de Pedro; la Ministra Nacional de Desarrollo Territorial y H\u00e1bitat Mar\u00eda Eugenia Bielsa; y el Ministro de Infraestructura Bonaerense Agust\u00edn Simone que supo ser Secretario de Econom\u00eda Municipal en el  momento en que se lanz\u00f3 el programa de la comuna que tuvo como base el programa nacional ProCreAr. <\/p>\n\n\n\n<figure class=\"wp-block-image size-large\"><img loading=\"lazy\" decoding=\"async\" width=\"800\" height=\"533\" data-attachment-id=\"105966\" data-permalink=\"https:\/\/www.hoymercedes.com.ar\/principal\/2020\/02\/05\/entregaron-lotes-a-beneficiarios-de-mi-terreno\/05-mi-terreno-1\/#main\" data-orig-file=\"https:\/\/www.hoymercedes.com.ar\/principal\/wp-content\/uploads\/2020\/02\/05-mi-terreno-1.jpg\" data-orig-size=\"800,533\" data-comments-opened=\"0\" data-image-meta=\"{&quot;aperture&quot;:&quot;0&quot;,&quot;credit&quot;:&quot;&quot;,&quot;camera&quot;:&quot;&quot;,&quot;caption&quot;:&quot;&quot;,&quot;created_timestamp&quot;:&quot;0&quot;,&quot;copyright&quot;:&quot;&quot;,&quot;focal_length&quot;:&quot;0&quot;,&quot;iso&quot;:&quot;0&quot;,&quot;shutter_speed&quot;:&quot;0&quot;,&quot;title&quot;:&quot;&quot;,&quot;orientation&quot;:&quot;0&quot;}\" data-image-title=\"05 mi terreno 1\" data-image-description=\"\" data-image-caption=\"\" data-large-file=\"https:\/\/www.hoymercedes.com.ar\/principal\/wp-content\/uploads\/2020\/02\/05-mi-terreno-1.jpg\" src=\"https:\/\/www.hoymercedes.com.ar\/principal\/wp-content\/uploads\/2020\/02\/05-mi-terreno-1.jpg\" alt=\"\" class=\"wp-image-105966\"\/><\/figure>\n\n\n\n<p>El acto se llev\u00f3 adelante en el nuevo barrio, que se inicia en las calles 134 y 43, detr\u00e1s del Barrio Favaloro. Fueron 46 escrituras las entregadas a los vecinos que completaron los tr\u00e1mites tras el sorteo que pagar\u00e1n su terreno con una \u00abhipoteca\u00bb municipal con el 2% de inter\u00e9s en el marco del Programa Mi Terreno que comenz\u00f3 hace un par de a\u00f1os con la inscripci\u00f3n y luego los sorteos. <\/p>\n\n\n\n<figure class=\"wp-block-image size-large\"><img loading=\"lazy\" decoding=\"async\" width=\"800\" height=\"533\" data-attachment-id=\"105967\" data-permalink=\"https:\/\/www.hoymercedes.com.ar\/principal\/2020\/02\/05\/entregaron-lotes-a-beneficiarios-de-mi-terreno\/05-mi-terreno-2\/#main\" data-orig-file=\"https:\/\/www.hoymercedes.com.ar\/principal\/wp-content\/uploads\/2020\/02\/05-mi-terreno-2.jpg\" data-orig-size=\"800,533\" data-comments-opened=\"0\" data-image-meta=\"{&quot;aperture&quot;:&quot;0&quot;,&quot;credit&quot;:&quot;&quot;,&quot;camera&quot;:&quot;&quot;,&quot;caption&quot;:&quot;&quot;,&quot;created_timestamp&quot;:&quot;0&quot;,&quot;copyright&quot;:&quot;&quot;,&quot;focal_length&quot;:&quot;0&quot;,&quot;iso&quot;:&quot;0&quot;,&quot;shutter_speed&quot;:&quot;0&quot;,&quot;title&quot;:&quot;&quot;,&quot;orientation&quot;:&quot;0&quot;}\" data-image-title=\"05 mi terreno 2\" data-image-description=\"\" data-image-caption=\"\" data-large-file=\"https:\/\/www.hoymercedes.com.ar\/principal\/wp-content\/uploads\/2020\/02\/05-mi-terreno-2.jpg\" src=\"https:\/\/www.hoymercedes.com.ar\/principal\/wp-content\/uploads\/2020\/02\/05-mi-terreno-2.jpg\" alt=\"\" class=\"wp-image-105967\"\/><\/figure>\n\n\n\n<p>Durante el acto, el intendente Ustarroz destac\u00f3 el trabajo del \u00e1rea de Tierras Municipal que encabeza Javier Guevara y enfatiz\u00f3 en el trabajo conjunto con la provincia y naci\u00f3n. A su t\u00e9rmino, qui\u00e9n tom\u00f3 la palabra fue la Ministra Bielsa que destac\u00f3 el trabajo municipal al tomar como base el programa nacional ProCreAr para otorgar pr\u00e9stamos y terrenos a los vecinos de Mercedes. <\/p>\n\n\n\n<p>Es importante destacar que 18 familias, adem\u00e1s, fueron favorecidas en el sorteo del programa municipal \u201cMi casa\u201d mismo que le da la chance de financiar los materiales para la realizaci\u00f3n de una casa de 46 metros cuadrados.\u00a0<\/p>\n\n\n\n<figure class=\"wp-block-image size-large\"><img loading=\"lazy\" decoding=\"async\" width=\"800\" height=\"533\" data-attachment-id=\"105968\" data-permalink=\"https:\/\/www.hoymercedes.com.ar\/principal\/2020\/02\/05\/entregaron-lotes-a-beneficiarios-de-mi-terreno\/05-mi-terreno-3\/#main\" data-orig-file=\"https:\/\/www.hoymercedes.com.ar\/principal\/wp-content\/uploads\/2020\/02\/05-mi-terreno-3.jpg\" data-orig-size=\"800,533\" data-comments-opened=\"0\" data-image-meta=\"{&quot;aperture&quot;:&quot;0&quot;,&quot;credit&quot;:&quot;&quot;,&quot;camera&quot;:&quot;&quot;,&quot;caption&quot;:&quot;&quot;,&quot;created_timestamp&quot;:&quot;0&quot;,&quot;copyright&quot;:&quot;&quot;,&quot;focal_length&quot;:&quot;0&quot;,&quot;iso&quot;:&quot;0&quot;,&quot;shutter_speed&quot;:&quot;0&quot;,&quot;title&quot;:&quot;&quot;,&quot;orientation&quot;:&quot;0&quot;}\" data-image-title=\"05 mi terreno 3\" data-image-description=\"\" data-image-caption=\"\" data-large-file=\"https:\/\/www.hoymercedes.com.ar\/principal\/wp-content\/uploads\/2020\/02\/05-mi-terreno-3.jpg\" src=\"https:\/\/www.hoymercedes.com.ar\/principal\/wp-content\/uploads\/2020\/02\/05-mi-terreno-3.jpg\" alt=\"\" class=\"wp-image-105968\"\/><\/figure>\n","protected":false},"excerpt":{"rendered":"<p>Durante la tarde del martes, en el barrio conocido como Favaloro II, el Municipio de Mercedes entreg\u00f3 la titularidad a &#8230; <a title=\"Entregaron lotes a beneficiarios de Mi Terreno\" class=\"read-more\" href=\"https:\/\/www.hoymercedes.com.ar\/principal\/2020\/02\/05\/entregaron-lotes-a-beneficiarios-de-mi-terreno\/\" aria-label=\"Leer m\u00e1s sobre Entregaron lotes a beneficiarios de Mi Terreno\">Leer m\u00e1s<\/a><\/p>\n","protected":false},"author":1,"featured_media":105968,"comment_status":"closed","ping_status":"open","sticky":false,"template":"","format":"standard","meta":{"_monsterinsights_skip_tracking":false,"_monsterinsights_sitenote_active":false,"_monsterinsights_sitenote_note":"","_monsterinsights_sitenote_category":0,"jetpack_post_was_ever_published":false,"_jetpack_newsletter_access":"","_jetpack_dont_email_post_to_subs":false,"_jetpack_newsletter_tier_id":0,"_jetpack_memberships_contains_paywalled_content":false,"_jetpack_memberships_contains_paid_content":false,"footnotes":"","jetpack_publicize_message":"","jetpack_publicize_feature_enabled":true,"jetpack_social_post_already_shared":true,"jetpack_social_options":{"image_generator_settings":{"template":"highway","default_image_id":0,"font":"","enabled":false},"version":2},"_wpas_customize_per_network":false},"categories":[30],"tags":[14241,244],"class_list":["post-105965","post","type-post","status-publish","format-standard","has-post-thumbnail","hentry","category-municipio","tag-mi-terreno","tag-municipio-2","generate-columns","tablet-grid-50","mobile-grid-100","grid-parent","grid-50"],"jetpack_publicize_connections":[],"jetpack_featured_media_url":"https:\/\/www.hoymercedes.com.ar\/principal\/wp-content\/uploads\/2020\/02\/05-mi-terreno-3.jpg","wps_subtitle":"Primeros beneficiarios","jetpack_sharing_enabled":true,"_links":{"self":[{"href":"https:\/\/www.hoymercedes.com.ar\/principal\/wp-json\/wp\/v2\/posts\/105965","targetHints":{"allow":["GET"]}}],"collection":[{"href":"https:\/\/www.hoymercedes.com.ar\/principal\/wp-json\/wp\/v2\/posts"}],"about":[{"href":"https:\/\/www.hoymercedes.com.ar\/principal\/wp-json\/wp\/v2\/types\/post"}],"author":[{"embeddable":true,"href":"https:\/\/www.hoymercedes.com.ar\/principal\/wp-json\/wp\/v2\/users\/1"}],"replies":[{"embeddable":true,"href":"https:\/\/www.hoymercedes.com.ar\/principal\/wp-json\/wp\/v2\/comments?post=105965"}],"version-history":[{"count":0,"href":"https:\/\/www.hoymercedes.com.ar\/principal\/wp-json\/wp\/v2\/posts\/105965\/revisions"}],"wp:featuredmedia":[{"embeddable":true,"href":"https:\/\/www.hoymercedes.com.ar\/principal\/wp-json\/wp\/v2\/media\/105968"}],"wp:attachment":[{"href":"https:\/\/www.hoymercedes.com.ar\/principal\/wp-json\/wp\/v2\/media?parent=105965"}],"wp:term":[{"taxonomy":"category","embeddable":true,"href":"https:\/\/www.hoymercedes.com.ar\/principal\/wp-json\/wp\/v2\/categories?post=105965"},{"taxonomy":"post_tag","embeddable":true,"href":"https:\/\/www.hoymercedes.com.ar\/principal\/wp-json\/wp\/v2\/tags?post=105965"}],"curies":[{"name":"wp","href":"https:\/\/api.w.org\/{rel}","templated":true}]}}