{"id":105993,"date":"2020-02-06T11:54:46","date_gmt":"2020-02-06T14:54:46","guid":{"rendered":"http:\/\/www.hoymercedes.com.ar\/principal\/?p=105993"},"modified":"2020-02-06T16:10:32","modified_gmt":"2020-02-06T19:10:32","slug":"pbro-johnny-sweeney-es-el-nuevo-parroco-en-san-patricio","status":"publish","type":"post","link":"https:\/\/www.hoymercedes.com.ar\/principal\/2020\/02\/06\/pbro-johnny-sweeney-es-el-nuevo-parroco-en-san-patricio\/","title":{"rendered":"Pbro. Johnny Sweeney es el nuevo P\u00e1rroco en San Patricio"},"content":{"rendered":"\n<p>El martes 4 de febrero, Monse\u00f1or Jorge Eduardo Scheinig, presidi\u00f3 la Eucarist\u00eda de Toma de posesi\u00f3n del nuevo p\u00e1rroco de San Patricio en la ciudad de Mercedes, Pbro. Johnny Sweeney SAC. <\/p>\n\n\n\n<figure class=\"wp-block-image size-large\"><img loading=\"lazy\" decoding=\"async\" width=\"800\" height=\"600\" data-attachment-id=\"105995\" data-permalink=\"https:\/\/www.hoymercedes.com.ar\/principal\/2020\/02\/06\/pbro-johnny-sweeney-es-el-nuevo-parroco-en-san-patricio\/san-patricio\/#main\" data-orig-file=\"https:\/\/www.hoymercedes.com.ar\/principal\/wp-content\/uploads\/2020\/02\/san-patricio.jpg\" data-orig-size=\"800,600\" data-comments-opened=\"0\" data-image-meta=\"{&quot;aperture&quot;:&quot;0&quot;,&quot;credit&quot;:&quot;&quot;,&quot;camera&quot;:&quot;&quot;,&quot;caption&quot;:&quot;&quot;,&quot;created_timestamp&quot;:&quot;0&quot;,&quot;copyright&quot;:&quot;&quot;,&quot;focal_length&quot;:&quot;0&quot;,&quot;iso&quot;:&quot;0&quot;,&quot;shutter_speed&quot;:&quot;0&quot;,&quot;title&quot;:&quot;&quot;,&quot;orientation&quot;:&quot;0&quot;}\" data-image-title=\"san patricio\" data-image-description=\"\" data-image-caption=\"\" data-large-file=\"https:\/\/www.hoymercedes.com.ar\/principal\/wp-content\/uploads\/2020\/02\/san-patricio.jpg\" src=\"https:\/\/www.hoymercedes.com.ar\/principal\/wp-content\/uploads\/2020\/02\/san-patricio.jpg\" alt=\"\" class=\"wp-image-105995\"\/><\/figure>\n\n\n\n<p>Concelebraron la Eucarist\u00eda varios sacerdotes palotinos y del clero diocesano.<br>Durante la homil\u00eda, el Arzobispo, meditando en el Evangelio de la Anunciaci\u00f3n que se proclam\u00f3 y en el marco del A\u00f1o Mariano que estamos celebrando, propuso a Mar\u00eda como aquella que se dej\u00f3 sorprender por Dios e invit\u00f3 a la comunidad parroquial a dejarse sorprender por Dios y al discernimiento. <\/p>\n\n\n\n<figure class=\"wp-block-image size-large\"><img loading=\"lazy\" decoding=\"async\" width=\"800\" height=\"631\" data-attachment-id=\"105996\" data-permalink=\"https:\/\/www.hoymercedes.com.ar\/principal\/2020\/02\/06\/pbro-johnny-sweeney-es-el-nuevo-parroco-en-san-patricio\/san-patricio-800x631\/#main\" data-orig-file=\"https:\/\/www.hoymercedes.com.ar\/principal\/wp-content\/uploads\/2020\/02\/san-patricio-800x631-1.jpg\" data-orig-size=\"800,631\" data-comments-opened=\"0\" data-image-meta=\"{&quot;aperture&quot;:&quot;0&quot;,&quot;credit&quot;:&quot;&quot;,&quot;camera&quot;:&quot;&quot;,&quot;caption&quot;:&quot;&quot;,&quot;created_timestamp&quot;:&quot;0&quot;,&quot;copyright&quot;:&quot;&quot;,&quot;focal_length&quot;:&quot;0&quot;,&quot;iso&quot;:&quot;0&quot;,&quot;shutter_speed&quot;:&quot;0&quot;,&quot;title&quot;:&quot;&quot;,&quot;orientation&quot;:&quot;0&quot;}\" data-image-title=\"san patricio 800&amp;#215;631\" data-image-description=\"\" data-image-caption=\"\" data-large-file=\"https:\/\/www.hoymercedes.com.ar\/principal\/wp-content\/uploads\/2020\/02\/san-patricio-800x631-1.jpg\" src=\"https:\/\/www.hoymercedes.com.ar\/principal\/wp-content\/uploads\/2020\/02\/san-patricio-800x631-1.jpg\" alt=\"\" class=\"wp-image-105996\"\/><\/figure>\n\n\n\n<p>\u00abNosotros sabemos que la novedad viene siempre de Dios, y es muy bueno que una parroquia sea sorprendida por Dios,\u00a0 por su Palabra y por su presencia de tantas maneras\u00bb manifest\u00f3.<\/p>\n\n\n\n<p>En una celebraci\u00f3n llena de gestos y profunda emoci\u00f3n, la comunidad parroquial agradeci\u00f3 el servicio de p\u00e1rroco de. Pbro. Tomas O\u00b4Donell SAC que continuar\u00e1 en la parroquia como Vicario.<\/p>\n\n\n\n<p>Fuente: Arquidi\u00f3cesis Mercedes &#8211; Luj\u00e1n<\/p>\n\n\n\n<figure class=\"wp-block-image size-large\"><img loading=\"lazy\" decoding=\"async\" width=\"800\" height=\"610\" data-attachment-id=\"105994\" data-permalink=\"https:\/\/www.hoymercedes.com.ar\/principal\/2020\/02\/06\/pbro-johnny-sweeney-es-el-nuevo-parroco-en-san-patricio\/san-patricio800x610\/#main\" data-orig-file=\"https:\/\/www.hoymercedes.com.ar\/principal\/wp-content\/uploads\/2020\/02\/san-patricio800x610.jpeg\" data-orig-size=\"800,610\" data-comments-opened=\"0\" data-image-meta=\"{&quot;aperture&quot;:&quot;0&quot;,&quot;credit&quot;:&quot;&quot;,&quot;camera&quot;:&quot;&quot;,&quot;caption&quot;:&quot;&quot;,&quot;created_timestamp&quot;:&quot;0&quot;,&quot;copyright&quot;:&quot;&quot;,&quot;focal_length&quot;:&quot;0&quot;,&quot;iso&quot;:&quot;0&quot;,&quot;shutter_speed&quot;:&quot;0&quot;,&quot;title&quot;:&quot;&quot;,&quot;orientation&quot;:&quot;0&quot;}\" data-image-title=\"san patricio800x610\" data-image-description=\"\" data-image-caption=\"\" data-large-file=\"https:\/\/www.hoymercedes.com.ar\/principal\/wp-content\/uploads\/2020\/02\/san-patricio800x610.jpeg\" src=\"https:\/\/www.hoymercedes.com.ar\/principal\/wp-content\/uploads\/2020\/02\/san-patricio800x610.jpeg\" alt=\"\" class=\"wp-image-105994\"\/><\/figure>\n","protected":false},"excerpt":{"rendered":"<p>El martes 4 de febrero, Monse\u00f1or Jorge Eduardo Scheinig, presidi\u00f3 la Eucarist\u00eda de Toma de posesi\u00f3n del nuevo p\u00e1rroco de &#8230; <a title=\"Pbro. Johnny Sweeney es el nuevo P\u00e1rroco en San Patricio\" class=\"read-more\" href=\"https:\/\/www.hoymercedes.com.ar\/principal\/2020\/02\/06\/pbro-johnny-sweeney-es-el-nuevo-parroco-en-san-patricio\/\" aria-label=\"Leer m\u00e1s sobre Pbro. Johnny Sweeney es el nuevo P\u00e1rroco en San Patricio\">Leer m\u00e1s<\/a><\/p>\n","protected":false},"author":1,"featured_media":105994,"comment_status":"closed","ping_status":"open","sticky":false,"template":"","format":"standard","meta":{"_monsterinsights_skip_tracking":false,"_monsterinsights_sitenote_active":false,"_monsterinsights_sitenote_note":"","_monsterinsights_sitenote_category":0,"jetpack_post_was_ever_published":false,"_jetpack_newsletter_access":"","_jetpack_dont_email_post_to_subs":false,"_jetpack_newsletter_tier_id":0,"_jetpack_memberships_contains_paywalled_content":false,"_jetpack_memberships_contains_paid_content":false,"footnotes":"","jetpack_publicize_message":"","jetpack_publicize_feature_enabled":true,"jetpack_social_post_already_shared":true,"jetpack_social_options":{"image_generator_settings":{"template":"highway","default_image_id":0,"font":"","enabled":false},"version":2},"_wpas_customize_per_network":false},"categories":[8],"tags":[16026,9637,1918],"class_list":["post-105993","post","type-post","status-publish","format-standard","has-post-thumbnail","hentry","category-sociedad","tag-arzobispo-mercedes-lujan","tag-iglesia","tag-parroquia-san-patricio","generate-columns","tablet-grid-50","mobile-grid-100","grid-parent","grid-50"],"jetpack_publicize_connections":[],"jetpack_featured_media_url":"https:\/\/www.hoymercedes.com.ar\/principal\/wp-content\/uploads\/2020\/02\/san-patricio800x610.jpeg","wps_subtitle":"Nombramiento del Arzobispo","jetpack_sharing_enabled":true,"_links":{"self":[{"href":"https:\/\/www.hoymercedes.com.ar\/principal\/wp-json\/wp\/v2\/posts\/105993","targetHints":{"allow":["GET"]}}],"collection":[{"href":"https:\/\/www.hoymercedes.com.ar\/principal\/wp-json\/wp\/v2\/posts"}],"about":[{"href":"https:\/\/www.hoymercedes.com.ar\/principal\/wp-json\/wp\/v2\/types\/post"}],"author":[{"embeddable":true,"href":"https:\/\/www.hoymercedes.com.ar\/principal\/wp-json\/wp\/v2\/users\/1"}],"replies":[{"embeddable":true,"href":"https:\/\/www.hoymercedes.com.ar\/principal\/wp-json\/wp\/v2\/comments?post=105993"}],"version-history":[{"count":0,"href":"https:\/\/www.hoymercedes.com.ar\/principal\/wp-json\/wp\/v2\/posts\/105993\/revisions"}],"wp:featuredmedia":[{"embeddable":true,"href":"https:\/\/www.hoymercedes.com.ar\/principal\/wp-json\/wp\/v2\/media\/105994"}],"wp:attachment":[{"href":"https:\/\/www.hoymercedes.com.ar\/principal\/wp-json\/wp\/v2\/media?parent=105993"}],"wp:term":[{"taxonomy":"category","embeddable":true,"href":"https:\/\/www.hoymercedes.com.ar\/principal\/wp-json\/wp\/v2\/categories?post=105993"},{"taxonomy":"post_tag","embeddable":true,"href":"https:\/\/www.hoymercedes.com.ar\/principal\/wp-json\/wp\/v2\/tags?post=105993"}],"curies":[{"name":"wp","href":"https:\/\/api.w.org\/{rel}","templated":true}]}}