{"id":106004,"date":"2020-02-06T16:02:05","date_gmt":"2020-02-06T19:02:05","guid":{"rendered":"http:\/\/www.hoymercedes.com.ar\/principal\/?p=106004"},"modified":"2020-02-06T16:09:33","modified_gmt":"2020-02-06T19:09:33","slug":"produccion-local-participo-de-encuentro-provincial-de-produccion-ciencia-y-tecnologia","status":"publish","type":"post","link":"https:\/\/www.hoymercedes.com.ar\/principal\/2020\/02\/06\/produccion-local-participo-de-encuentro-provincial-de-produccion-ciencia-y-tecnologia\/","title":{"rendered":"Producci\u00f3n local particip\u00f3 de encuentro provincial de producci\u00f3n, ciencia y tecnolog\u00eda"},"content":{"rendered":"\n<p>El Municipio de Mercedes a trav\u00e9s de la Direcci\u00f3n de Producci\u00f3n que encabeza el Ing. Agr\u00f3nomo Marcelo Den\u00e1pol, particip\u00f3 del Primer Encuentro de Producci\u00f3n, Ciencia y Tecnolog\u00eda de la Provincia de Buenos Aires. En la Universidad Nacional de San Mart\u00edn del encuentro participaron representantes de 123 municipios. <\/p>\n\n\n\n<figure class=\"wp-block-image size-large\"><img loading=\"lazy\" decoding=\"async\" width=\"800\" height=\"534\" data-attachment-id=\"106005\" data-permalink=\"https:\/\/www.hoymercedes.com.ar\/principal\/2020\/02\/06\/produccion-local-participo-de-encuentro-provincial-de-produccion-ciencia-y-tecnologia\/06-denapole\/#main\" data-orig-file=\"https:\/\/www.hoymercedes.com.ar\/principal\/wp-content\/uploads\/2020\/02\/06-denapole.jpeg\" data-orig-size=\"800,534\" data-comments-opened=\"0\" data-image-meta=\"{&quot;aperture&quot;:&quot;0&quot;,&quot;credit&quot;:&quot;&quot;,&quot;camera&quot;:&quot;&quot;,&quot;caption&quot;:&quot;&quot;,&quot;created_timestamp&quot;:&quot;0&quot;,&quot;copyright&quot;:&quot;&quot;,&quot;focal_length&quot;:&quot;0&quot;,&quot;iso&quot;:&quot;0&quot;,&quot;shutter_speed&quot;:&quot;0&quot;,&quot;title&quot;:&quot;&quot;,&quot;orientation&quot;:&quot;0&quot;}\" data-image-title=\"06 denapole\" data-image-description=\"\" data-image-caption=\"\" data-large-file=\"https:\/\/www.hoymercedes.com.ar\/principal\/wp-content\/uploads\/2020\/02\/06-denapole.jpeg\" src=\"https:\/\/www.hoymercedes.com.ar\/principal\/wp-content\/uploads\/2020\/02\/06-denapole.jpeg\" alt=\"\" class=\"wp-image-106005\"\/><\/figure>\n\n\n\n<p>Durante el encuentro se plantearon datos sobre la realidad de las pymes en el pa\u00eds y se plante\u00f3 la necesidad de establecer alianzas entre los tres niveles del Estado, sin importar el color pol\u00edtico partidario. Den\u00e1pole cont\u00f3 que \u00abse presentaron las nuevas l\u00edneas de trabajo para municipios\u201d adem\u00e1s de los programas y Plataforma Bs. As actiBA y sus herramientas asociadas para Pymes (Moratoria AFIP y ARBA y L\u00edneas de Cr\u00e9dito de Descuentos de Cheques, Capital de Trabajo, Prefinanciaci\u00f3n de Exportaciones y de Cartera Activa)\u00a0\u00a0\u00a0<\/p>\n\n\n\n<p>El Director de Producci\u00f3n explic\u00f3 que \u201cse prev\u00e9n programas de capacitaci\u00f3n para cooperativas, PyMEs en Ciencia y tecnolog\u00eda, proyectos para peque\u00f1os productores, agricultores familiares y agrupamientos industriales, comerciales y proveedores de insumos y servicios, es decir, una amplia bater\u00eda de programas y proyectos que apuntan a revitalizar este sector de la industria que tanto bien le hace a la econom\u00eda de nuestra provincia\u201d.<\/p>\n\n\n\n<p>Participaron de este encuentro a nivel provincial; el Ministro de Producci\u00f3n, Ciencia y tecnolog\u00eda de la Provincia Augusto Costa, el Ministro de Ciencia tecnolog\u00eda y e Innovaci\u00f3n de la Naci\u00f3n Roberto Salvareza.<\/p>\n","protected":false},"excerpt":{"rendered":"<p>El Municipio de Mercedes a trav\u00e9s de la Direcci\u00f3n de Producci\u00f3n que encabeza el Ing. Agr\u00f3nomo Marcelo Den\u00e1pol, particip\u00f3 del &#8230; <a title=\"Producci\u00f3n local particip\u00f3 de encuentro provincial de producci\u00f3n, ciencia y tecnolog\u00eda\" class=\"read-more\" href=\"https:\/\/www.hoymercedes.com.ar\/principal\/2020\/02\/06\/produccion-local-participo-de-encuentro-provincial-de-produccion-ciencia-y-tecnologia\/\" aria-label=\"Leer m\u00e1s sobre Producci\u00f3n local particip\u00f3 de encuentro provincial de producci\u00f3n, ciencia y tecnolog\u00eda\">Leer m\u00e1s<\/a><\/p>\n","protected":false},"author":1,"featured_media":106005,"comment_status":"closed","ping_status":"open","sticky":false,"template":"","format":"standard","meta":{"_monsterinsights_skip_tracking":false,"_monsterinsights_sitenote_active":false,"_monsterinsights_sitenote_note":"","_monsterinsights_sitenote_category":0,"jetpack_post_was_ever_published":false,"_jetpack_newsletter_access":"","_jetpack_dont_email_post_to_subs":false,"_jetpack_newsletter_tier_id":0,"_jetpack_memberships_contains_paywalled_content":false,"_jetpack_memberships_contains_paid_content":false,"footnotes":"","jetpack_publicize_message":"","jetpack_publicize_feature_enabled":true,"jetpack_social_post_already_shared":true,"jetpack_social_options":{"image_generator_settings":{"template":"highway","default_image_id":0,"font":"","enabled":false},"version":2},"_wpas_customize_per_network":false},"categories":[30],"tags":[244,8912],"class_list":["post-106004","post","type-post","status-publish","format-standard","has-post-thumbnail","hentry","category-municipio","tag-municipio-2","tag-produccion","generate-columns","tablet-grid-50","mobile-grid-100","grid-parent","grid-50"],"jetpack_publicize_connections":[],"jetpack_featured_media_url":"https:\/\/www.hoymercedes.com.ar\/principal\/wp-content\/uploads\/2020\/02\/06-denapole.jpeg","wps_subtitle":"Presentaci\u00f3n de programas provinciales","jetpack_sharing_enabled":true,"_links":{"self":[{"href":"https:\/\/www.hoymercedes.com.ar\/principal\/wp-json\/wp\/v2\/posts\/106004","targetHints":{"allow":["GET"]}}],"collection":[{"href":"https:\/\/www.hoymercedes.com.ar\/principal\/wp-json\/wp\/v2\/posts"}],"about":[{"href":"https:\/\/www.hoymercedes.com.ar\/principal\/wp-json\/wp\/v2\/types\/post"}],"author":[{"embeddable":true,"href":"https:\/\/www.hoymercedes.com.ar\/principal\/wp-json\/wp\/v2\/users\/1"}],"replies":[{"embeddable":true,"href":"https:\/\/www.hoymercedes.com.ar\/principal\/wp-json\/wp\/v2\/comments?post=106004"}],"version-history":[{"count":0,"href":"https:\/\/www.hoymercedes.com.ar\/principal\/wp-json\/wp\/v2\/posts\/106004\/revisions"}],"wp:featuredmedia":[{"embeddable":true,"href":"https:\/\/www.hoymercedes.com.ar\/principal\/wp-json\/wp\/v2\/media\/106005"}],"wp:attachment":[{"href":"https:\/\/www.hoymercedes.com.ar\/principal\/wp-json\/wp\/v2\/media?parent=106004"}],"wp:term":[{"taxonomy":"category","embeddable":true,"href":"https:\/\/www.hoymercedes.com.ar\/principal\/wp-json\/wp\/v2\/categories?post=106004"},{"taxonomy":"post_tag","embeddable":true,"href":"https:\/\/www.hoymercedes.com.ar\/principal\/wp-json\/wp\/v2\/tags?post=106004"}],"curies":[{"name":"wp","href":"https:\/\/api.w.org\/{rel}","templated":true}]}}