{"id":106036,"date":"2020-02-07T11:44:05","date_gmt":"2020-02-07T14:44:05","guid":{"rendered":"http:\/\/www.hoymercedes.com.ar\/principal\/?p=106036"},"modified":"2020-02-09T18:56:31","modified_gmt":"2020-02-09T21:56:31","slug":"dia-de-la-mujer-misa-en-lujan-para-pedir-por-la-vida","status":"publish","type":"post","link":"https:\/\/www.hoymercedes.com.ar\/principal\/2020\/02\/07\/dia-de-la-mujer-misa-en-lujan-para-pedir-por-la-vida\/","title":{"rendered":"D\u00eda de la Mujer: Misa en Luj\u00e1n para pedir por la vida"},"content":{"rendered":"\n<p>Con el lema \u201cS\u00ed a las mujeres, s\u00ed a la vida\u201d, la Comisi\u00f3n Ejecutiva de la Conferencia Episcopal Argentina convoc\u00f3 a una misa que se celebrar\u00e1 el domingo 8 de marzo a las 11 en la bas\u00edlica y santuario nacional de Nuestra Se\u00f1ora de Luj\u00e1n, con la intenci\u00f3n de \u201cpedir por la protecci\u00f3n de la vida humana desde la concepci\u00f3n hasta la muerte natural\u201d.<\/p>\n\n\n\n<figure class=\"wp-block-image size-large\"><img loading=\"lazy\" decoding=\"async\" width=\"800\" height=\"600\" data-attachment-id=\"106037\" data-permalink=\"https:\/\/www.hoymercedes.com.ar\/principal\/2020\/02\/07\/dia-de-la-mujer-misa-en-lujan-para-pedir-por-la-vida\/misa-lujan-800x600\/#main\" data-orig-file=\"https:\/\/www.hoymercedes.com.ar\/principal\/wp-content\/uploads\/2020\/02\/misa-lujan-800x600-1.jpg\" data-orig-size=\"800,600\" data-comments-opened=\"0\" data-image-meta=\"{&quot;aperture&quot;:&quot;0&quot;,&quot;credit&quot;:&quot;&quot;,&quot;camera&quot;:&quot;&quot;,&quot;caption&quot;:&quot;&quot;,&quot;created_timestamp&quot;:&quot;0&quot;,&quot;copyright&quot;:&quot;&quot;,&quot;focal_length&quot;:&quot;0&quot;,&quot;iso&quot;:&quot;0&quot;,&quot;shutter_speed&quot;:&quot;0&quot;,&quot;title&quot;:&quot;&quot;,&quot;orientation&quot;:&quot;0&quot;}\" data-image-title=\"misa lujan 800&amp;#215;600\" data-image-description=\"\" data-image-caption=\"\" data-large-file=\"https:\/\/www.hoymercedes.com.ar\/principal\/wp-content\/uploads\/2020\/02\/misa-lujan-800x600-1.jpg\" src=\"https:\/\/www.hoymercedes.com.ar\/principal\/wp-content\/uploads\/2020\/02\/misa-lujan-800x600-1.jpg\" alt=\"\" class=\"wp-image-106037\"\/><\/figure>\n\n\n\n<p>Convocada por la Comisi\u00f3n Ejecutiva de la Conferencia Episcopal Argentina, el domingo 8 de marzo, D\u00eda Internacional de la Mujer, se celebrar\u00e1 una misa en la bas\u00edlica de Nuestra Se\u00f1ora de Luj\u00e1n, con el lema \u201cS\u00ed a las mujeres, s\u00ed a la vida\u201d.<\/p>\n\n\n\n<p>La celebraci\u00f3n ser\u00e1 a las 11, en el marco del D\u00eda Internacional de la Mujer y con motivo del anunciado tratamiento legislativo del proyecto de legalizaci\u00f3n del aborto.<\/p>\n\n\n\n<p>En la convocatoria, firmada por el presidente de la Conferencia Episcopal Argentina, monse\u00f1or Oscar Vicente Ojea; el vicepresidente 1\u00ba, cardenal Mario Aurelio Poli; el vicepresidente 2\u00ba, monse\u00f1or Marcelo Colombo; y el secretario general, monse\u00f1or Carlos Humberto Malfa, llaman a todos los obispos argentinos a concelebrar la Eucarist\u00eda para pedir por la protecci\u00f3n de la vida humana desde la concepci\u00f3n hasta la muerte natural.<\/p>\n\n\n\n<p>\u201cInvitamos a todo el Pueblo de Dios y a todos los hombres y mujeres de buena voluntad a unirse en esta plegaria com\u00fan por la vida junto a la Virgen de Luj\u00e1n, patrona del pueblo argentino\u201d, animan.<\/p>\n\n\n\n<p><\/p>\n","protected":false},"excerpt":{"rendered":"<p>Con el lema \u201cS\u00ed a las mujeres, s\u00ed a la vida\u201d, la Comisi\u00f3n Ejecutiva de la Conferencia Episcopal Argentina convoc\u00f3 &#8230; <a title=\"D\u00eda de la Mujer: Misa en Luj\u00e1n para pedir por la vida\" class=\"read-more\" href=\"https:\/\/www.hoymercedes.com.ar\/principal\/2020\/02\/07\/dia-de-la-mujer-misa-en-lujan-para-pedir-por-la-vida\/\" aria-label=\"Leer m\u00e1s sobre D\u00eda de la Mujer: Misa en Luj\u00e1n para pedir por la vida\">Leer m\u00e1s<\/a><\/p>\n","protected":false},"author":1,"featured_media":106037,"comment_status":"closed","ping_status":"open","sticky":false,"template":"","format":"standard","meta":{"_monsterinsights_skip_tracking":false,"_monsterinsights_sitenote_active":false,"_monsterinsights_sitenote_note":"","_monsterinsights_sitenote_category":0,"jetpack_post_was_ever_published":false,"_jetpack_newsletter_access":"","_jetpack_dont_email_post_to_subs":false,"_jetpack_newsletter_tier_id":0,"_jetpack_memberships_contains_paywalled_content":false,"_jetpack_memberships_contains_paid_content":false,"footnotes":"","jetpack_publicize_message":"","jetpack_publicize_feature_enabled":true,"jetpack_social_post_already_shared":true,"jetpack_social_options":{"image_generator_settings":{"template":"highway","default_image_id":0,"font":"","enabled":false},"version":2},"_wpas_customize_per_network":false},"categories":[5501],"tags":[16026,9637,9916],"class_list":["post-106036","post","type-post","status-publish","format-standard","has-post-thumbnail","hentry","category-region","tag-arzobispo-mercedes-lujan","tag-iglesia","tag-misa","generate-columns","tablet-grid-50","mobile-grid-100","grid-parent","grid-50"],"jetpack_publicize_connections":[],"jetpack_featured_media_url":"https:\/\/www.hoymercedes.com.ar\/principal\/wp-content\/uploads\/2020\/02\/misa-lujan-800x600-1.jpg","wps_subtitle":"Contra la IVE","jetpack_sharing_enabled":true,"_links":{"self":[{"href":"https:\/\/www.hoymercedes.com.ar\/principal\/wp-json\/wp\/v2\/posts\/106036","targetHints":{"allow":["GET"]}}],"collection":[{"href":"https:\/\/www.hoymercedes.com.ar\/principal\/wp-json\/wp\/v2\/posts"}],"about":[{"href":"https:\/\/www.hoymercedes.com.ar\/principal\/wp-json\/wp\/v2\/types\/post"}],"author":[{"embeddable":true,"href":"https:\/\/www.hoymercedes.com.ar\/principal\/wp-json\/wp\/v2\/users\/1"}],"replies":[{"embeddable":true,"href":"https:\/\/www.hoymercedes.com.ar\/principal\/wp-json\/wp\/v2\/comments?post=106036"}],"version-history":[{"count":0,"href":"https:\/\/www.hoymercedes.com.ar\/principal\/wp-json\/wp\/v2\/posts\/106036\/revisions"}],"wp:featuredmedia":[{"embeddable":true,"href":"https:\/\/www.hoymercedes.com.ar\/principal\/wp-json\/wp\/v2\/media\/106037"}],"wp:attachment":[{"href":"https:\/\/www.hoymercedes.com.ar\/principal\/wp-json\/wp\/v2\/media?parent=106036"}],"wp:term":[{"taxonomy":"category","embeddable":true,"href":"https:\/\/www.hoymercedes.com.ar\/principal\/wp-json\/wp\/v2\/categories?post=106036"},{"taxonomy":"post_tag","embeddable":true,"href":"https:\/\/www.hoymercedes.com.ar\/principal\/wp-json\/wp\/v2\/tags?post=106036"}],"curies":[{"name":"wp","href":"https:\/\/api.w.org\/{rel}","templated":true}]}}