{"id":106053,"date":"2020-02-08T01:19:00","date_gmt":"2020-02-08T04:19:00","guid":{"rendered":"http:\/\/www.hoymercedes.com.ar\/principal\/?p=106053"},"modified":"2020-02-09T18:58:25","modified_gmt":"2020-02-09T21:58:25","slug":"seguridad-y-prevencion-en-una-charla-para-los-adultos-mayores","status":"publish","type":"post","link":"https:\/\/www.hoymercedes.com.ar\/principal\/2020\/02\/08\/seguridad-y-prevencion-en-una-charla-para-los-adultos-mayores\/","title":{"rendered":"Seguridad y prevenci\u00f3n en una charla para los Adultos Mayores"},"content":{"rendered":"\n<p>La Secretar\u00eda de Seguridad del Municipio de Mercedes se hizo presente en el Club Apolo en el marco del programa de Licencia en tu Barrio. Una charla orientada a los Adultos Mayores de 70 a\u00f1os para la renovaci\u00f3n de sus licencias de conducir que deriv\u00f3 en una exposici\u00f3n del Secretario del \u00e1rea Gast\u00f3n Arenas en materia de seguridad y prevenci\u00f3n general.<\/p>\n\n\n\n<figure class=\"wp-block-image size-large\"><img loading=\"lazy\" decoding=\"async\" width=\"800\" height=\"389\" data-attachment-id=\"106055\" data-permalink=\"https:\/\/www.hoymercedes.com.ar\/principal\/2020\/02\/08\/seguridad-y-prevencion-en-una-charla-para-los-adultos-mayores\/transito-opy_800x389\/#main\" data-orig-file=\"https:\/\/www.hoymercedes.com.ar\/principal\/wp-content\/uploads\/2020\/02\/transito-opy_800x389.jpg\" data-orig-size=\"800,389\" data-comments-opened=\"0\" data-image-meta=\"{&quot;aperture&quot;:&quot;0&quot;,&quot;credit&quot;:&quot;&quot;,&quot;camera&quot;:&quot;&quot;,&quot;caption&quot;:&quot;&quot;,&quot;created_timestamp&quot;:&quot;0&quot;,&quot;copyright&quot;:&quot;&quot;,&quot;focal_length&quot;:&quot;0&quot;,&quot;iso&quot;:&quot;0&quot;,&quot;shutter_speed&quot;:&quot;0&quot;,&quot;title&quot;:&quot;&quot;,&quot;orientation&quot;:&quot;0&quot;}\" data-image-title=\"transito opy_800x389\" data-image-description=\"\" data-image-caption=\"\" data-large-file=\"https:\/\/www.hoymercedes.com.ar\/principal\/wp-content\/uploads\/2020\/02\/transito-opy_800x389.jpg\" src=\"https:\/\/www.hoymercedes.com.ar\/principal\/wp-content\/uploads\/2020\/02\/transito-opy_800x389.jpg\" alt=\"\" class=\"wp-image-106055\"\/><\/figure>\n\n\n\n<p>Junto a su sub secretario y personal del \u00e1rea, Arenas aprovech\u00f3 la oportunidad para hablar de los m\u00e9todos de estafa en enga\u00f1o a mayores, conocidos como \u00abel cuento del t\u00edo\u00bb. Tambi\u00e9n se hizo referencia a la aplicaci\u00f3n de bot\u00f3n antip\u00e1nico para brindar herramientas a los Adultos Mayores de la ciudad. <\/p>\n\n\n\n<p>\u00abEn cada charla se refuerzan los mecanismos de prevenci\u00f3n que cada persona adopta fortaleciendo la confianza y no generando miedo\u00bb, explicaron desde el \u00e1rea que en las pr\u00f3ximas semanas repetir\u00edan estas charlas en otros barrios. <\/p>\n\n\n\n<p>Cabe recordar que  las \u00faltimas semanas se produjeron en la ciudad diversos casos de estafa a adultos mayores. As\u00ed como algunos intentos m\u00e1s que no llegaron a concretarse por la respuestas de las personas. <\/p>\n\n\n\n<p>Las denuncias efectuadas potenciaron la tarea preventiva por parte del \u00e1rea y se invita especialmente a los familiares de los adultos mayores a darles acompa\u00f1amiento y gu\u00eda para evitar una posible estafa. <\/p>\n","protected":false},"excerpt":{"rendered":"<p>La Secretar\u00eda de Seguridad del Municipio de Mercedes se hizo presente en el Club Apolo en el marco del programa &#8230; <a title=\"Seguridad y prevenci\u00f3n en una charla para los Adultos Mayores\" class=\"read-more\" href=\"https:\/\/www.hoymercedes.com.ar\/principal\/2020\/02\/08\/seguridad-y-prevencion-en-una-charla-para-los-adultos-mayores\/\" aria-label=\"Leer m\u00e1s sobre Seguridad y prevenci\u00f3n en una charla para los Adultos Mayores\">Leer m\u00e1s<\/a><\/p>\n","protected":false},"author":1,"featured_media":106055,"comment_status":"closed","ping_status":"open","sticky":false,"template":"","format":"standard","meta":{"_monsterinsights_skip_tracking":false,"_monsterinsights_sitenote_active":false,"_monsterinsights_sitenote_note":"","_monsterinsights_sitenote_category":0,"jetpack_post_was_ever_published":false,"_jetpack_newsletter_access":"","_jetpack_dont_email_post_to_subs":false,"_jetpack_newsletter_tier_id":0,"_jetpack_memberships_contains_paywalled_content":false,"_jetpack_memberships_contains_paid_content":false,"footnotes":"","jetpack_publicize_message":"","jetpack_publicize_feature_enabled":true,"jetpack_social_post_already_shared":true,"jetpack_social_options":{"image_generator_settings":{"template":"highway","default_image_id":0,"font":"","enabled":false},"version":2},"_wpas_customize_per_network":false},"categories":[30],"tags":[244,802],"class_list":["post-106053","post","type-post","status-publish","format-standard","has-post-thumbnail","hentry","category-municipio","tag-municipio-2","tag-seguridad","generate-columns","tablet-grid-50","mobile-grid-100","grid-parent","grid-50"],"jetpack_publicize_connections":[],"jetpack_featured_media_url":"https:\/\/www.hoymercedes.com.ar\/principal\/wp-content\/uploads\/2020\/02\/transito-opy_800x389.jpg","wps_subtitle":"Charlas en los barrios","jetpack_sharing_enabled":true,"_links":{"self":[{"href":"https:\/\/www.hoymercedes.com.ar\/principal\/wp-json\/wp\/v2\/posts\/106053","targetHints":{"allow":["GET"]}}],"collection":[{"href":"https:\/\/www.hoymercedes.com.ar\/principal\/wp-json\/wp\/v2\/posts"}],"about":[{"href":"https:\/\/www.hoymercedes.com.ar\/principal\/wp-json\/wp\/v2\/types\/post"}],"author":[{"embeddable":true,"href":"https:\/\/www.hoymercedes.com.ar\/principal\/wp-json\/wp\/v2\/users\/1"}],"replies":[{"embeddable":true,"href":"https:\/\/www.hoymercedes.com.ar\/principal\/wp-json\/wp\/v2\/comments?post=106053"}],"version-history":[{"count":0,"href":"https:\/\/www.hoymercedes.com.ar\/principal\/wp-json\/wp\/v2\/posts\/106053\/revisions"}],"wp:featuredmedia":[{"embeddable":true,"href":"https:\/\/www.hoymercedes.com.ar\/principal\/wp-json\/wp\/v2\/media\/106055"}],"wp:attachment":[{"href":"https:\/\/www.hoymercedes.com.ar\/principal\/wp-json\/wp\/v2\/media?parent=106053"}],"wp:term":[{"taxonomy":"category","embeddable":true,"href":"https:\/\/www.hoymercedes.com.ar\/principal\/wp-json\/wp\/v2\/categories?post=106053"},{"taxonomy":"post_tag","embeddable":true,"href":"https:\/\/www.hoymercedes.com.ar\/principal\/wp-json\/wp\/v2\/tags?post=106053"}],"curies":[{"name":"wp","href":"https:\/\/api.w.org\/{rel}","templated":true}]}}