{"id":10612,"date":"2012-01-27T16:07:05","date_gmt":"2012-01-27T16:07:05","guid":{"rendered":"http:\/\/www.hoymercedes.com.ar\/principal\/?p=10612"},"modified":"2012-01-27T22:44:00","modified_gmt":"2012-01-27T22:44:00","slug":"marias-silvestre-pase-de-catania-a-palermo-por-crecimiento-personal","status":"publish","type":"post","link":"https:\/\/www.hoymercedes.com.ar\/principal\/2012\/01\/27\/marias-silvestre-pase-de-catania-a-palermo-por-crecimiento-personal\/","title":{"rendered":"Mat\u00edas Silvestre: \u00abPas\u00e9 de Catania a Palermo por crecimiento personal\u00bb"},"content":{"rendered":"<p>El jugador oriundo de nuestra ciudad el fin de semana convirti\u00f3 un gol en el triunfo del Palermo sobre el Genoa por el Calcio Italiano, uno de los torneos m\u00e1s competitivos del mundo y un destino que la mayor\u00eda de los profesionales desea conquistar.<\/p>\n<p>Matias Silvestre dialog\u00f3 con Radio Belgrano antes de salir a festejar con su novia el triunfo y el gol del pasado fin de semana y manifest\u00f3 toda su alegr\u00eda por el momento que est\u00e1 viviendo aclarando que en el Catania lleg\u00f3 a ser el capital del equipo y un defensor con amplia llegada al \u00e1rea rival y gol, situaci\u00f3n m\u00e1s que importante, sin embargo, sostuvo que: <em>\u00abPas\u00e9 del Catania al Palermo y fue una decisi\u00f3n que tom\u00e9 \u00a0para priorizar mi crecimiento futbol\u00edstico\u201d.<\/em><\/p>\n<p>El programa \u00abNueva Vuelta Ol\u00edmpica\u00bb fue donde brindo el reportaje en el cual tambi\u00e9n sostuvo que el presidente del club en el que se encuentra, Maurizio Zamparini, es un sujeto complejo, \u00abbravo\u00bb en palabras del mercedino, ya que en lo que va de la temporada cambi\u00f3 tres directores t\u00e9cnicos cerrando con: \u00abojal\u00e1 no cambiemos m\u00e1s\u00bb, en clara referencia a la necesidad de continuidad que los propios jugadores necesitan.<\/p>\n<p>Sostuvo que: <em>\u00bb La gente en la calle me trata muy bien y en Catania no tuve inconvenientes, estuve tres a\u00f1os y medio y fui capit\u00e1n, pero deben entender los motivos\u201d<\/em><\/p>\n<p>De esta manera el mercedino contin\u00faa con su crecimiento personal en la liga italiana de f\u00fatbol.<\/p>\n","protected":false},"excerpt":{"rendered":"<p>El jugador oriundo de nuestra ciudad el fin de semana convirti\u00f3 un gol en el triunfo del Palermo sobre el &#8230; <a title=\"Mat\u00edas Silvestre: \u00abPas\u00e9 de Catania a Palermo por crecimiento personal\u00bb\" class=\"read-more\" href=\"https:\/\/www.hoymercedes.com.ar\/principal\/2012\/01\/27\/marias-silvestre-pase-de-catania-a-palermo-por-crecimiento-personal\/\" aria-label=\"Leer m\u00e1s sobre Mat\u00edas Silvestre: \u00abPas\u00e9 de Catania a Palermo por crecimiento personal\u00bb\">Leer m\u00e1s<\/a><\/p>\n","protected":false},"author":1,"featured_media":0,"comment_status":"open","ping_status":"open","sticky":false,"template":"","format":"standard","meta":{"_monsterinsights_skip_tracking":false,"_monsterinsights_sitenote_active":false,"_monsterinsights_sitenote_note":"","_monsterinsights_sitenote_category":0,"jetpack_post_was_ever_published":false,"_jetpack_newsletter_access":"","_jetpack_dont_email_post_to_subs":false,"_jetpack_newsletter_tier_id":0,"_jetpack_memberships_contains_paywalled_content":false,"_jetpack_memberships_contains_paid_content":false,"footnotes":"","jetpack_publicize_message":"","jetpack_publicize_feature_enabled":true,"jetpack_social_post_already_shared":false,"jetpack_social_options":{"image_generator_settings":{"template":"highway","default_image_id":0,"font":"","enabled":false},"version":2},"_wpas_customize_per_network":false},"categories":[21],"tags":[753],"class_list":["post-10612","post","type-post","status-publish","format-standard","hentry","category-deportes","tag-matias-silvestre","generate-columns","tablet-grid-50","mobile-grid-100","grid-parent","grid-50"],"jetpack_publicize_connections":[],"jetpack_featured_media_url":"","wps_subtitle":"","jetpack_sharing_enabled":true,"_links":{"self":[{"href":"https:\/\/www.hoymercedes.com.ar\/principal\/wp-json\/wp\/v2\/posts\/10612","targetHints":{"allow":["GET"]}}],"collection":[{"href":"https:\/\/www.hoymercedes.com.ar\/principal\/wp-json\/wp\/v2\/posts"}],"about":[{"href":"https:\/\/www.hoymercedes.com.ar\/principal\/wp-json\/wp\/v2\/types\/post"}],"author":[{"embeddable":true,"href":"https:\/\/www.hoymercedes.com.ar\/principal\/wp-json\/wp\/v2\/users\/1"}],"replies":[{"embeddable":true,"href":"https:\/\/www.hoymercedes.com.ar\/principal\/wp-json\/wp\/v2\/comments?post=10612"}],"version-history":[{"count":0,"href":"https:\/\/www.hoymercedes.com.ar\/principal\/wp-json\/wp\/v2\/posts\/10612\/revisions"}],"wp:attachment":[{"href":"https:\/\/www.hoymercedes.com.ar\/principal\/wp-json\/wp\/v2\/media?parent=10612"}],"wp:term":[{"taxonomy":"category","embeddable":true,"href":"https:\/\/www.hoymercedes.com.ar\/principal\/wp-json\/wp\/v2\/categories?post=10612"},{"taxonomy":"post_tag","embeddable":true,"href":"https:\/\/www.hoymercedes.com.ar\/principal\/wp-json\/wp\/v2\/tags?post=10612"}],"curies":[{"name":"wp","href":"https:\/\/api.w.org\/{rel}","templated":true}]}}