{"id":106134,"date":"2020-02-12T16:23:51","date_gmt":"2020-02-12T19:23:51","guid":{"rendered":"http:\/\/www.hoymercedes.com.ar\/principal\/?p=106134"},"modified":"2020-02-12T16:25:50","modified_gmt":"2020-02-12T19:25:50","slug":"municipales-de-mercedes-en-estado-de-alerta-movilizacion-y-quite-de-colaboracion","status":"publish","type":"post","link":"https:\/\/www.hoymercedes.com.ar\/principal\/2020\/02\/12\/municipales-de-mercedes-en-estado-de-alerta-movilizacion-y-quite-de-colaboracion\/","title":{"rendered":"Municipales de Mercedes en estado de alerta, movilizaci\u00f3n y quite de colaboraci\u00f3n"},"content":{"rendered":"\n<p><em>A trav\u00e9s de una conferencia de prensa, el Sindicato de Trabajadores Municipales de Mercedes (STMM) y la Asociaci\u00f3n de Trabajadores del Estado (ATE) anunciaron que se encuentran \u201cen estado de alerta, movilizaci\u00f3n y quite de colaboraci\u00f3n\u201d en reclamo por el no cumplimiento del acuerdo salarial 2019 por parte del Municipio. Asimismo, contaron que pidieron una audiencia a la Delegaci\u00f3n local del Ministerio de Trabajo Bonaerense, que fue confirmada para el mediod\u00eda del viernes 14 de febrero. <\/em><\/p>\n\n\n\n<figure class=\"wp-block-image size-large\"><img loading=\"lazy\" decoding=\"async\" width=\"800\" height=\"533\" data-attachment-id=\"106136\" data-permalink=\"https:\/\/www.hoymercedes.com.ar\/principal\/2020\/02\/12\/municipales-de-mercedes-en-estado-de-alerta-movilizacion-y-quite-de-colaboracion\/12-municipales-2\/#main\" data-orig-file=\"https:\/\/www.hoymercedes.com.ar\/principal\/wp-content\/uploads\/2020\/02\/12-municipales-2.jpg\" data-orig-size=\"800,533\" data-comments-opened=\"0\" data-image-meta=\"{&quot;aperture&quot;:&quot;0&quot;,&quot;credit&quot;:&quot;&quot;,&quot;camera&quot;:&quot;&quot;,&quot;caption&quot;:&quot;&quot;,&quot;created_timestamp&quot;:&quot;0&quot;,&quot;copyright&quot;:&quot;&quot;,&quot;focal_length&quot;:&quot;0&quot;,&quot;iso&quot;:&quot;0&quot;,&quot;shutter_speed&quot;:&quot;0&quot;,&quot;title&quot;:&quot;&quot;,&quot;orientation&quot;:&quot;0&quot;}\" data-image-title=\"12 municipales 2\" data-image-description=\"\" data-image-caption=\"\" data-large-file=\"https:\/\/www.hoymercedes.com.ar\/principal\/wp-content\/uploads\/2020\/02\/12-municipales-2.jpg\" src=\"https:\/\/www.hoymercedes.com.ar\/principal\/wp-content\/uploads\/2020\/02\/12-municipales-2.jpg\" alt=\"\" class=\"wp-image-106136\"\/><\/figure>\n\n\n\n<p>Pasado el mediod\u00eda de \u00faltimo martes, los tres gremios que representan a\nlos trabajadores municipales de Mercedes participaron de la reuni\u00f3n con los\nresponsables de las \u00e1reas de Gobierno y Econom\u00eda. De esa reuni\u00f3n, los\nreferentes sindicales salieron m\u00e1s que disconformes y convocaron para el\nmi\u00e9rcoles a una conferencia de prensa y as\u00ed dar a conocer las acciones\nsindicales que tienen como fin reclamar el 13% que el Municipio les debe de\nincremento de lo acordado en 2019. <\/p>\n\n\n\n<p>En la sede del STMM, Carlos Rodr\u00edguez y Evangelina Artaza del Sindicato junto\na los delegados de distintas \u00e1reas y Hugo Bonafina de ATE, dieron cuenta de la\nsituaci\u00f3n gremial tras la reuni\u00f3n del martes a la tarde. \u201cSalimos disconformes\nporque venimos trabajando los tres gremios en una unidad sindical y el a\u00f1o\npasado firmamos, en enero, un acta que nos cost\u00f3 conseguir, con un porcentaje\nde aumento. Qued\u00f3 un porcentaje. Es un 13% que qued\u00f3 del 2019. No queremos\ndiscutir el 2020 sino cerramos el 2019\u201d, explic\u00f3 Rodr\u00edguez, Delegado\nNormalizador de FESIMUBO en el STMM. <\/p>\n\n\n\n<p>\u201cLe dimos una lista de opciones al Ejecutivo para discutir. En la\nreuni\u00f3n de ayer (por el martes), directamente nos dijeron que no hab\u00eda nada. No\nnos hicieron un ofrecimiento que podr\u00edamos debatir o discutir, sino que dijeron\nque no est\u00e1n en condiciones de pagarnos la suma que nos deben. Nosotros lo\n\u00fanico que discutimos es este 13% que nos deben. Queremos saber cu\u00e1ndo lo pagan.\nDimos opciones, pero ni hacen un ofrecimiento. No vimos una voluntad del Ejecutivo\u201d,\nagreg\u00f3 Rodr\u00edguez. <\/p>\n\n\n\n<p>Por su parte, Bonafina explic\u00f3 que el Ejecutivo fue aceptando la deuda del a\u00f1o pasado, en reuniones previas los sindicatos lo pidieron para cobrar en febrero, \u201caceptaron la deuda, pero nunca dijeron cuando la pagar\u00edan\u201d. \u201cCuando terminan de decirnos que no hay, nos plantean que nos reunamos a finales de febrero. Con lo cual, nos dejaban claro que hasta marzo no hablar\u00edamos. La reuni\u00f3n hubiera durado un minuto. El Ejecutivo dijo eso, sin ninguna explicaci\u00f3n. Despu\u00e9s s\u00ed, hablamos otros cuarenta minutos\u201d, expres\u00f3 el representante de ATE. <\/p>\n\n\n\n<figure class=\"wp-block-image size-large\"><img loading=\"lazy\" decoding=\"async\" width=\"800\" height=\"533\" data-attachment-id=\"106135\" data-permalink=\"https:\/\/www.hoymercedes.com.ar\/principal\/2020\/02\/12\/municipales-de-mercedes-en-estado-de-alerta-movilizacion-y-quite-de-colaboracion\/12-municipales-1\/#main\" data-orig-file=\"https:\/\/www.hoymercedes.com.ar\/principal\/wp-content\/uploads\/2020\/02\/12-municipales-1.jpg\" data-orig-size=\"800,533\" data-comments-opened=\"0\" data-image-meta=\"{&quot;aperture&quot;:&quot;0&quot;,&quot;credit&quot;:&quot;&quot;,&quot;camera&quot;:&quot;&quot;,&quot;caption&quot;:&quot;&quot;,&quot;created_timestamp&quot;:&quot;0&quot;,&quot;copyright&quot;:&quot;&quot;,&quot;focal_length&quot;:&quot;0&quot;,&quot;iso&quot;:&quot;0&quot;,&quot;shutter_speed&quot;:&quot;0&quot;,&quot;title&quot;:&quot;&quot;,&quot;orientation&quot;:&quot;0&quot;}\" data-image-title=\"12 municipales 1\" data-image-description=\"\" data-image-caption=\"\" data-large-file=\"https:\/\/www.hoymercedes.com.ar\/principal\/wp-content\/uploads\/2020\/02\/12-municipales-1.jpg\" src=\"https:\/\/www.hoymercedes.com.ar\/principal\/wp-content\/uploads\/2020\/02\/12-municipales-1.jpg\" alt=\"\" class=\"wp-image-106135\"\/><\/figure>\n\n\n\n<p><strong>Intervenci\u00f3n del\nMinisterio<\/strong><\/p>\n\n\n\n<p>Esta reuni\u00f3n deriv\u00f3 en un pedido de audiencia e intervenci\u00f3n por parte\ndel Sindicato ante la Delegaci\u00f3n local del Ministerio de Trabajo Bonaerense. En\nla presentaci\u00f3n, el STMM denuncia el \u201cno cumplimiento del acta\u201d y el \u201cno\ncumplimiento del pago de la diferencia de inflaci\u00f3n 2019\u201d. Por lo cual, se declararon\nen \u201cestado de alerta, movilizaci\u00f3n y quite de colaboraci\u00f3n\u201d. <\/p>\n\n\n\n<p>\u201cJunto a los delegados municipales, hicimos una presentaci\u00f3n ante el\nMinisterio de Trabajo para que intervenga en la situaci\u00f3n. Solicitamos una\naudiencia urgente y ya nos lleg\u00f3 la convocatoria para este viernes 14, al\nmediod\u00eda. Y nos declaramos en asamblea permanente en los lugares de trabajo y\nmovilizaci\u00f3n, adem\u00e1s del quite de colaboraci\u00f3n a partir de hoy, a la espera de\nla audiencia del viernes\u201d, explic\u00f3 Rodr\u00edguez. <\/p>\n\n\n\n<p>A la hora de preguntar sobre el impacto que tendr\u00e1 en la comunidad y los\nservicios que presta el Municipio a los vecinos, Rodr\u00edguez explic\u00f3 que no se ver\u00eda\nafectado. \u201cLos contribuyentes no van a hacer afectados. Como trabajadores del\nEstado siempre hacemos trabajo de m\u00e1s porque a veces las herramientas no est\u00e1n.\nA partir de ahora, cuando las condiciones de trabajo no est\u00e9n favorables, no\nlas har\u00e1n\u201d, agreg\u00f3 el referente del STMM explicando un sistema de trabajo a\nreglamento por parte de los municipales hasta el viernes que tengan la\naudiencia en el Delegaci\u00f3n local del Ministerio de Trabajo. <\/p>\n\n\n\n<p>Los representantes de los gremios confirmaron que de la reuni\u00f3n paritaria tambi\u00e9n particip\u00f3 el Delegado Normalizador de la Asociaci\u00f3n de Trabajadores Municipales (ATMM) Ignacio Arias (que tiene convocada elecciones para el 17 de abril) , as\u00ed como la Secretaria de Gobierno, Clara Zunino y el Secretario y Subsecretario de Econom\u00eda, Gast\u00f3n Boido y David Valerga. <\/p>\n\n\n\n<p> Por Hoy Mercedes <\/p>\n","protected":false},"excerpt":{"rendered":"<p>A trav\u00e9s de una conferencia de prensa, el Sindicato de Trabajadores Municipales de Mercedes (STMM) y la Asociaci\u00f3n de Trabajadores &#8230; <a title=\"Municipales de Mercedes en estado de alerta, movilizaci\u00f3n y quite de colaboraci\u00f3n\" class=\"read-more\" href=\"https:\/\/www.hoymercedes.com.ar\/principal\/2020\/02\/12\/municipales-de-mercedes-en-estado-de-alerta-movilizacion-y-quite-de-colaboracion\/\" aria-label=\"Leer m\u00e1s sobre Municipales de Mercedes en estado de alerta, movilizaci\u00f3n y quite de colaboraci\u00f3n\">Leer m\u00e1s<\/a><\/p>\n","protected":false},"author":1,"featured_media":106135,"comment_status":"closed","ping_status":"open","sticky":false,"template":"","format":"standard","meta":{"_monsterinsights_skip_tracking":false,"_monsterinsights_sitenote_active":false,"_monsterinsights_sitenote_note":"","_monsterinsights_sitenote_category":0,"jetpack_post_was_ever_published":false,"_jetpack_newsletter_access":"","_jetpack_dont_email_post_to_subs":false,"_jetpack_newsletter_tier_id":0,"_jetpack_memberships_contains_paywalled_content":false,"_jetpack_memberships_contains_paid_content":false,"footnotes":"","jetpack_publicize_message":"","jetpack_publicize_feature_enabled":true,"jetpack_social_post_already_shared":true,"jetpack_social_options":{"image_generator_settings":{"template":"highway","default_image_id":0,"font":"","enabled":false},"version":2},"_wpas_customize_per_network":false},"categories":[10563],"tags":[418,244,100,2296,2720],"class_list":["post-106134","post","type-post","status-publish","format-standard","has-post-thumbnail","hentry","category-gremios-sindicatos","tag-ate","tag-municipio-2","tag-reclamo","tag-stmm","tag-trabajadores-municipales","generate-columns","tablet-grid-50","mobile-grid-100","grid-parent","grid-50"],"jetpack_publicize_connections":[],"jetpack_featured_media_url":"https:\/\/www.hoymercedes.com.ar\/principal\/wp-content\/uploads\/2020\/02\/12-municipales-1.jpg","wps_subtitle":"Anuncio de los gremios de municipales","jetpack_sharing_enabled":true,"_links":{"self":[{"href":"https:\/\/www.hoymercedes.com.ar\/principal\/wp-json\/wp\/v2\/posts\/106134","targetHints":{"allow":["GET"]}}],"collection":[{"href":"https:\/\/www.hoymercedes.com.ar\/principal\/wp-json\/wp\/v2\/posts"}],"about":[{"href":"https:\/\/www.hoymercedes.com.ar\/principal\/wp-json\/wp\/v2\/types\/post"}],"author":[{"embeddable":true,"href":"https:\/\/www.hoymercedes.com.ar\/principal\/wp-json\/wp\/v2\/users\/1"}],"replies":[{"embeddable":true,"href":"https:\/\/www.hoymercedes.com.ar\/principal\/wp-json\/wp\/v2\/comments?post=106134"}],"version-history":[{"count":0,"href":"https:\/\/www.hoymercedes.com.ar\/principal\/wp-json\/wp\/v2\/posts\/106134\/revisions"}],"wp:featuredmedia":[{"embeddable":true,"href":"https:\/\/www.hoymercedes.com.ar\/principal\/wp-json\/wp\/v2\/media\/106135"}],"wp:attachment":[{"href":"https:\/\/www.hoymercedes.com.ar\/principal\/wp-json\/wp\/v2\/media?parent=106134"}],"wp:term":[{"taxonomy":"category","embeddable":true,"href":"https:\/\/www.hoymercedes.com.ar\/principal\/wp-json\/wp\/v2\/categories?post=106134"},{"taxonomy":"post_tag","embeddable":true,"href":"https:\/\/www.hoymercedes.com.ar\/principal\/wp-json\/wp\/v2\/tags?post=106134"}],"curies":[{"name":"wp","href":"https:\/\/api.w.org\/{rel}","templated":true}]}}