{"id":106157,"date":"2020-02-12T18:54:10","date_gmt":"2020-02-12T21:54:10","guid":{"rendered":"http:\/\/www.hoymercedes.com.ar\/principal\/?p=106157"},"modified":"2020-02-14T08:53:54","modified_gmt":"2020-02-14T11:53:54","slug":"vuelco-en-ruta-una-mujer-con-heridas-leves","status":"publish","type":"post","link":"https:\/\/www.hoymercedes.com.ar\/principal\/2020\/02\/12\/vuelco-en-ruta-una-mujer-con-heridas-leves\/","title":{"rendered":"Vuelco en ruta 5: una mujer con heridas leves"},"content":{"rendered":"\n<p>Promediando la ma\u00f1ana de este mi\u00e9rcoles un nuevo vuelco se produjo en la Ruta Nacional N\u00b0 5. A la altura del kil\u00f3metro 129, jurisdicci\u00f3n Suipacha, un Renault Scenic gris, patente HGP 721, que circulaba en sentido Chivilcoy-Suipacha, se despita y termina volcando a la vera de la ruta. <\/p>\n\n\n\n<figure class=\"wp-block-image size-large\"><img loading=\"lazy\" decoding=\"async\" width=\"800\" height=\"369\" data-attachment-id=\"106159\" data-permalink=\"https:\/\/www.hoymercedes.com.ar\/principal\/2020\/02\/12\/vuelco-en-ruta-una-mujer-con-heridas-leves\/fb_img_15815428230887809_copy_800x369\/#main\" data-orig-file=\"https:\/\/www.hoymercedes.com.ar\/principal\/wp-content\/uploads\/2020\/02\/FB_IMG_15815428230887809_copy_800x369.jpg\" data-orig-size=\"800,369\" data-comments-opened=\"0\" data-image-meta=\"{&quot;aperture&quot;:&quot;0&quot;,&quot;credit&quot;:&quot;&quot;,&quot;camera&quot;:&quot;&quot;,&quot;caption&quot;:&quot;&quot;,&quot;created_timestamp&quot;:&quot;0&quot;,&quot;copyright&quot;:&quot;&quot;,&quot;focal_length&quot;:&quot;0&quot;,&quot;iso&quot;:&quot;0&quot;,&quot;shutter_speed&quot;:&quot;0&quot;,&quot;title&quot;:&quot;&quot;,&quot;orientation&quot;:&quot;0&quot;}\" data-image-title=\"FB_IMG_15815428230887809_copy_800x369\" data-image-description=\"\" data-image-caption=\"\" data-large-file=\"https:\/\/www.hoymercedes.com.ar\/principal\/wp-content\/uploads\/2020\/02\/FB_IMG_15815428230887809_copy_800x369.jpg\" src=\"https:\/\/www.hoymercedes.com.ar\/principal\/wp-content\/uploads\/2020\/02\/FB_IMG_15815428230887809_copy_800x369.jpg\" alt=\"\" class=\"wp-image-106159\"\/><\/figure>\n\n\n\n<p>Melisa Piazze, 27 a\u00f1os, de Chivilcoy conduc\u00eda el veh\u00edculo y pierde el control, derrapando sobre su mano de circulaci\u00f3n, ingresando a la banquina donde luego de transitar varios metros por la zona del amplio pr\u00e9stamo, impacta contra el alambrado, ingresando al campo donde vuelco. Es as\u00ed que queda el veh\u00edculo con sus neum\u00e1ticos hacia arriba a unos 50 metros de la cinta asf\u00e1ltica.<\/p>\n\n\n\n<p>La joven que viajaba sin acompa\u00f1antes fue auxiliada en primer t\u00e9rmino por el personal de una de las f\u00e1bricas de queso de la zona y trasladada por SAME Suipacha al hospital local que termina derivandola al Hospital Dubarry de Mercedes donde se determin\u00f3 que presenta politraumatismos leves. De regreso a la vecina localidad de Suipacha, la internan para mantenerla en observaci\u00f3n y descartar as\u00ed otras lesiones. <\/p>\n\n\n\n<p>Fuente y fotograf\u00edas: Jorge Lasala (Suipacha)<\/p>\n\n\n\n<figure class=\"wp-block-image size-large\"><img loading=\"lazy\" decoding=\"async\" width=\"800\" height=\"449\" data-attachment-id=\"106158\" data-permalink=\"https:\/\/www.hoymercedes.com.ar\/principal\/2020\/02\/12\/vuelco-en-ruta-una-mujer-con-heridas-leves\/fb_img_15815428095341340_copy_800x449\/#main\" data-orig-file=\"https:\/\/www.hoymercedes.com.ar\/principal\/wp-content\/uploads\/2020\/02\/FB_IMG_15815428095341340_copy_800x449.jpg\" data-orig-size=\"800,449\" data-comments-opened=\"0\" data-image-meta=\"{&quot;aperture&quot;:&quot;0&quot;,&quot;credit&quot;:&quot;&quot;,&quot;camera&quot;:&quot;&quot;,&quot;caption&quot;:&quot;&quot;,&quot;created_timestamp&quot;:&quot;0&quot;,&quot;copyright&quot;:&quot;&quot;,&quot;focal_length&quot;:&quot;0&quot;,&quot;iso&quot;:&quot;0&quot;,&quot;shutter_speed&quot;:&quot;0&quot;,&quot;title&quot;:&quot;&quot;,&quot;orientation&quot;:&quot;0&quot;}\" data-image-title=\"FB_IMG_15815428095341340_copy_800x449\" data-image-description=\"\" data-image-caption=\"\" data-large-file=\"https:\/\/www.hoymercedes.com.ar\/principal\/wp-content\/uploads\/2020\/02\/FB_IMG_15815428095341340_copy_800x449.jpg\" src=\"https:\/\/www.hoymercedes.com.ar\/principal\/wp-content\/uploads\/2020\/02\/FB_IMG_15815428095341340_copy_800x449.jpg\" alt=\"\" class=\"wp-image-106158\"\/><\/figure>\n","protected":false},"excerpt":{"rendered":"<p>Promediando la ma\u00f1ana de este mi\u00e9rcoles un nuevo vuelco se produjo en la Ruta Nacional N\u00b0 5. A la altura &#8230; <a title=\"Vuelco en ruta 5: una mujer con heridas leves\" class=\"read-more\" href=\"https:\/\/www.hoymercedes.com.ar\/principal\/2020\/02\/12\/vuelco-en-ruta-una-mujer-con-heridas-leves\/\" aria-label=\"Leer m\u00e1s sobre Vuelco en ruta 5: una mujer con heridas leves\">Leer m\u00e1s<\/a><\/p>\n","protected":false},"author":1,"featured_media":106158,"comment_status":"closed","ping_status":"open","sticky":false,"template":"","format":"standard","meta":{"_monsterinsights_skip_tracking":false,"_monsterinsights_sitenote_active":false,"_monsterinsights_sitenote_note":"","_monsterinsights_sitenote_category":0,"jetpack_post_was_ever_published":false,"_jetpack_newsletter_access":"","_jetpack_dont_email_post_to_subs":false,"_jetpack_newsletter_tier_id":0,"_jetpack_memberships_contains_paywalled_content":false,"_jetpack_memberships_contains_paid_content":false,"footnotes":"","jetpack_publicize_message":"","jetpack_publicize_feature_enabled":true,"jetpack_social_post_already_shared":true,"jetpack_social_options":{"image_generator_settings":{"template":"highway","default_image_id":0,"font":"","enabled":false},"version":2},"_wpas_customize_per_network":false},"categories":[85],"tags":[10395,2072],"class_list":["post-106157","post","type-post","status-publish","format-standard","has-post-thumbnail","hentry","category-policial","tag-siniestro-vial","tag-vuelco-ruta-5","generate-columns","tablet-grid-50","mobile-grid-100","grid-parent","grid-50"],"jetpack_publicize_connections":[],"jetpack_featured_media_url":"https:\/\/www.hoymercedes.com.ar\/principal\/wp-content\/uploads\/2020\/02\/FB_IMG_15815428095341340_copy_800x449.jpg","wps_subtitle":"Regional","jetpack_sharing_enabled":true,"_links":{"self":[{"href":"https:\/\/www.hoymercedes.com.ar\/principal\/wp-json\/wp\/v2\/posts\/106157","targetHints":{"allow":["GET"]}}],"collection":[{"href":"https:\/\/www.hoymercedes.com.ar\/principal\/wp-json\/wp\/v2\/posts"}],"about":[{"href":"https:\/\/www.hoymercedes.com.ar\/principal\/wp-json\/wp\/v2\/types\/post"}],"author":[{"embeddable":true,"href":"https:\/\/www.hoymercedes.com.ar\/principal\/wp-json\/wp\/v2\/users\/1"}],"replies":[{"embeddable":true,"href":"https:\/\/www.hoymercedes.com.ar\/principal\/wp-json\/wp\/v2\/comments?post=106157"}],"version-history":[{"count":0,"href":"https:\/\/www.hoymercedes.com.ar\/principal\/wp-json\/wp\/v2\/posts\/106157\/revisions"}],"wp:featuredmedia":[{"embeddable":true,"href":"https:\/\/www.hoymercedes.com.ar\/principal\/wp-json\/wp\/v2\/media\/106158"}],"wp:attachment":[{"href":"https:\/\/www.hoymercedes.com.ar\/principal\/wp-json\/wp\/v2\/media?parent=106157"}],"wp:term":[{"taxonomy":"category","embeddable":true,"href":"https:\/\/www.hoymercedes.com.ar\/principal\/wp-json\/wp\/v2\/categories?post=106157"},{"taxonomy":"post_tag","embeddable":true,"href":"https:\/\/www.hoymercedes.com.ar\/principal\/wp-json\/wp\/v2\/tags?post=106157"}],"curies":[{"name":"wp","href":"https:\/\/api.w.org\/{rel}","templated":true}]}}