{"id":106210,"date":"2020-02-14T13:35:00","date_gmt":"2020-02-14T16:35:00","guid":{"rendered":"http:\/\/www.hoymercedes.com.ar\/principal\/?p=106210"},"modified":"2020-02-14T20:45:04","modified_gmt":"2020-02-14T23:45:04","slug":"jornadas-de-cine-debate-en-la-unidad-n-5","status":"publish","type":"post","link":"https:\/\/www.hoymercedes.com.ar\/principal\/2020\/02\/14\/jornadas-de-cine-debate-en-la-unidad-n-5\/","title":{"rendered":"Jornadas de Cine Debate en la Unidad N\u00b0 5"},"content":{"rendered":"\n<p>Desde \u00e9sta semana y durante dos meses, en la Unidad Penitenciaria N\u00ba 5, se estar\u00e1 desarrollando un ciclo de Cine-Debate, para la poblaci\u00f3n. Con tres encuentros semanales, donde asisten los internos que concurren al Programa Provincial de Prevenci\u00f3n\u00a0\u00a0de Violencia en C\u00e1rceles, las internas del Anexo femenino y por \u00faltimo una vez cada pabell\u00f3n,\u00a0\u00a0para dar oportunidad a la mayor cantidad de detenidos.<\/p>\n\n\n\n<figure class=\"wp-block-image size-large\"><img loading=\"lazy\" decoding=\"async\" width=\"800\" height=\"534\" data-attachment-id=\"106211\" data-permalink=\"https:\/\/www.hoymercedes.com.ar\/principal\/2020\/02\/14\/jornadas-de-cine-debate-en-la-unidad-n-5\/14-cine-carcel\/#main\" data-orig-file=\"https:\/\/www.hoymercedes.com.ar\/principal\/wp-content\/uploads\/2020\/02\/14-cine-carcel.jpg\" data-orig-size=\"800,534\" data-comments-opened=\"0\" data-image-meta=\"{&quot;aperture&quot;:&quot;0&quot;,&quot;credit&quot;:&quot;&quot;,&quot;camera&quot;:&quot;&quot;,&quot;caption&quot;:&quot;&quot;,&quot;created_timestamp&quot;:&quot;0&quot;,&quot;copyright&quot;:&quot;&quot;,&quot;focal_length&quot;:&quot;0&quot;,&quot;iso&quot;:&quot;0&quot;,&quot;shutter_speed&quot;:&quot;0&quot;,&quot;title&quot;:&quot;&quot;,&quot;orientation&quot;:&quot;0&quot;}\" data-image-title=\"14 cine carcel\" data-image-description=\"\" data-image-caption=\"\" data-large-file=\"https:\/\/www.hoymercedes.com.ar\/principal\/wp-content\/uploads\/2020\/02\/14-cine-carcel.jpg\" src=\"https:\/\/www.hoymercedes.com.ar\/principal\/wp-content\/uploads\/2020\/02\/14-cine-carcel.jpg\" alt=\"\" class=\"wp-image-106211\"\/><\/figure>\n\n\n\n<p>El cine-debate consiste en un taller que a trav\u00e9s de la proyecci\u00f3n de diversas pel\u00edculas, los participantes deben implicarse con la participaci\u00f3n, el compromiso con la actividad, la selecci\u00f3n en conjunto de los films a mirar y temas de los que traten los mismos, una vez finalizado, se conversar\u00e1 sobre lo visto, y se buscar\u00e1 lograr una postura cr\u00edtica de las situaciones reflejadas.&nbsp;Esta actividad cultural, forma parte de las acciones tratamentales para la poblaci\u00f3n carcelaria de la Unidad<\/p>\n\n\n\n<p>Desde la proyecci\u00f3n de pel\u00edculas se abre el acceso a otras realidades, cercanas o lejanas, a otras formas de construcci\u00f3n cultural, de ficci\u00f3n \u00f3 hechos de la vida real, que abren un espacio para desarrollar el pensamiento critico y evaluaci\u00f3n de situaciones desde distintas miradas.<\/p>\n\n\n\n<p>Durante las primeras jornadas, hubo un gran entusiasmo por parte de los asistentes, siendo el proyecto con muy buena aceptaci\u00f3n. Los debates que se generaron fueron muy productivos y enriquecedores con los disparadores que otorgaron las propias pel\u00edculas vistas, conversando sobre valores, roles, historias de vida, etc. Con las mujeres, se busca la tem\u00e1tica del fortalecimiento,&nbsp;&nbsp;la concientizaci\u00f3n y el cambio de paradigma con la visibilizaci\u00f3n de las problem\u00e1ticas del g\u00e9nero.<\/p>\n\n\n\n<p>El Director de la Unidad 5 Prefecto Mayor&nbsp;<strong>Pablo Gregorini<\/strong>, junto al Subdirector del \u00c1rea de Asistencia y Tratamiento Prefecto&nbsp;<strong>Carlos D. Basualdo<\/strong>,&nbsp;&nbsp;quienes promovieron la iniciativa, dando una oportunidad para que los internos tengan un espacio de esparcimiento y reflexi\u00f3n, comentaron que este tipo de actividades tienen como objetivo generar espacios de convivencia y trabajo en equipo, adem\u00e1s del aspectos recreativo.<\/p>\n\n\n\n<p>La Coordinaci\u00f3n\u00a0la lleva adelante la Delegada de Cultura de la Unidad Agustina Ferraro y\u00a0participan las integrantes del Equipo de Abordaje Psicosocial, Licenciadas Emilia Valle, Natalia Venche y Cecilia Licropani.\u00a0<\/p>\n\n\n\n<p>Fuente: Prensa Unidad 5<\/p>\n","protected":false},"excerpt":{"rendered":"<p>Desde \u00e9sta semana y durante dos meses, en la Unidad Penitenciaria N\u00ba 5, se estar\u00e1 desarrollando un ciclo de Cine-Debate, &#8230; <a title=\"Jornadas de Cine Debate en la Unidad N\u00b0 5\" class=\"read-more\" href=\"https:\/\/www.hoymercedes.com.ar\/principal\/2020\/02\/14\/jornadas-de-cine-debate-en-la-unidad-n-5\/\" aria-label=\"Leer m\u00e1s sobre Jornadas de Cine Debate en la Unidad N\u00b0 5\">Leer m\u00e1s<\/a><\/p>\n","protected":false},"author":1,"featured_media":106211,"comment_status":"closed","ping_status":"open","sticky":false,"template":"","format":"standard","meta":{"_monsterinsights_skip_tracking":false,"_monsterinsights_sitenote_active":false,"_monsterinsights_sitenote_note":"","_monsterinsights_sitenote_category":0,"jetpack_post_was_ever_published":false,"_jetpack_newsletter_access":"","_jetpack_dont_email_post_to_subs":false,"_jetpack_newsletter_tier_id":0,"_jetpack_memberships_contains_paywalled_content":false,"_jetpack_memberships_contains_paid_content":false,"footnotes":"","jetpack_publicize_message":"","jetpack_publicize_feature_enabled":true,"jetpack_social_post_already_shared":true,"jetpack_social_options":{"image_generator_settings":{"template":"highway","default_image_id":0,"font":"","enabled":false},"version":2},"_wpas_customize_per_network":false},"categories":[8],"tags":[1011,3851,14813],"class_list":["post-106210","post","type-post","status-publish","format-standard","has-post-thumbnail","hentry","category-sociedad","tag-carcel","tag-cine-debate","tag-unidad-penitenciaria","generate-columns","tablet-grid-50","mobile-grid-100","grid-parent","grid-50"],"jetpack_publicize_connections":[],"jetpack_featured_media_url":"https:\/\/www.hoymercedes.com.ar\/principal\/wp-content\/uploads\/2020\/02\/14-cine-carcel.jpg","wps_subtitle":"Actividades culturales en la c\u00e1rcel","jetpack_sharing_enabled":true,"_links":{"self":[{"href":"https:\/\/www.hoymercedes.com.ar\/principal\/wp-json\/wp\/v2\/posts\/106210","targetHints":{"allow":["GET"]}}],"collection":[{"href":"https:\/\/www.hoymercedes.com.ar\/principal\/wp-json\/wp\/v2\/posts"}],"about":[{"href":"https:\/\/www.hoymercedes.com.ar\/principal\/wp-json\/wp\/v2\/types\/post"}],"author":[{"embeddable":true,"href":"https:\/\/www.hoymercedes.com.ar\/principal\/wp-json\/wp\/v2\/users\/1"}],"replies":[{"embeddable":true,"href":"https:\/\/www.hoymercedes.com.ar\/principal\/wp-json\/wp\/v2\/comments?post=106210"}],"version-history":[{"count":0,"href":"https:\/\/www.hoymercedes.com.ar\/principal\/wp-json\/wp\/v2\/posts\/106210\/revisions"}],"wp:featuredmedia":[{"embeddable":true,"href":"https:\/\/www.hoymercedes.com.ar\/principal\/wp-json\/wp\/v2\/media\/106211"}],"wp:attachment":[{"href":"https:\/\/www.hoymercedes.com.ar\/principal\/wp-json\/wp\/v2\/media?parent=106210"}],"wp:term":[{"taxonomy":"category","embeddable":true,"href":"https:\/\/www.hoymercedes.com.ar\/principal\/wp-json\/wp\/v2\/categories?post=106210"},{"taxonomy":"post_tag","embeddable":true,"href":"https:\/\/www.hoymercedes.com.ar\/principal\/wp-json\/wp\/v2\/tags?post=106210"}],"curies":[{"name":"wp","href":"https:\/\/api.w.org\/{rel}","templated":true}]}}