{"id":106225,"date":"2020-02-14T21:20:00","date_gmt":"2020-02-15T00:20:00","guid":{"rendered":"http:\/\/www.hoymercedes.com.ar\/principal\/?p=106225"},"modified":"2020-02-14T20:44:02","modified_gmt":"2020-02-14T23:44:02","slug":"fin-de-semana-de-food-trucks-en-el-parque","status":"publish","type":"post","link":"https:\/\/www.hoymercedes.com.ar\/principal\/2020\/02\/14\/fin-de-semana-de-food-trucks-en-el-parque\/","title":{"rendered":"Fin de semana de Food Trucks en el Parque"},"content":{"rendered":"\n<p>Luego de la suspensi\u00f3n de la semana pasada, este s\u00e1bado 15 y domingo 16 de febrero, en el sector nuevo del Parque Municipal se estar\u00e1 llevando a cabo la segunda edici\u00f3n del Festival de Food Trucks en Mercedes. M\u00fasica en vivo, artesan\u00edas, y los carros de venta de cerveza artesanal y gastronom\u00eda estar\u00e1n cada uno de los d\u00edas desde la hora 18. El ingreso al predio tendr\u00e1 un valor de 100 pesos, jubilados 50 pesos y menores de 12 a\u00f1os gratis. \u00a0<\/p>\n\n\n\n<figure class=\"wp-block-embed-facebook wp-block-embed is-type-video is-provider-facebook\"><div class=\"wp-block-embed__wrapper\">\n<div class=\"fb-video\" data-allowfullscreen=\"true\" data-href=\"https:\/\/www.facebook.com\/munimercedes\/videos\/2809081379177948\/\" style=\"background-color: #fff; display: inline-block;\"><\/div>\n<\/div><\/figure>\n\n\n\n<p>Es de destacar que durante las dos jornadas habr\u00e1 m\u00fasica en vivo. Las bandas de cada d\u00eda se pueden ver en la imagen. <\/p>\n\n\n\n<figure class=\"wp-block-image size-large\"><img loading=\"lazy\" decoding=\"async\" width=\"768\" height=\"768\" data-attachment-id=\"106226\" data-permalink=\"https:\/\/www.hoymercedes.com.ar\/principal\/2020\/02\/14\/fin-de-semana-de-food-trucks-en-el-parque\/14-food-trucks\/#main\" data-orig-file=\"https:\/\/www.hoymercedes.com.ar\/principal\/wp-content\/uploads\/2020\/02\/14-food-trucks.jpg\" data-orig-size=\"768,768\" data-comments-opened=\"0\" data-image-meta=\"{&quot;aperture&quot;:&quot;0&quot;,&quot;credit&quot;:&quot;&quot;,&quot;camera&quot;:&quot;&quot;,&quot;caption&quot;:&quot;&quot;,&quot;created_timestamp&quot;:&quot;0&quot;,&quot;copyright&quot;:&quot;&quot;,&quot;focal_length&quot;:&quot;0&quot;,&quot;iso&quot;:&quot;0&quot;,&quot;shutter_speed&quot;:&quot;0&quot;,&quot;title&quot;:&quot;&quot;,&quot;orientation&quot;:&quot;0&quot;}\" data-image-title=\"14-food-trucks\" data-image-description=\"\" data-image-caption=\"\" data-large-file=\"https:\/\/www.hoymercedes.com.ar\/principal\/wp-content\/uploads\/2020\/02\/14-food-trucks.jpg\" src=\"https:\/\/www.hoymercedes.com.ar\/principal\/wp-content\/uploads\/2020\/02\/14-food-trucks.jpg\" alt=\"\" class=\"wp-image-106226\"\/><\/figure>\n","protected":false},"excerpt":{"rendered":"<p>Luego de la suspensi\u00f3n de la semana pasada, este s\u00e1bado 15 y domingo 16 de febrero, en el sector nuevo &#8230; <a title=\"Fin de semana de Food Trucks en el Parque\" class=\"read-more\" href=\"https:\/\/www.hoymercedes.com.ar\/principal\/2020\/02\/14\/fin-de-semana-de-food-trucks-en-el-parque\/\" aria-label=\"Leer m\u00e1s sobre Fin de semana de Food Trucks en el Parque\">Leer m\u00e1s<\/a><\/p>\n","protected":false},"author":1,"featured_media":106226,"comment_status":"closed","ping_status":"open","sticky":false,"template":"","format":"standard","meta":{"_monsterinsights_skip_tracking":false,"_monsterinsights_sitenote_active":false,"_monsterinsights_sitenote_note":"","_monsterinsights_sitenote_category":0,"jetpack_post_was_ever_published":false,"_jetpack_newsletter_access":"","_jetpack_dont_email_post_to_subs":false,"_jetpack_newsletter_tier_id":0,"_jetpack_memberships_contains_paywalled_content":false,"_jetpack_memberships_contains_paid_content":false,"footnotes":"","jetpack_publicize_message":"","jetpack_publicize_feature_enabled":true,"jetpack_social_post_already_shared":true,"jetpack_social_options":{"image_generator_settings":{"template":"highway","default_image_id":0,"font":"","enabled":false},"version":2},"_wpas_customize_per_network":false},"categories":[30],"tags":[14514,244,1551],"class_list":["post-106225","post","type-post","status-publish","format-standard","has-post-thumbnail","hentry","category-municipio","tag-food-trucks","tag-municipio-2","tag-parque-municipal","generate-columns","tablet-grid-50","mobile-grid-100","grid-parent","grid-50"],"jetpack_publicize_connections":[],"jetpack_featured_media_url":"https:\/\/www.hoymercedes.com.ar\/principal\/wp-content\/uploads\/2020\/02\/14-food-trucks.jpg","wps_subtitle":"Dos d\u00edas de gastronom\u00eda y m\u00fasica","jetpack_sharing_enabled":true,"_links":{"self":[{"href":"https:\/\/www.hoymercedes.com.ar\/principal\/wp-json\/wp\/v2\/posts\/106225","targetHints":{"allow":["GET"]}}],"collection":[{"href":"https:\/\/www.hoymercedes.com.ar\/principal\/wp-json\/wp\/v2\/posts"}],"about":[{"href":"https:\/\/www.hoymercedes.com.ar\/principal\/wp-json\/wp\/v2\/types\/post"}],"author":[{"embeddable":true,"href":"https:\/\/www.hoymercedes.com.ar\/principal\/wp-json\/wp\/v2\/users\/1"}],"replies":[{"embeddable":true,"href":"https:\/\/www.hoymercedes.com.ar\/principal\/wp-json\/wp\/v2\/comments?post=106225"}],"version-history":[{"count":0,"href":"https:\/\/www.hoymercedes.com.ar\/principal\/wp-json\/wp\/v2\/posts\/106225\/revisions"}],"wp:featuredmedia":[{"embeddable":true,"href":"https:\/\/www.hoymercedes.com.ar\/principal\/wp-json\/wp\/v2\/media\/106226"}],"wp:attachment":[{"href":"https:\/\/www.hoymercedes.com.ar\/principal\/wp-json\/wp\/v2\/media?parent=106225"}],"wp:term":[{"taxonomy":"category","embeddable":true,"href":"https:\/\/www.hoymercedes.com.ar\/principal\/wp-json\/wp\/v2\/categories?post=106225"},{"taxonomy":"post_tag","embeddable":true,"href":"https:\/\/www.hoymercedes.com.ar\/principal\/wp-json\/wp\/v2\/tags?post=106225"}],"curies":[{"name":"wp","href":"https:\/\/api.w.org\/{rel}","templated":true}]}}