{"id":106237,"date":"2020-02-15T12:34:35","date_gmt":"2020-02-15T15:34:35","guid":{"rendered":"http:\/\/www.hoymercedes.com.ar\/principal\/?p=106237"},"modified":"2020-02-15T13:04:04","modified_gmt":"2020-02-15T16:04:04","slug":"los-gremios-disconformes-con-la-respuesta-de-los-funcionarios-municipales-continuan-en-asamblea","status":"publish","type":"post","link":"https:\/\/www.hoymercedes.com.ar\/principal\/2020\/02\/15\/los-gremios-disconformes-con-la-respuesta-de-los-funcionarios-municipales-continuan-en-asamblea\/","title":{"rendered":"Los gremios disconformes con la respuesta de los funcionarios municipales contin\u00faan en asamblea"},"content":{"rendered":"\n<p>En horas del mediod\u00eda del viernes \u00faltimo, se llev\u00f3 adelante la audiencia convocada por la Delegaci\u00f3n local del Ministerio de Trabajo Bonaerense a pedido del Sindicato de Trabajadores Municipales motivados por una deuda salarial de 2019. Al pedido de sum\u00f3 ATE y por lo tanto, ambos gremios se hicieron presentes en la oficinas locales del ministerio para encontrarse con los funcionarios del \u00e1rea de Gobierno y Econom\u00eda. Se demostraron disconformes y anunciaron que continuar\u00e1n con las medidas <a rel=\"noreferrer noopener\" aria-label=\"de fuerzas iniciadas el mi\u00e9rcoles pasado.  (se abre en una nueva pesta\u00f1a)\" href=\"https:\/\/www.hoymercedes.com.ar\/principal\/2020\/02\/12\/municipales-de-mercedes-en-estado-de-alerta-movilizacion-y-quite-de-colaboracion\/\" target=\"_blank\">de fuerzas iniciadas el mi\u00e9rcoles pasado. <\/a><\/p>\n\n\n\n<figure class=\"wp-block-image size-large\"><img loading=\"lazy\" decoding=\"async\" width=\"800\" height=\"533\" data-attachment-id=\"106238\" data-permalink=\"https:\/\/www.hoymercedes.com.ar\/principal\/2020\/02\/15\/los-gremios-disconformes-con-la-respuesta-de-los-funcionarios-municipales-continuan-en-asamblea\/15-muni-parita\/#main\" data-orig-file=\"https:\/\/www.hoymercedes.com.ar\/principal\/wp-content\/uploads\/2020\/02\/15-muni-parita-.jpg\" data-orig-size=\"800,533\" data-comments-opened=\"0\" data-image-meta=\"{&quot;aperture&quot;:&quot;0&quot;,&quot;credit&quot;:&quot;&quot;,&quot;camera&quot;:&quot;&quot;,&quot;caption&quot;:&quot;&quot;,&quot;created_timestamp&quot;:&quot;0&quot;,&quot;copyright&quot;:&quot;&quot;,&quot;focal_length&quot;:&quot;0&quot;,&quot;iso&quot;:&quot;0&quot;,&quot;shutter_speed&quot;:&quot;0&quot;,&quot;title&quot;:&quot;&quot;,&quot;orientation&quot;:&quot;0&quot;}\" data-image-title=\"15 muni parita\" data-image-description=\"\" data-image-caption=\"\" data-large-file=\"https:\/\/www.hoymercedes.com.ar\/principal\/wp-content\/uploads\/2020\/02\/15-muni-parita-.jpg\" src=\"https:\/\/www.hoymercedes.com.ar\/principal\/wp-content\/uploads\/2020\/02\/15-muni-parita-.jpg\" alt=\"\" class=\"wp-image-106238\"\/><\/figure>\n\n\n\n<p>Al t\u00e9rmino de la reuni\u00f3n que dur\u00f3 m\u00e1s de una hora, casi hora y media, Evangelina Artaza del Sindicato de Trabajadores Municipales de Mercedes y Hugo Bonafina de ATE Mercedes hablaron con los medios locales para explicar c\u00f3mo fue la reuni\u00f3n y los pasos a seguir. <\/p>\n\n\n\n<p>\u201cQuedamos parecido a lo que ya est\u00e1bamos, por eso nos mantenemos en\nestado de alerta, movilizaci\u00f3n, quite de colaboraci\u00f3n y asamblea permanente\u201d,\ndijo Bonafina en las puertas de la Delegaci\u00f3n local del Ministerio. \u201cEl Municipio\nsolicit\u00f3 cerrar el expediente, pensamos igual en mantener el \u00e1mbito municipal para\nlas discusiones. Esperamos que sean urgente\u201d, agreg\u00f3 el Secretario General de\nATE. <\/p>\n\n\n\n<p>\u201cEl Municipio plantea que cerr\u00f3 el 2019, nosotros decimos que no. Ellos\ndan un argumento que nunca fue consensuado. Nunca nos aclararon que la bonificaci\u00f3n\nque se dio era un bono a cuenta de la actualizaci\u00f3n de noviembre. Se hab\u00eda\npedido el bono, est\u00e1 bien. Pero hab\u00edamos pedido aumento salarial de emergencia\u201d,\nagreg\u00f3 Bonafina. <\/p>\n\n\n\n<p>Por su parte, Evangelina Artaza, en nombre del STMM, destac\u00f3 que esperar\u00e1n\nla convocatoria a una nueva reuni\u00f3n paritaria. Mientras tanto, \u201ccontinuamos con\nla misma medida ya que no se lleg\u00f3 a ning\u00fan acuerdo\u201d. Adem\u00e1s agreg\u00f3 que ten\u00edan\nprevisto realizar asambleas en los lugares de trabajo durante la tarde del\nviernes, tal como sucedi\u00f3 en el Corral\u00f3n Municipal a la tardecita. <\/p>\n\n\n\n<p>\u201cSeguimos en asamblea. Vamos a ver cu\u00e1les ser\u00e1n las medidas a tomar a\npartir de ahora, ser\u00e1n las que decida el cuerpo de delegados. Nosotros seguimos\nreclamando ese 13%. No queremos perderlo. Aunque el municipio dice que est\u00e1\ncerrada la paritaria de 2019. Para nosotros, no. No con ese bono que se entreg\u00f3\npor una situaci\u00f3n de emergencia y no forma parte de nuestro salario\u201d, agreg\u00f3\nArtaza que con Bonafina resaltaron que el bono se cobr\u00f3 una \u00fanica vez y no\nsigui\u00f3 formando parte del salario los meses siguientes. <\/p>\n","protected":false},"excerpt":{"rendered":"<p>En horas del mediod\u00eda del viernes \u00faltimo, se llev\u00f3 adelante la audiencia convocada por la Delegaci\u00f3n local del Ministerio de &#8230; <a title=\"Los gremios disconformes con la respuesta de los funcionarios municipales contin\u00faan en asamblea\" class=\"read-more\" href=\"https:\/\/www.hoymercedes.com.ar\/principal\/2020\/02\/15\/los-gremios-disconformes-con-la-respuesta-de-los-funcionarios-municipales-continuan-en-asamblea\/\" aria-label=\"Leer m\u00e1s sobre Los gremios disconformes con la respuesta de los funcionarios municipales contin\u00faan en asamblea\">Leer m\u00e1s<\/a><\/p>\n","protected":false},"author":1,"featured_media":106238,"comment_status":"closed","ping_status":"open","sticky":false,"template":"","format":"standard","meta":{"_monsterinsights_skip_tracking":false,"_monsterinsights_sitenote_active":false,"_monsterinsights_sitenote_note":"","_monsterinsights_sitenote_category":0,"jetpack_post_was_ever_published":false,"_jetpack_newsletter_access":"","_jetpack_dont_email_post_to_subs":false,"_jetpack_newsletter_tier_id":0,"_jetpack_memberships_contains_paywalled_content":false,"_jetpack_memberships_contains_paid_content":false,"footnotes":"","jetpack_publicize_message":"","jetpack_publicize_feature_enabled":true,"jetpack_social_post_already_shared":true,"jetpack_social_options":{"image_generator_settings":{"template":"highway","default_image_id":0,"font":"","enabled":false},"version":2},"_wpas_customize_per_network":false},"categories":[10563],"tags":[418,8799,1432,244,100,16205,2296,2720],"class_list":["post-106237","post","type-post","status-publish","format-standard","has-post-thumbnail","hentry","category-gremios-sindicatos","tag-ate","tag-gremios","tag-ministerio-de-trabajo","tag-municipio-2","tag-reclamo","tag-salario-municipal","tag-stmm","tag-trabajadores-municipales","generate-columns","tablet-grid-50","mobile-grid-100","grid-parent","grid-50"],"jetpack_publicize_connections":[],"jetpack_featured_media_url":"https:\/\/www.hoymercedes.com.ar\/principal\/wp-content\/uploads\/2020\/02\/15-muni-parita-.jpg","wps_subtitle":"Audiencia por salario municipal","jetpack_sharing_enabled":true,"_links":{"self":[{"href":"https:\/\/www.hoymercedes.com.ar\/principal\/wp-json\/wp\/v2\/posts\/106237","targetHints":{"allow":["GET"]}}],"collection":[{"href":"https:\/\/www.hoymercedes.com.ar\/principal\/wp-json\/wp\/v2\/posts"}],"about":[{"href":"https:\/\/www.hoymercedes.com.ar\/principal\/wp-json\/wp\/v2\/types\/post"}],"author":[{"embeddable":true,"href":"https:\/\/www.hoymercedes.com.ar\/principal\/wp-json\/wp\/v2\/users\/1"}],"replies":[{"embeddable":true,"href":"https:\/\/www.hoymercedes.com.ar\/principal\/wp-json\/wp\/v2\/comments?post=106237"}],"version-history":[{"count":0,"href":"https:\/\/www.hoymercedes.com.ar\/principal\/wp-json\/wp\/v2\/posts\/106237\/revisions"}],"wp:featuredmedia":[{"embeddable":true,"href":"https:\/\/www.hoymercedes.com.ar\/principal\/wp-json\/wp\/v2\/media\/106238"}],"wp:attachment":[{"href":"https:\/\/www.hoymercedes.com.ar\/principal\/wp-json\/wp\/v2\/media?parent=106237"}],"wp:term":[{"taxonomy":"category","embeddable":true,"href":"https:\/\/www.hoymercedes.com.ar\/principal\/wp-json\/wp\/v2\/categories?post=106237"},{"taxonomy":"post_tag","embeddable":true,"href":"https:\/\/www.hoymercedes.com.ar\/principal\/wp-json\/wp\/v2\/tags?post=106237"}],"curies":[{"name":"wp","href":"https:\/\/api.w.org\/{rel}","templated":true}]}}