{"id":106242,"date":"2020-02-15T12:59:07","date_gmt":"2020-02-15T15:59:07","guid":{"rendered":"http:\/\/www.hoymercedes.com.ar\/principal\/?p=106242"},"modified":"2020-02-15T13:03:53","modified_gmt":"2020-02-15T16:03:53","slug":"para-el-municipio-la-paritaria-2019-esta-cerrada-y-anuncian-3000-de-bono-para-trabajadores-con-hijos-en-edad-escolar","status":"publish","type":"post","link":"https:\/\/www.hoymercedes.com.ar\/principal\/2020\/02\/15\/para-el-municipio-la-paritaria-2019-esta-cerrada-y-anuncian-3000-de-bono-para-trabajadores-con-hijos-en-edad-escolar\/","title":{"rendered":"Para el Municipio la paritaria 2019 est\u00e1 cerrada y anuncian $3000 de bono para trabajadores con hijos en edad escolar"},"content":{"rendered":"\n<p>Luego de que se hiciese p\u00fablica la petici\u00f3n del Sindicato de Trabajadores Municipales para que el Ministerio de Trabajo provincial intervenga ante el reclamo salarial, el Municipio de Mercedes recibi\u00f3 la citaci\u00f3n para el viernes al mediod\u00eda. En la sede local de calle 25 se hicieron presentes la Secretaria de Gobierno Clara Zunino, el Subsecretario de Econom\u00eda David Valerga y funcionarios del \u00e1rea legal y de recursos humanos de la comuna para encontrarse con los representantes de los gremios que representan a los Municipales. Convocar\u00edan a una nueva reuni\u00f3n de paritarias para el 26 de febrero. <\/p>\n\n\n\n<figure class=\"wp-block-image size-large\"><img loading=\"lazy\" decoding=\"async\" width=\"800\" height=\"533\" data-attachment-id=\"106239\" data-permalink=\"https:\/\/www.hoymercedes.com.ar\/principal\/2020\/02\/15\/los-gremios-disconformes-con-la-respuesta-de-los-funcionarios-municipales-continuan-en-asamblea\/15-muni-parita-funcionarios\/#main\" data-orig-file=\"https:\/\/www.hoymercedes.com.ar\/principal\/wp-content\/uploads\/2020\/02\/15-muni-parita-funcionarios.jpg\" data-orig-size=\"800,533\" data-comments-opened=\"0\" data-image-meta=\"{&quot;aperture&quot;:&quot;0&quot;,&quot;credit&quot;:&quot;&quot;,&quot;camera&quot;:&quot;&quot;,&quot;caption&quot;:&quot;&quot;,&quot;created_timestamp&quot;:&quot;0&quot;,&quot;copyright&quot;:&quot;&quot;,&quot;focal_length&quot;:&quot;0&quot;,&quot;iso&quot;:&quot;0&quot;,&quot;shutter_speed&quot;:&quot;0&quot;,&quot;title&quot;:&quot;&quot;,&quot;orientation&quot;:&quot;0&quot;}\" data-image-title=\"15 muni parita funcionarios\" data-image-description=\"\" data-image-caption=\"\" data-large-file=\"https:\/\/www.hoymercedes.com.ar\/principal\/wp-content\/uploads\/2020\/02\/15-muni-parita-funcionarios.jpg\" src=\"https:\/\/www.hoymercedes.com.ar\/principal\/wp-content\/uploads\/2020\/02\/15-muni-parita-funcionarios.jpg\" alt=\"\" class=\"wp-image-106239\"\/><\/figure>\n\n\n\n<p>Al t\u00e9rmino del encuentro con el STMM y ATE, Zunino y Valerga hablaron\ncon los medios locales y explicaron la postura del Municipio Ante los\ngrabadores de este medio y dos semanarios, el Subsecretario de Econom\u00eda marc\u00f3\nque hubo un \u201cmalentendido\u201d de algunos de los sindicatos. \u201cCuando se hizo el\nacta acuerdo de las paritarias 2019 se dej\u00f3 claro que era un 40,5%, que reconocemos\nque fue poco en el a\u00f1o, por la inflaci\u00f3n que hubo. A pesar de esa acta acuerdo\nnos reunimos en septiembre para el bono de emergencia para recomponer el\nsalario municipal. Nunca se habl\u00f3 de clausula gatillo, dice revisi\u00f3n. Para\nnosotros el 2019 es un tema abordado y dejamos en claro que pr\u00f3ximamente convocaremos\npara las paritarias 2020. Tenemos que conocer las pautas provinciales\u201d, expres\u00f3\nValerga y luego se supo que se estar\u00eda convocando a los gremios municipales\npara el 26 de febrero para una nueva reuni\u00f3n de paritaria. <\/p>\n\n\n\n<p>\u201cNunca quisimos salir del \u00e1mbito natural de di\u00e1logo que es el que\nsiempre mantuvimos. Tuvimos reuniones con el equipo econ\u00f3mico para que los\nsindicatos tengan los n\u00fameros a la vista. Consideramos que el di\u00e1logo natural\nno es en el Ministerio, no por el organismo provincial, sino porque creemos que\nel di\u00e1logo tiene que darse en el Municipio. Si podemos avanzar, lo haremos para\nel mes de marzo, y as\u00ed cuanto antes tendremos una recomposici\u00f3n salarial\u201d,\nagreg\u00f3 Zunino. <\/p>\n\n\n\n<p><strong>Bono escolar<br> <\/strong>Por otra parte, los funcionarios adelantaron que los trabajadores municipales que tengan hijos en edad escolar recibir\u00e1n el martes 18 de febrero percibir\u00e1n la ayuda escolar de este a\u00f1o. La suma ser\u00e1 de 3 mil pesos. <\/p>\n\n\n\n<p>FOTO: HOY MERCEDES<\/p>\n","protected":false},"excerpt":{"rendered":"<p>Luego de que se hiciese p\u00fablica la petici\u00f3n del Sindicato de Trabajadores Municipales para que el Ministerio de Trabajo provincial &#8230; <a title=\"Para el Municipio la paritaria 2019 est\u00e1 cerrada y anuncian $3000 de bono para trabajadores con hijos en edad escolar\" class=\"read-more\" href=\"https:\/\/www.hoymercedes.com.ar\/principal\/2020\/02\/15\/para-el-municipio-la-paritaria-2019-esta-cerrada-y-anuncian-3000-de-bono-para-trabajadores-con-hijos-en-edad-escolar\/\" aria-label=\"Leer m\u00e1s sobre Para el Municipio la paritaria 2019 est\u00e1 cerrada y anuncian $3000 de bono para trabajadores con hijos en edad escolar\">Leer m\u00e1s<\/a><\/p>\n","protected":false},"author":1,"featured_media":106239,"comment_status":"closed","ping_status":"open","sticky":false,"template":"","format":"standard","meta":{"_monsterinsights_skip_tracking":false,"_monsterinsights_sitenote_active":false,"_monsterinsights_sitenote_note":"","_monsterinsights_sitenote_category":0,"jetpack_post_was_ever_published":false,"_jetpack_newsletter_access":"","_jetpack_dont_email_post_to_subs":false,"_jetpack_newsletter_tier_id":0,"_jetpack_memberships_contains_paywalled_content":false,"_jetpack_memberships_contains_paid_content":false,"footnotes":"","jetpack_publicize_message":"","jetpack_publicize_feature_enabled":true,"jetpack_social_post_already_shared":true,"jetpack_social_options":{"image_generator_settings":{"template":"highway","default_image_id":0,"font":"","enabled":false},"version":2},"_wpas_customize_per_network":false},"categories":[10563],"tags":[418,8799,1432,244,100,16205,2296,2720],"class_list":["post-106242","post","type-post","status-publish","format-standard","has-post-thumbnail","hentry","category-gremios-sindicatos","tag-ate","tag-gremios","tag-ministerio-de-trabajo","tag-municipio-2","tag-reclamo","tag-salario-municipal","tag-stmm","tag-trabajadores-municipales","generate-columns","tablet-grid-50","mobile-grid-100","grid-parent","grid-50"],"jetpack_publicize_connections":[],"jetpack_featured_media_url":"https:\/\/www.hoymercedes.com.ar\/principal\/wp-content\/uploads\/2020\/02\/15-muni-parita-funcionarios.jpg","wps_subtitle":"Audiencia por salario municipal","jetpack_sharing_enabled":true,"_links":{"self":[{"href":"https:\/\/www.hoymercedes.com.ar\/principal\/wp-json\/wp\/v2\/posts\/106242","targetHints":{"allow":["GET"]}}],"collection":[{"href":"https:\/\/www.hoymercedes.com.ar\/principal\/wp-json\/wp\/v2\/posts"}],"about":[{"href":"https:\/\/www.hoymercedes.com.ar\/principal\/wp-json\/wp\/v2\/types\/post"}],"author":[{"embeddable":true,"href":"https:\/\/www.hoymercedes.com.ar\/principal\/wp-json\/wp\/v2\/users\/1"}],"replies":[{"embeddable":true,"href":"https:\/\/www.hoymercedes.com.ar\/principal\/wp-json\/wp\/v2\/comments?post=106242"}],"version-history":[{"count":0,"href":"https:\/\/www.hoymercedes.com.ar\/principal\/wp-json\/wp\/v2\/posts\/106242\/revisions"}],"wp:featuredmedia":[{"embeddable":true,"href":"https:\/\/www.hoymercedes.com.ar\/principal\/wp-json\/wp\/v2\/media\/106239"}],"wp:attachment":[{"href":"https:\/\/www.hoymercedes.com.ar\/principal\/wp-json\/wp\/v2\/media?parent=106242"}],"wp:term":[{"taxonomy":"category","embeddable":true,"href":"https:\/\/www.hoymercedes.com.ar\/principal\/wp-json\/wp\/v2\/categories?post=106242"},{"taxonomy":"post_tag","embeddable":true,"href":"https:\/\/www.hoymercedes.com.ar\/principal\/wp-json\/wp\/v2\/tags?post=106242"}],"curies":[{"name":"wp","href":"https:\/\/api.w.org\/{rel}","templated":true}]}}