{"id":106302,"date":"2020-02-17T08:00:00","date_gmt":"2020-02-17T11:00:00","guid":{"rendered":"http:\/\/www.hoymercedes.com.ar\/principal\/?p=106302"},"modified":"2020-02-17T15:53:03","modified_gmt":"2020-02-17T18:53:03","slug":"se-viene-una-nueva-edicion-de-los-carnavales-mercedinos","status":"publish","type":"post","link":"https:\/\/www.hoymercedes.com.ar\/principal\/2020\/02\/17\/se-viene-una-nueva-edicion-de-los-carnavales-mercedinos\/","title":{"rendered":"Se viene una nueva edici\u00f3n de los Carnavales Mercedinos"},"content":{"rendered":"\n<p>\nConsiderados los m\u00e1s libre y gratuitos m\u00e1s grandes de la provincia, los \ntradicionales y reconocidos Carnavales Mercedinos se vienen con una gran\n producci\u00f3n. Habr\u00e1 los distintos atractivos que tanto gustan a los \nvecinos y visitantes. Ser\u00e1n sobre avenida 29.\nMurgas, comparsas, m\u00e1scaras sueltas, m\u00fasica y mucho m\u00e1s habr\u00e1 para este \n2020.<\/p>\n\n\n\n<p>\n<strong>Inicio y apoyo<\/strong><\/p>\n\n\n\n<p>\n\u201cEste viernes iniciamos una nueva edici\u00f3n de los tradicionales \ncarnavales mercedinos\u201d cont\u00f3 Luc\u00eda Capaccio, directora de cultura.<\/p>\n\n\n\n<p>\n\u201cVamos a tener escenario, como es algo que venimos haciendo en los \n\u00faltimos a\u00f1os, para que, adem\u00e1s de los hermosos atractivos que tenemos en\n las pasadas, haya tambi\u00e9n posibilidad de exponer bailes, canciones o \nalguna propuesta que acompa\u00f1e la fiesta desde dicho\nsector\u201d narr\u00f3 Capaccio y destac\u00f3 que \u201cnuestro intendente desde \ndiciembre, con el cambio de gobierno a niveles nacional y provincial nos\n inst\u00f3 a gestionar asistencias y tareas mutuos. Gracias a ello obtuvimos\n el aporte del escenario y el sonido, por eso queremos\nagradecer mucho al Ministerio de Cultura de la Naci\u00f3n, a Trist\u00e1n Bauer \npor o\u00edrnos y a Laura Bianchi, una mercedina con la que trabajamos hace \nmucho tiempo gestionando pol\u00edticas culturales. Sus apoyos son material y\n simb\u00f3licamente muy importante para toda la\nciudad\u201d coment\u00f3 la funcionaria destacando que \u201cel carnaval mercedino es \nun excelente trabajo de un amplio y destacado colectivo cultural que \ntrabajan hace a\u00f1os y durante todo el a\u00f1o\u201d, recalc\u00f3 Capaccio. <\/p>\n\n\n\n<p>\n<strong>Invitaci\u00f3n<\/strong><\/p>\n\n\n\n<p>\nPor su parte, el jefe comunal, Dr. Juan Ignacio Ustarroz, destac\u00f3 que \n\u201ces una fiesta por excelencia de cada uno de los mercedinos. Tenemos un \ngran aporte lleno de talento de cada uno de los que realiza atractivos \nque disfrutamos noche a noche en avenida 29,\njunto a una enorme labor de cada uno de los trabajadores municipales, de\n todas las \u00e1reas, que son art\u00edfices de los carnavales gratuitos m\u00e1s \ngrandes de la provincia de Buenos Aires\u201d afirm\u00f3 y remarc\u00f3 que \u201cinvitamos\n a todas las familias a ser parte, es una excelente\noportunidad para el encuentro, el entretenimiento y el apoyo a la \ncultura mercedina y carnavalezca\u201d <\/p>\n\n\n\n<p>\n<strong>Noches<\/strong><\/p>\n\n\n\n<p>\nLos carnavales inician este viernes 21 finalizando el lunes 24 siendo 4 \nnoches continuadas de ritmo, color, alegr\u00eda y propuestas para que las \nfamilias gocen de manera libre y gratuita. En el escenario podr\u00e1n o\u00edrse \nlos ritmos carnavalescos y las matanzas de\nlas murgas, algo que cada una de ellas espera ansiosa a exponer ante los\n vecinos y vecinas. <\/p>\n\n\n\n<p>\nHabr\u00e1, en un sector, gradas y sillas, como es habitual, con el objetivo \nde quien desee abonar una silla con valores muy accesible lo haga. <\/p>\n\n\n\n<p> M\u00e1scaras sueltas, m\u00fasica en vivo, carrozas, murgas, color y alegr\u00eda  ser\u00e1n el eje de cada velada del carnaval que iniciar\u00e1 en avenida 30  hasta calle 20 sobre avenida 29, donde desde hace semanas personal de  servicios p\u00fablicos y cultura vienen colocando ornamentaciones e refuerzos luminarios para que cada noche sea inolvidable, destacan  desde la organizaci\u00f3n. <\/p>\n\n\n\n<p>Info: D.Cultura<\/p>\n","protected":false},"excerpt":{"rendered":"<p>Considerados los m\u00e1s libre y gratuitos m\u00e1s grandes de la provincia, los tradicionales y reconocidos Carnavales Mercedinos se vienen con &#8230; <a title=\"Se viene una nueva edici\u00f3n de los Carnavales Mercedinos\" class=\"read-more\" href=\"https:\/\/www.hoymercedes.com.ar\/principal\/2020\/02\/17\/se-viene-una-nueva-edicion-de-los-carnavales-mercedinos\/\" aria-label=\"Leer m\u00e1s sobre Se viene una nueva edici\u00f3n de los Carnavales Mercedinos\">Leer m\u00e1s<\/a><\/p>\n","protected":false},"author":1,"featured_media":72351,"comment_status":"closed","ping_status":"open","sticky":false,"template":"","format":"standard","meta":{"_monsterinsights_skip_tracking":false,"_monsterinsights_sitenote_active":false,"_monsterinsights_sitenote_note":"","_monsterinsights_sitenote_category":0,"jetpack_post_was_ever_published":false,"_jetpack_newsletter_access":"","_jetpack_dont_email_post_to_subs":false,"_jetpack_newsletter_tier_id":0,"_jetpack_memberships_contains_paywalled_content":false,"_jetpack_memberships_contains_paid_content":false,"footnotes":"","jetpack_publicize_message":"","jetpack_publicize_feature_enabled":true,"jetpack_social_post_already_shared":false,"jetpack_social_options":{"image_generator_settings":{"template":"highway","default_image_id":0,"font":"","enabled":false},"version":2},"_wpas_customize_per_network":false},"categories":[104],"tags":[4931,244],"class_list":["post-106302","post","type-post","status-publish","format-standard","has-post-thumbnail","hentry","category-cultura","tag-corsos-mercedinos","tag-municipio-2","generate-columns","tablet-grid-50","mobile-grid-100","grid-parent","grid-50"],"jetpack_publicize_connections":[],"jetpack_featured_media_url":"https:\/\/www.hoymercedes.com.ar\/principal\/wp-content\/uploads\/2018\/02\/Carnavales-2018-4.jpg","wps_subtitle":"Fiestas Populares","jetpack_sharing_enabled":true,"_links":{"self":[{"href":"https:\/\/www.hoymercedes.com.ar\/principal\/wp-json\/wp\/v2\/posts\/106302","targetHints":{"allow":["GET"]}}],"collection":[{"href":"https:\/\/www.hoymercedes.com.ar\/principal\/wp-json\/wp\/v2\/posts"}],"about":[{"href":"https:\/\/www.hoymercedes.com.ar\/principal\/wp-json\/wp\/v2\/types\/post"}],"author":[{"embeddable":true,"href":"https:\/\/www.hoymercedes.com.ar\/principal\/wp-json\/wp\/v2\/users\/1"}],"replies":[{"embeddable":true,"href":"https:\/\/www.hoymercedes.com.ar\/principal\/wp-json\/wp\/v2\/comments?post=106302"}],"version-history":[{"count":0,"href":"https:\/\/www.hoymercedes.com.ar\/principal\/wp-json\/wp\/v2\/posts\/106302\/revisions"}],"wp:featuredmedia":[{"embeddable":true,"href":"https:\/\/www.hoymercedes.com.ar\/principal\/wp-json\/wp\/v2\/media\/72351"}],"wp:attachment":[{"href":"https:\/\/www.hoymercedes.com.ar\/principal\/wp-json\/wp\/v2\/media?parent=106302"}],"wp:term":[{"taxonomy":"category","embeddable":true,"href":"https:\/\/www.hoymercedes.com.ar\/principal\/wp-json\/wp\/v2\/categories?post=106302"},{"taxonomy":"post_tag","embeddable":true,"href":"https:\/\/www.hoymercedes.com.ar\/principal\/wp-json\/wp\/v2\/tags?post=106302"}],"curies":[{"name":"wp","href":"https:\/\/api.w.org\/{rel}","templated":true}]}}