{"id":106320,"date":"2020-02-17T15:47:50","date_gmt":"2020-02-17T18:47:50","guid":{"rendered":"http:\/\/www.hoymercedes.com.ar\/principal\/?p=106320"},"modified":"2020-02-17T15:51:58","modified_gmt":"2020-02-17T18:51:58","slug":"el-mercedino-pbro-pablo-rissola-fue-nombrado-en-la-parroquia-de-cortinez","status":"publish","type":"post","link":"https:\/\/www.hoymercedes.com.ar\/principal\/2020\/02\/17\/el-mercedino-pbro-pablo-rissola-fue-nombrado-en-la-parroquia-de-cortinez\/","title":{"rendered":"El mercedino Pbro. Pablo R\u00edssola fue nombrado en la parroquia de Cort\u00ednez"},"content":{"rendered":"\n<p>En la jornada del \u00faltimo s\u00e1bado, el mercedino Pbro. Pablo R\u00edssola fue oficializado por el Arzobispo Jorge Eduardo Scheinig como administrador parroquial de Santo Cristo de Cort\u00ednez en reemplazo del presb\u00edtero Domingo Soria que llevar\u00e1 adelante una misi\u00f3n en la di\u00f3cesis de R\u00edo Gallegos. <\/p>\n\n\n\n<figure class=\"wp-block-image size-large\"><img loading=\"lazy\" decoding=\"async\" width=\"800\" height=\"534\" data-attachment-id=\"106321\" data-permalink=\"https:\/\/www.hoymercedes.com.ar\/principal\/2020\/02\/17\/el-mercedino-pbro-pablo-rissola-fue-nombrado-en-la-parroquia-de-cortinez\/17-pablo-rissola\/#main\" data-orig-file=\"https:\/\/www.hoymercedes.com.ar\/principal\/wp-content\/uploads\/2020\/02\/17-pablo-rissola.jpg\" data-orig-size=\"800,534\" data-comments-opened=\"0\" data-image-meta=\"{&quot;aperture&quot;:&quot;0&quot;,&quot;credit&quot;:&quot;&quot;,&quot;camera&quot;:&quot;&quot;,&quot;caption&quot;:&quot;&quot;,&quot;created_timestamp&quot;:&quot;0&quot;,&quot;copyright&quot;:&quot;&quot;,&quot;focal_length&quot;:&quot;0&quot;,&quot;iso&quot;:&quot;0&quot;,&quot;shutter_speed&quot;:&quot;0&quot;,&quot;title&quot;:&quot;&quot;,&quot;orientation&quot;:&quot;0&quot;}\" data-image-title=\"17 pablo rissola\" data-image-description=\"\" data-image-caption=\"\" data-large-file=\"https:\/\/www.hoymercedes.com.ar\/principal\/wp-content\/uploads\/2020\/02\/17-pablo-rissola.jpg\" src=\"https:\/\/www.hoymercedes.com.ar\/principal\/wp-content\/uploads\/2020\/02\/17-pablo-rissola.jpg\" alt=\"\" class=\"wp-image-106321\"\/><\/figure>\n\n\n\n<p>Durante la homil\u00eda,\u00a0 meditando en el Evangelio, el Arzobispo le encomend\u00f3 a la comunidad la tarea de discernir la voluntad de Dios para este momento de la Iglesia, haciendo hincapi\u00e9 en el fortalecimiento del laicado, y haciendo una breve y clara referencia a la Exhortaci\u00f3n apost\u00f3lica post sinodal\u00a0<strong>Querida Amazon\u00eda<\/strong>\u00a0del Papa Francisco, recientemente publicada.<\/p>\n\n\n\n<p>Asimismo manifest\u00f3, que en esta l\u00ednea de discernir la voluntad de Dios y en consulta con \u00e9l, el Pbro. Pablo R\u00edssola dedicar\u00e1 un a\u00f1o al estudio y al mismo tiempo acompa\u00f1ar\u00e1 pastoralmente a la comunidad de Santo Cristo, y el Pbro. Domingo Soria realizar\u00e1 una experiencia misionera en la Patagonia Argentina, en la di\u00f3cesis de R\u00edo Gallegos.<\/p>\n\n\n\n<p>Al finalizar el Pbro. Domingo Soria, dirigi\u00f3 unas palabras a la comunidad que aqu\u00ed transcribimos:<\/p>\n\n\n\n<p><em>\u00abAl dejar esta querida comunidad de Santo Cristo de Cort\u00ednez, quiero decir tres cosas:<\/em><br><em>GRACIAS por todo lo que me brindaron durante estos dos a\u00f1os en que estuve entre ustedes. Gracias por el apoyo material y espiritual, gracias por abrirme las puertas de sus casas y de su coraz\u00f3n\u2026<\/em><br><em>PERD\u00d3N por todo lo que no he sabido o podido darles, por no haber estado a la altura de lo que ustedes esperaban de m\u00ed, por sin con mis palabras o con mis actitudes ofend\u00ed a alguien\u2026 M\u00e1s all\u00e1 de mis errores y limitaciones, todo lo que he hecho aqu\u00ed lo he hecho de coraz\u00f3n y buscando siempre lo mejor para todos\u2026<\/em> <br><em>POR FAVOR, recen por m\u00ed\u2026 Necesito de la oraci\u00f3n de todos ustedes, siempre\u2026<\/em><br><em>Tendr\u00e1n en m\u00ed un cura amigo que estar\u00e1 rezando por todos ustedes en la lejana Patagonia.<\/em><br><em>\u00a1Los quiero mucho y los abrazo a todos! \u00a1Que Dios los bendiga!\u00bb<\/em><br><em>Padre Mingo<\/em><\/p>\n\n\n\n<p><\/p>\n","protected":false},"excerpt":{"rendered":"<p>En la jornada del \u00faltimo s\u00e1bado, el mercedino Pbro. Pablo R\u00edssola fue oficializado por el Arzobispo Jorge Eduardo Scheinig como &#8230; <a title=\"El mercedino Pbro. Pablo R\u00edssola fue nombrado en la parroquia de Cort\u00ednez\" class=\"read-more\" href=\"https:\/\/www.hoymercedes.com.ar\/principal\/2020\/02\/17\/el-mercedino-pbro-pablo-rissola-fue-nombrado-en-la-parroquia-de-cortinez\/\" aria-label=\"Leer m\u00e1s sobre El mercedino Pbro. Pablo R\u00edssola fue nombrado en la parroquia de Cort\u00ednez\">Leer m\u00e1s<\/a><\/p>\n","protected":false},"author":1,"featured_media":106321,"comment_status":"closed","ping_status":"open","sticky":false,"template":"","format":"standard","meta":{"_monsterinsights_skip_tracking":false,"_monsterinsights_sitenote_active":false,"_monsterinsights_sitenote_note":"","_monsterinsights_sitenote_category":0,"jetpack_post_was_ever_published":false,"_jetpack_newsletter_access":"","_jetpack_dont_email_post_to_subs":false,"_jetpack_newsletter_tier_id":0,"_jetpack_memberships_contains_paywalled_content":false,"_jetpack_memberships_contains_paid_content":false,"footnotes":"","jetpack_publicize_message":"","jetpack_publicize_feature_enabled":true,"jetpack_social_post_already_shared":true,"jetpack_social_options":{"image_generator_settings":{"template":"highway","default_image_id":0,"font":"","enabled":false},"version":2},"_wpas_customize_per_network":false},"categories":[8],"tags":[3014,16213,1057],"class_list":["post-106320","post","type-post","status-publish","format-standard","has-post-thumbnail","hentry","category-sociedad","tag-arzobispado-mercedes-lujan","tag-nuevo-parrocos","tag-regional","generate-columns","tablet-grid-50","mobile-grid-100","grid-parent","grid-50"],"jetpack_publicize_connections":[],"jetpack_featured_media_url":"https:\/\/www.hoymercedes.com.ar\/principal\/wp-content\/uploads\/2020\/02\/17-pablo-rissola.jpg","wps_subtitle":"Como administrador parroquial","jetpack_sharing_enabled":true,"_links":{"self":[{"href":"https:\/\/www.hoymercedes.com.ar\/principal\/wp-json\/wp\/v2\/posts\/106320","targetHints":{"allow":["GET"]}}],"collection":[{"href":"https:\/\/www.hoymercedes.com.ar\/principal\/wp-json\/wp\/v2\/posts"}],"about":[{"href":"https:\/\/www.hoymercedes.com.ar\/principal\/wp-json\/wp\/v2\/types\/post"}],"author":[{"embeddable":true,"href":"https:\/\/www.hoymercedes.com.ar\/principal\/wp-json\/wp\/v2\/users\/1"}],"replies":[{"embeddable":true,"href":"https:\/\/www.hoymercedes.com.ar\/principal\/wp-json\/wp\/v2\/comments?post=106320"}],"version-history":[{"count":0,"href":"https:\/\/www.hoymercedes.com.ar\/principal\/wp-json\/wp\/v2\/posts\/106320\/revisions"}],"wp:featuredmedia":[{"embeddable":true,"href":"https:\/\/www.hoymercedes.com.ar\/principal\/wp-json\/wp\/v2\/media\/106321"}],"wp:attachment":[{"href":"https:\/\/www.hoymercedes.com.ar\/principal\/wp-json\/wp\/v2\/media?parent=106320"}],"wp:term":[{"taxonomy":"category","embeddable":true,"href":"https:\/\/www.hoymercedes.com.ar\/principal\/wp-json\/wp\/v2\/categories?post=106320"},{"taxonomy":"post_tag","embeddable":true,"href":"https:\/\/www.hoymercedes.com.ar\/principal\/wp-json\/wp\/v2\/tags?post=106320"}],"curies":[{"name":"wp","href":"https:\/\/api.w.org\/{rel}","templated":true}]}}