{"id":106334,"date":"2020-02-17T19:06:33","date_gmt":"2020-02-17T22:06:33","guid":{"rendered":"http:\/\/www.hoymercedes.com.ar\/principal\/?p=106334"},"modified":"2020-02-18T14:47:51","modified_gmt":"2020-02-18T17:47:51","slug":"como-cuidar-las-aguas-de-un-rio-y-evitar-su-contaminacion","status":"publish","type":"post","link":"https:\/\/www.hoymercedes.com.ar\/principal\/2020\/02\/17\/como-cuidar-las-aguas-de-un-rio-y-evitar-su-contaminacion\/","title":{"rendered":"Como cuidar las aguas de un r\u00edo y evitar su contaminaci\u00f3n"},"content":{"rendered":"\n<p>Por Cristi\u00e1n Frers*- En noviembre del 2006, tome unas muestras del agua del r\u00edo Areco para realizarles unos an\u00e1lisis por P \u2013 PO4 fosfatos (detergentes), en la Facultad de Agronom\u00eda de la UBA \u2013 Catedra de Edafolog\u00eda \u2013 en el Laboratorio de An\u00e1lisis de Suelos, Aguas y Vegetales a cargo del Ingeniero Eduardo Vella, porque evidentemente hab\u00eda algo que no estaba funcionando bien debido a la cantidad de espuma blanca que ten\u00eda el r\u00edo a la altura del balneario municipal en la localidad de Carmen de Areco, Provincia de Buenos Aires. <\/p>\n\n\n\n<div class=\"wp-block-image\"><figure class=\"aligncenter size-large\"><img loading=\"lazy\" decoding=\"async\" width=\"619\" height=\"600\" data-attachment-id=\"106335\" data-permalink=\"https:\/\/www.hoymercedes.com.ar\/principal\/2020\/02\/17\/como-cuidar-las-aguas-de-un-rio-y-evitar-su-contaminacion\/17-rio-areco-fre\/#main\" data-orig-file=\"https:\/\/www.hoymercedes.com.ar\/principal\/wp-content\/uploads\/2020\/02\/17-rio-areco-fre.jpg\" data-orig-size=\"619,600\" data-comments-opened=\"0\" data-image-meta=\"{&quot;aperture&quot;:&quot;0&quot;,&quot;credit&quot;:&quot;&quot;,&quot;camera&quot;:&quot;&quot;,&quot;caption&quot;:&quot;&quot;,&quot;created_timestamp&quot;:&quot;0&quot;,&quot;copyright&quot;:&quot;&quot;,&quot;focal_length&quot;:&quot;0&quot;,&quot;iso&quot;:&quot;0&quot;,&quot;shutter_speed&quot;:&quot;0&quot;,&quot;title&quot;:&quot;&quot;,&quot;orientation&quot;:&quot;0&quot;}\" data-image-title=\"17 rio areco fre\" data-image-description=\"\" data-image-caption=\"\" data-large-file=\"https:\/\/www.hoymercedes.com.ar\/principal\/wp-content\/uploads\/2020\/02\/17-rio-areco-fre.jpg\" src=\"https:\/\/www.hoymercedes.com.ar\/principal\/wp-content\/uploads\/2020\/02\/17-rio-areco-fre.jpg\" alt=\"\" class=\"wp-image-106335\"\/><\/figure><\/div>\n\n\n\n<p>En aquella oportunidad los an\u00e1lisis\ndieron 1,12 mg\/l (ppm) superando los niveles internacionales de fosfatos en\nagua.<\/p>\n\n\n\n<p>Los detergentes en determinada cantidad\npueden tener efectos t\u00f3xicos en todos los aspectos de la vida acu\u00e1tica. Son los\ndetergentes con alto contenido en fosfatos los m\u00e1s peligrosos ya que <strong>favorecen la proliferaci\u00f3n de algas en agua\ndulce, a trav\u00e9s de los nitratos<\/strong><strong>.<\/strong> Las algas consumen ox\u00edgeno\nnecesario para la vida acu\u00e1tica, as\u00ed que al final muchas especies acaban\ndesapareciendo. Los detergentes que contienen fosfatos a su vez tienen f\u00f3sforo\ny nitr\u00f3geno que son nutrientes b\u00e1sicos para el desarrollo de las algas. Este\ntipo de detergentes est\u00e1n prohibidos en varios pa\u00edses como Alemania, Noruega, Italia,\no Austria. En otros como en Suecia se ha pedido a los fabricantes que se\nfaciliten alternativas de detergentes sin fosfatos. La Uni\u00f3n Europea prohibi\u00f3\nel uso de fosfatos en jabones y lavavajillas para la ropa para reducir la\ncontaminaci\u00f3n de r\u00edos, lagos y mares. Los fosfatos ayudan a ablandar el agua,\nas\u00ed que hay pa\u00edses con aguas duras como Italia y Espa\u00f1a donde se usan m\u00e1s, pero\nestos compuestos se han demostrado son t\u00f3xicos. La legislaci\u00f3n europea reduce a\n0,05 mg\/l de fosfatos. La alternativa es el uso de detergentes ecol\u00f3gicos.<\/p>\n\n\n\n<p>En febrero del 2020, volv\u00ed a tomar\nmuestras de agua por el tema de los detergentes, en el mismo lugar que las\nhab\u00eda tomado en el 2006 y en esta oportunidad los an\u00e1lisis dieron 10,015 mg\/l\n(ppm). En el mismo Laboratorio de An\u00e1lisis de Suelos, Agua y Vegetales de la\nFacultad de Agronom\u00eda. Es decir, que a medida que van pasando los a\u00f1os, en vez\nde disminuir la cantidad de detergentes, continua \u201ccreciendo\u201d el caudal de\nfosforo en agua.<\/p>\n\n\n\n<p>Es obvio, que desde el 2006 hasta la\nfecha, se ha hecho poco y nada por el r\u00edo; es por esto que unas de las medidas\nque yo impulsar\u00eda para buscar su saneamiento, o por lo menos a ayudar a que la\ncontaminaci\u00f3n no lo convierta con los a\u00f1os en una cloaca a cielo abierto, como\nha pasado con tantos arroyos y r\u00edos en nuestro pa\u00eds.<\/p>\n\n\n\n<p>Muchas veces la falta de coordinaci\u00f3n y\nde planificaci\u00f3n de las acciones de los gobiernos locales, provinciales o\nnacional deriva en una total ineficacia de sus pol\u00edticas, y significa, en las\ncuestiones de ambiente, la necesidad de volver al principio, a cero. Por\nejemplo, las escasas veces que se establecen medidas anticontaminantes de los\ncursos de agua, se acciona contra diversas empresas, pero no se tienen en\ncuenta los basureros a cielo abierto, que siempre se encuentran a la vera de\nlos r\u00edos o donde se vierten l\u00edquidos cloacales sin tratamiento alguno, o\nsimplemente se fugan efluentes con la complicidad de ciertos funcionarios\nc\u00f3mplices.<\/p>\n\n\n\n<p>Buscando una soluci\u00f3n implementar\u00eda una\nsoluci\u00f3n biotecnol\u00f3gica que consiste en la instalaci\u00f3n de humedales\nartificiales que act\u00faan como filtros naturales. Ubicados entre la planta y los\nrecursos acu\u00e1ticos (r\u00edos, lagos, lagunas), estos sistemas, adem\u00e1s de no necesitar\nmantenimiento ni consumir energ\u00eda el\u00e9ctrica, cuestan menos que la cuarta parte\nde un sistema de tratamiento tradicional. Los humedales se construyen\nutilizando diferentes especies de plantas que abundan en la zona: totoras,\nrepollitos de agua, camalotes o juncos.<\/p>\n\n\n\n<p>En el imaginario popular los r\u00edos\nsiempre representaron las venas del planeta a trav\u00e9s de las que corre el\nl\u00edquido elemento que alimenta, irriga y oxigena ese enorme cuerpo celeste que\nconocemos como el planeta tierra\u2026 Y hoy m\u00e1s que nunca salta a la vista que la\nmanipulaci\u00f3n de sus cauces es un tema muy delicado y que a menudo ha provocado\nm\u00e1s disturbios que soluciones a las poblaciones ribere\u00f1as.<\/p>\n\n\n\n<p>Merecer el r\u00edo significa saber hacer uso\nde \u00e9l, amarlo, amar sus habitantes, su medio y fundamentalmente desear que\nnunca deje de ser lo que es hoy, para nuestros hijos y nuestros nietos; y\nactuar en consecuencia. Merecer el r\u00edo significa respetar las reglamentaciones,\neducarse para adoptar una actitud que contribuya a mejorar las condiciones del mismo.<\/p>\n\n\n\n<p>*Cristi\u00e1n Frers \u2013 T\u00e9cnico Superior en Gesti\u00f3n Ambiental y T\u00e9cnico Superior en Comunicaci\u00f3n Social (Periodista).<\/p>\n\n\n\n<div class=\"wp-block-image\"><figure class=\"aligncenter size-large\"><img loading=\"lazy\" decoding=\"async\" width=\"600\" height=\"800\" data-attachment-id=\"106336\" data-permalink=\"https:\/\/www.hoymercedes.com.ar\/principal\/2020\/02\/17\/como-cuidar-las-aguas-de-un-rio-y-evitar-su-contaminacion\/17-rio-areco\/#main\" data-orig-file=\"https:\/\/www.hoymercedes.com.ar\/principal\/wp-content\/uploads\/2020\/02\/17-rio-areco.jpg\" data-orig-size=\"600,800\" data-comments-opened=\"0\" data-image-meta=\"{&quot;aperture&quot;:&quot;0&quot;,&quot;credit&quot;:&quot;&quot;,&quot;camera&quot;:&quot;&quot;,&quot;caption&quot;:&quot;&quot;,&quot;created_timestamp&quot;:&quot;0&quot;,&quot;copyright&quot;:&quot;&quot;,&quot;focal_length&quot;:&quot;0&quot;,&quot;iso&quot;:&quot;0&quot;,&quot;shutter_speed&quot;:&quot;0&quot;,&quot;title&quot;:&quot;&quot;,&quot;orientation&quot;:&quot;0&quot;}\" data-image-title=\"17 rio areco\" data-image-description=\"\" data-image-caption=\"\" data-large-file=\"https:\/\/www.hoymercedes.com.ar\/principal\/wp-content\/uploads\/2020\/02\/17-rio-areco.jpg\" src=\"https:\/\/www.hoymercedes.com.ar\/principal\/wp-content\/uploads\/2020\/02\/17-rio-areco.jpg\" alt=\"\" class=\"wp-image-106336\"\/><\/figure><\/div>\n","protected":false},"excerpt":{"rendered":"<p>Por Cristi\u00e1n Frers*- En noviembre del 2006, tome unas muestras del agua del r\u00edo Areco para realizarles unos an\u00e1lisis por &#8230; <a title=\"Como cuidar las aguas de un r\u00edo y evitar su contaminaci\u00f3n\" class=\"read-more\" href=\"https:\/\/www.hoymercedes.com.ar\/principal\/2020\/02\/17\/como-cuidar-las-aguas-de-un-rio-y-evitar-su-contaminacion\/\" aria-label=\"Leer m\u00e1s sobre Como cuidar las aguas de un r\u00edo y evitar su contaminaci\u00f3n\">Leer m\u00e1s<\/a><\/p>\n","protected":false},"author":1,"featured_media":106336,"comment_status":"closed","ping_status":"open","sticky":false,"template":"","format":"standard","meta":{"_monsterinsights_skip_tracking":false,"_monsterinsights_sitenote_active":false,"_monsterinsights_sitenote_note":"","_monsterinsights_sitenote_category":0,"jetpack_post_was_ever_published":false,"_jetpack_newsletter_access":"","_jetpack_dont_email_post_to_subs":false,"_jetpack_newsletter_tier_id":0,"_jetpack_memberships_contains_paywalled_content":false,"_jetpack_memberships_contains_paid_content":false,"footnotes":"","jetpack_publicize_message":"","jetpack_publicize_feature_enabled":true,"jetpack_social_post_already_shared":true,"jetpack_social_options":{"image_generator_settings":{"template":"highway","default_image_id":0,"font":"","enabled":false},"version":2},"_wpas_customize_per_network":false},"categories":[1],"tags":[1650,8748,15318],"class_list":["post-106334","post","type-post","status-publish","format-standard","has-post-thumbnail","hentry","category-opinion","tag-contaminacion","tag-opinion","tag-rios","generate-columns","tablet-grid-50","mobile-grid-100","grid-parent","grid-50"],"jetpack_publicize_connections":[],"jetpack_featured_media_url":"https:\/\/www.hoymercedes.com.ar\/principal\/wp-content\/uploads\/2020\/02\/17-rio-areco.jpg","wps_subtitle":"Contaminaci\u00f3n en r\u00edos de la regi\u00f3n","jetpack_sharing_enabled":true,"_links":{"self":[{"href":"https:\/\/www.hoymercedes.com.ar\/principal\/wp-json\/wp\/v2\/posts\/106334","targetHints":{"allow":["GET"]}}],"collection":[{"href":"https:\/\/www.hoymercedes.com.ar\/principal\/wp-json\/wp\/v2\/posts"}],"about":[{"href":"https:\/\/www.hoymercedes.com.ar\/principal\/wp-json\/wp\/v2\/types\/post"}],"author":[{"embeddable":true,"href":"https:\/\/www.hoymercedes.com.ar\/principal\/wp-json\/wp\/v2\/users\/1"}],"replies":[{"embeddable":true,"href":"https:\/\/www.hoymercedes.com.ar\/principal\/wp-json\/wp\/v2\/comments?post=106334"}],"version-history":[{"count":0,"href":"https:\/\/www.hoymercedes.com.ar\/principal\/wp-json\/wp\/v2\/posts\/106334\/revisions"}],"wp:featuredmedia":[{"embeddable":true,"href":"https:\/\/www.hoymercedes.com.ar\/principal\/wp-json\/wp\/v2\/media\/106336"}],"wp:attachment":[{"href":"https:\/\/www.hoymercedes.com.ar\/principal\/wp-json\/wp\/v2\/media?parent=106334"}],"wp:term":[{"taxonomy":"category","embeddable":true,"href":"https:\/\/www.hoymercedes.com.ar\/principal\/wp-json\/wp\/v2\/categories?post=106334"},{"taxonomy":"post_tag","embeddable":true,"href":"https:\/\/www.hoymercedes.com.ar\/principal\/wp-json\/wp\/v2\/tags?post=106334"}],"curies":[{"name":"wp","href":"https:\/\/api.w.org\/{rel}","templated":true}]}}