{"id":106455,"date":"2020-02-20T09:44:55","date_gmt":"2020-02-20T12:44:55","guid":{"rendered":"http:\/\/www.hoymercedes.com.ar\/principal\/?p=106455"},"modified":"2020-02-20T11:07:14","modified_gmt":"2020-02-20T14:07:14","slug":"choque-entre-dos-motos-dos-jovenes-con-lesiones-graves","status":"publish","type":"post","link":"https:\/\/www.hoymercedes.com.ar\/principal\/2020\/02\/20\/choque-entre-dos-motos-dos-jovenes-con-lesiones-graves\/","title":{"rendered":"Choque entre dos motos: dos j\u00f3venes con lesiones graves"},"content":{"rendered":"\n<p>Minutos antes de la cuatro de la ma\u00f1ana, en cercan\u00edas de calle 11 y 18, se produjo una colisi\u00f3n entre dos motos. De acuerdo a la informaci\u00f3n brindada por el Director de Seguridad Municipal, Esteban Rossi, los conductores de ambas motos est\u00e1n hospitalizados en el Hospital Blas L. Dubarry, con pron\u00f3stico grave. <\/p>\n\n\n\n<p>En declaraciones radiales, Rossi explic\u00f3 que en horas de la madrugada se produjo un siniestro vial en calle 11 y 18. \u00abUna moto Tornado ven\u00eda por la 11 y choc\u00f3 con otra que ven\u00eda por 18. Quien circulaba por la 11 es un var\u00f3n, efectivo policial, que ven\u00eda con una se\u00f1orita. Y el otro es un chico de 24 a\u00f1os\u00bb, explic\u00f3. <\/p>\n\n\n\n<p>\u00abChocaron entre ellos y golpearon con un contenedor pl\u00e1stico. Est\u00e1n en un estado complicado. En terapia en el Hospital Dubarry. La chica con lesiones leves. Estamos a la espera de la evoluci\u00f3n. El caso est\u00e1 siendo investigado por la Fiscal\u00eda ya que actu\u00f3 polic\u00eda cient\u00edfica\u00bb, agreg\u00f3 Rossi en Radio Universo. Luego se di\u00f3 a conocer que fueron intervenidos quirugicamente. <\/p>\n\n\n\n<p>El parte policial informa que el siniestro vial se produjo entre la moto Honda Tornado, color blanca y negra, que circulaba por la calle 11. Su conductor fue identificado como Lea\u00f1ez Cadena, Rolando Eduardo. En la intersecci\u00f3n con calle 18, colisiona con otra moto Yamaha Crypton, color negro. El conductor es identificado como Ricchini, Enzo Gabriel. El SAME se hace presente y traslada a ambos conductores y la mujer que acompa\u00f1aba a Lea\u00f1ez Cadena. <\/p>\n","protected":false},"excerpt":{"rendered":"<p>Minutos antes de la cuatro de la ma\u00f1ana, en cercan\u00edas de calle 11 y 18, se produjo una colisi\u00f3n entre &#8230; <a title=\"Choque entre dos motos: dos j\u00f3venes con lesiones graves\" class=\"read-more\" href=\"https:\/\/www.hoymercedes.com.ar\/principal\/2020\/02\/20\/choque-entre-dos-motos-dos-jovenes-con-lesiones-graves\/\" aria-label=\"Leer m\u00e1s sobre Choque entre dos motos: dos j\u00f3venes con lesiones graves\">Leer m\u00e1s<\/a><\/p>\n","protected":false},"author":1,"featured_media":90495,"comment_status":"closed","ping_status":"open","sticky":false,"template":"","format":"standard","meta":{"_monsterinsights_skip_tracking":false,"_monsterinsights_sitenote_active":false,"_monsterinsights_sitenote_note":"","_monsterinsights_sitenote_category":0,"jetpack_post_was_ever_published":false,"_jetpack_newsletter_access":"","_jetpack_dont_email_post_to_subs":false,"_jetpack_newsletter_tier_id":0,"_jetpack_memberships_contains_paywalled_content":false,"_jetpack_memberships_contains_paid_content":false,"footnotes":"","jetpack_publicize_message":"","jetpack_publicize_feature_enabled":true,"jetpack_social_post_already_shared":true,"jetpack_social_options":{"image_generator_settings":{"template":"highway","default_image_id":0,"font":"","enabled":false},"version":2},"_wpas_customize_per_network":false},"categories":[85],"tags":[3260,1623,96,10395],"class_list":["post-106455","post","type-post","status-publish","format-standard","has-post-thumbnail","hentry","category-policial","tag-choque","tag-motos","tag-policial-2","tag-siniestro-vial","generate-columns","tablet-grid-50","mobile-grid-100","grid-parent","grid-50"],"jetpack_publicize_connections":[],"jetpack_featured_media_url":"https:\/\/www.hoymercedes.com.ar\/principal\/wp-content\/uploads\/2019\/04\/01-policial.jpg","wps_subtitle":"En la madrugada de este jueves","jetpack_sharing_enabled":true,"_links":{"self":[{"href":"https:\/\/www.hoymercedes.com.ar\/principal\/wp-json\/wp\/v2\/posts\/106455","targetHints":{"allow":["GET"]}}],"collection":[{"href":"https:\/\/www.hoymercedes.com.ar\/principal\/wp-json\/wp\/v2\/posts"}],"about":[{"href":"https:\/\/www.hoymercedes.com.ar\/principal\/wp-json\/wp\/v2\/types\/post"}],"author":[{"embeddable":true,"href":"https:\/\/www.hoymercedes.com.ar\/principal\/wp-json\/wp\/v2\/users\/1"}],"replies":[{"embeddable":true,"href":"https:\/\/www.hoymercedes.com.ar\/principal\/wp-json\/wp\/v2\/comments?post=106455"}],"version-history":[{"count":0,"href":"https:\/\/www.hoymercedes.com.ar\/principal\/wp-json\/wp\/v2\/posts\/106455\/revisions"}],"wp:featuredmedia":[{"embeddable":true,"href":"https:\/\/www.hoymercedes.com.ar\/principal\/wp-json\/wp\/v2\/media\/90495"}],"wp:attachment":[{"href":"https:\/\/www.hoymercedes.com.ar\/principal\/wp-json\/wp\/v2\/media?parent=106455"}],"wp:term":[{"taxonomy":"category","embeddable":true,"href":"https:\/\/www.hoymercedes.com.ar\/principal\/wp-json\/wp\/v2\/categories?post=106455"},{"taxonomy":"post_tag","embeddable":true,"href":"https:\/\/www.hoymercedes.com.ar\/principal\/wp-json\/wp\/v2\/tags?post=106455"}],"curies":[{"name":"wp","href":"https:\/\/api.w.org\/{rel}","templated":true}]}}