{"id":106499,"date":"2020-02-21T11:24:00","date_gmt":"2020-02-21T14:24:00","guid":{"rendered":"http:\/\/www.hoymercedes.com.ar\/principal\/?p=106499"},"modified":"2020-02-21T15:23:02","modified_gmt":"2020-02-21T18:23:02","slug":"encuentro-de-derechos-humanos-en-la-plata","status":"publish","type":"post","link":"https:\/\/www.hoymercedes.com.ar\/principal\/2020\/02\/21\/encuentro-de-derechos-humanos-en-la-plata\/","title":{"rendered":"Encuentro de Derechos Humanos en La Plata"},"content":{"rendered":"\n<p>La coordinaci\u00f3n de Derechos Humanos fue parte de la convocatoria realizada por la Sub Secretar\u00eda de Derechos Humanos de la Provincia de Buenos Aires con el objetivo de articular pol\u00edticas y acciones conjuntas. Participaron gran cantidad de municipios en lo que es la \u201cred provincial de derechos humanos\u201d. La reuni\u00f3n fue en la localidad de La Plata.<\/p>\n\n\n\n<p>Estuvo presente el Sub Secretario, Mat\u00edas Moreno, quien adem\u00e1s aprovecho la ocasi\u00f3n para presentar a todo su gabinete y un primer plan de trabajo con miras a la gesti\u00f3n que se inicia. En el encuentro dieron cuenta del trabajo \u00aben espejo con Naci\u00f3n\u201d donde hay una \u201creestructuraci\u00f3n en pos de agilizar y mejorar el \u00e1rea\u00bb. \u201cSe ratific\u00f3 el compromiso de trabajar en derechos humanos como pol\u00edtica de Estado\u201d explic\u00f3 Sergio Carini, representante local.<\/p>\n\n\n\n<p>\u201cHoy nos encontramos con un panorama distinto, ahora sentimos que somos m\u00e1s o\u00eddos, con una preocupaci\u00f3n y sentido claro de trabajo\u201d agreg\u00f3 Carini.<\/p>\n\n\n\n<p>Permiti\u00f3 tambi\u00e9n crear una mesa de trabajo, donde cada comuna expuso su realidad, tambi\u00e9n se expres\u00f3 la actualidad provincial y diversas problem\u00e1ticas desde donde se parti\u00f3 en la actual gesti\u00f3n bonaerense.<\/p>\n\n\n\n<p>Para Carini fue un encuentro \u201cmuy importante y muy valiosa\u201d para \u201ctodos los asistentes, para las comunas, para la sub secretaria, para la ciudadan\u00eda en general que ser\u00e1n y son los beneficiarios del \u00e1rea\u201d remarcando que se seguir\u00e1 trabajando en las grandes tem\u00e1ticas, como la Memora, Verdad y Justicia, las cuestiones de g\u00e9neros, el v\u00ednculo con las fuerzas de seguridad y armadas, la formaci\u00f3n acad\u00e9mica, la educaci\u00f3n, la promoci\u00f3n y prevenci\u00f3n, entre otras cuestiones.<\/p>\n\n\n\n<p>Fuente: Prensa Municipal<\/p>\n","protected":false},"excerpt":{"rendered":"<p>La coordinaci\u00f3n de Derechos Humanos fue parte de la convocatoria realizada por la Sub Secretar\u00eda de Derechos Humanos de la &#8230; <a title=\"Encuentro de Derechos Humanos en La Plata\" class=\"read-more\" href=\"https:\/\/www.hoymercedes.com.ar\/principal\/2020\/02\/21\/encuentro-de-derechos-humanos-en-la-plata\/\" aria-label=\"Leer m\u00e1s sobre Encuentro de Derechos Humanos en La Plata\">Leer m\u00e1s<\/a><\/p>\n","protected":false},"author":1,"featured_media":106500,"comment_status":"closed","ping_status":"open","sticky":false,"template":"","format":"standard","meta":{"_monsterinsights_skip_tracking":false,"_monsterinsights_sitenote_active":false,"_monsterinsights_sitenote_note":"","_monsterinsights_sitenote_category":0,"jetpack_post_was_ever_published":false,"_jetpack_newsletter_access":"","_jetpack_dont_email_post_to_subs":false,"_jetpack_newsletter_tier_id":0,"_jetpack_memberships_contains_paywalled_content":false,"_jetpack_memberships_contains_paid_content":false,"footnotes":"","jetpack_publicize_message":"","jetpack_publicize_feature_enabled":true,"jetpack_social_post_already_shared":true,"jetpack_social_options":{"image_generator_settings":{"template":"highway","default_image_id":0,"font":"","enabled":false},"version":2},"_wpas_customize_per_network":false},"categories":[30],"tags":[9311,7985,244],"class_list":["post-106499","post","type-post","status-publish","format-standard","has-post-thumbnail","hentry","category-municipio","tag-ddhh","tag-la-plata","tag-municipio-2","generate-columns","tablet-grid-50","mobile-grid-100","grid-parent","grid-50"],"jetpack_publicize_connections":[],"jetpack_featured_media_url":"https:\/\/www.hoymercedes.com.ar\/principal\/wp-content\/uploads\/2020\/02\/21-DDHH-LAPLATA-2.jpeg","wps_subtitle":"","jetpack_sharing_enabled":true,"_links":{"self":[{"href":"https:\/\/www.hoymercedes.com.ar\/principal\/wp-json\/wp\/v2\/posts\/106499","targetHints":{"allow":["GET"]}}],"collection":[{"href":"https:\/\/www.hoymercedes.com.ar\/principal\/wp-json\/wp\/v2\/posts"}],"about":[{"href":"https:\/\/www.hoymercedes.com.ar\/principal\/wp-json\/wp\/v2\/types\/post"}],"author":[{"embeddable":true,"href":"https:\/\/www.hoymercedes.com.ar\/principal\/wp-json\/wp\/v2\/users\/1"}],"replies":[{"embeddable":true,"href":"https:\/\/www.hoymercedes.com.ar\/principal\/wp-json\/wp\/v2\/comments?post=106499"}],"version-history":[{"count":0,"href":"https:\/\/www.hoymercedes.com.ar\/principal\/wp-json\/wp\/v2\/posts\/106499\/revisions"}],"wp:featuredmedia":[{"embeddable":true,"href":"https:\/\/www.hoymercedes.com.ar\/principal\/wp-json\/wp\/v2\/media\/106500"}],"wp:attachment":[{"href":"https:\/\/www.hoymercedes.com.ar\/principal\/wp-json\/wp\/v2\/media?parent=106499"}],"wp:term":[{"taxonomy":"category","embeddable":true,"href":"https:\/\/www.hoymercedes.com.ar\/principal\/wp-json\/wp\/v2\/categories?post=106499"},{"taxonomy":"post_tag","embeddable":true,"href":"https:\/\/www.hoymercedes.com.ar\/principal\/wp-json\/wp\/v2\/tags?post=106499"}],"curies":[{"name":"wp","href":"https:\/\/api.w.org\/{rel}","templated":true}]}}