{"id":10653,"date":"2012-01-31T10:43:42","date_gmt":"2012-01-31T10:43:42","guid":{"rendered":"http:\/\/www.hoymercedes.com.ar\/principal\/?p=10653"},"modified":"2012-01-31T10:43:42","modified_gmt":"2012-01-31T10:43:42","slug":"robaron-en-la-vivienda-del-concejal-aristi","status":"publish","type":"post","link":"https:\/\/www.hoymercedes.com.ar\/principal\/2012\/01\/31\/robaron-en-la-vivienda-del-concejal-aristi\/","title":{"rendered":"Robaron en la vivienda del Concejal Aristi"},"content":{"rendered":"<p>Mientras el concejal se encontraba de vacaciones junto a su familia se llev\u00f3 a cabo el ingreso a la vivienda\u00a0ubicada en H\u00e9roes de Malvinas y calle 60.<\/p>\n<p>Fue el mi\u00e9rcoles por la noche donde forzaron una cerradura e ingresaron mientras no hab\u00eda nadie.<\/p>\n<p>Le sustrajeron joyas y dinero en efectivo.<\/p>\n<p>Seg\u00fan informan un hijo del edil se encontraba en la ciudad y cuidando la vivienda, pero, en ese momento no estaba presente dado que hab\u00eda salido siendo una hecho que habr\u00eda evitado el encuentro entre el joven y los ladrones.<\/p>\n<p>Al regresar not\u00f3 movimientos extra\u00f1os en la vivienda dando aviso inmediato a la polic\u00eda que tom\u00f3 cartas en el asunto empezando la investigaci\u00f3n pertinente.<\/p>\n<p>Guillermo Massaroni de la UFI N\u00ba6 es el responsable de la cauda.<\/p>\n","protected":false},"excerpt":{"rendered":"<p>Mientras el concejal se encontraba de vacaciones junto a su familia se llev\u00f3 a cabo el ingreso a la vivienda\u00a0ubicada &#8230; <a title=\"Robaron en la vivienda del Concejal Aristi\" class=\"read-more\" href=\"https:\/\/www.hoymercedes.com.ar\/principal\/2012\/01\/31\/robaron-en-la-vivienda-del-concejal-aristi\/\" aria-label=\"Leer m\u00e1s sobre Robaron en la vivienda del Concejal Aristi\">Leer m\u00e1s<\/a><\/p>\n","protected":false},"author":1,"featured_media":0,"comment_status":"open","ping_status":"open","sticky":false,"template":"","format":"standard","meta":{"_monsterinsights_skip_tracking":false,"_monsterinsights_sitenote_active":false,"_monsterinsights_sitenote_note":"","_monsterinsights_sitenote_category":0,"jetpack_post_was_ever_published":false,"_jetpack_newsletter_access":"","_jetpack_dont_email_post_to_subs":false,"_jetpack_newsletter_tier_id":0,"_jetpack_memberships_contains_paywalled_content":false,"_jetpack_memberships_contains_paid_content":false,"footnotes":"","jetpack_publicize_message":"","jetpack_publicize_feature_enabled":true,"jetpack_social_post_already_shared":false,"jetpack_social_options":{"image_generator_settings":{"template":"highway","default_image_id":0,"font":"","enabled":false},"version":2},"_wpas_customize_per_network":false},"categories":[85],"tags":[1228],"class_list":["post-10653","post","type-post","status-publish","format-standard","hentry","category-policial","tag-aristi","generate-columns","tablet-grid-50","mobile-grid-100","grid-parent","grid-50"],"jetpack_publicize_connections":[],"jetpack_featured_media_url":"","wps_subtitle":"","jetpack_sharing_enabled":true,"_links":{"self":[{"href":"https:\/\/www.hoymercedes.com.ar\/principal\/wp-json\/wp\/v2\/posts\/10653","targetHints":{"allow":["GET"]}}],"collection":[{"href":"https:\/\/www.hoymercedes.com.ar\/principal\/wp-json\/wp\/v2\/posts"}],"about":[{"href":"https:\/\/www.hoymercedes.com.ar\/principal\/wp-json\/wp\/v2\/types\/post"}],"author":[{"embeddable":true,"href":"https:\/\/www.hoymercedes.com.ar\/principal\/wp-json\/wp\/v2\/users\/1"}],"replies":[{"embeddable":true,"href":"https:\/\/www.hoymercedes.com.ar\/principal\/wp-json\/wp\/v2\/comments?post=10653"}],"version-history":[{"count":0,"href":"https:\/\/www.hoymercedes.com.ar\/principal\/wp-json\/wp\/v2\/posts\/10653\/revisions"}],"wp:attachment":[{"href":"https:\/\/www.hoymercedes.com.ar\/principal\/wp-json\/wp\/v2\/media?parent=10653"}],"wp:term":[{"taxonomy":"category","embeddable":true,"href":"https:\/\/www.hoymercedes.com.ar\/principal\/wp-json\/wp\/v2\/categories?post=10653"},{"taxonomy":"post_tag","embeddable":true,"href":"https:\/\/www.hoymercedes.com.ar\/principal\/wp-json\/wp\/v2\/tags?post=10653"}],"curies":[{"name":"wp","href":"https:\/\/api.w.org\/{rel}","templated":true}]}}