{"id":106530,"date":"2020-02-21T20:20:00","date_gmt":"2020-02-21T23:20:00","guid":{"rendered":"http:\/\/www.hoymercedes.com.ar\/principal\/?p=106530"},"modified":"2020-02-22T10:53:43","modified_gmt":"2020-02-22T13:53:43","slug":"espacios-amigables-para-las-familias-y-primera-infancia","status":"publish","type":"post","link":"https:\/\/www.hoymercedes.com.ar\/principal\/2020\/02\/21\/espacios-amigables-para-las-familias-y-primera-infancia\/","title":{"rendered":"Espacios amigables para las familias y primera infancia"},"content":{"rendered":"\n<p>Este a\u00f1o se suma una nueva propuesta para las familias que tienen ni\u00f1os y ni\u00f1as en primera infancia. Tendr\u00e1n un sector exclusivo para poder atenderlos como se merecen. La propuesta del Programa Primeros Mil D\u00edas y la Direcci\u00f3n de Cultura busca seguir brindando comodidades a las familias meredinas.<\/p>\n\n\n\n<figure class=\"wp-block-image size-large\"><img loading=\"lazy\" decoding=\"async\" width=\"800\" height=\"600\" data-attachment-id=\"106531\" data-permalink=\"https:\/\/www.hoymercedes.com.ar\/principal\/2020\/02\/21\/espacios-amigables-para-las-familias-y-primera-infancia\/21-mil-dias-corsos\/#main\" data-orig-file=\"https:\/\/www.hoymercedes.com.ar\/principal\/wp-content\/uploads\/2020\/02\/21-mil-dias-corsos.jpeg\" data-orig-size=\"800,600\" data-comments-opened=\"0\" data-image-meta=\"{&quot;aperture&quot;:&quot;0&quot;,&quot;credit&quot;:&quot;&quot;,&quot;camera&quot;:&quot;&quot;,&quot;caption&quot;:&quot;&quot;,&quot;created_timestamp&quot;:&quot;0&quot;,&quot;copyright&quot;:&quot;&quot;,&quot;focal_length&quot;:&quot;0&quot;,&quot;iso&quot;:&quot;0&quot;,&quot;shutter_speed&quot;:&quot;0&quot;,&quot;title&quot;:&quot;&quot;,&quot;orientation&quot;:&quot;0&quot;}\" data-image-title=\"21 mil dias corsos\" data-image-description=\"\" data-image-caption=\"\" data-large-file=\"https:\/\/www.hoymercedes.com.ar\/principal\/wp-content\/uploads\/2020\/02\/21-mil-dias-corsos.jpeg\" src=\"https:\/\/www.hoymercedes.com.ar\/principal\/wp-content\/uploads\/2020\/02\/21-mil-dias-corsos.jpeg\" alt=\"\" class=\"wp-image-106531\"\/><\/figure>\n\n\n\n<p>Durante las cuatro noches de carnaval el \u201cPrograma Primeros 1000 d\u00edas\u201d ofrecer\u00e1 un espacio donde los beb\u00e9s podr\u00e1n ser cambiados y alimentados con comodidad. Dicho espacio estar\u00e1 instalado en la entrada del Teatro Argentino.<\/p>\n\n\n\n<p>Es la primera intervenci\u00f3n dentro de la propuesta \u00abEspacios amigos de la familia \u00bb que buscar\u00e1 generar en los espacios y eventos p\u00fablicos, ambientes que aporten comodidad a las familias con ni\u00f1os peque\u00f1os.<\/p>\n\n\n\n<p>\u201cEstamos muy felices de concretar esta propuesta. El intendente Ustarroz nos insiste en cada d\u00eda trabajar m\u00e1s y m\u00e1s por la ni\u00f1ez y la familia y esta actividad es, sin duda, muy valioso para las familias de la ciudad con ni\u00f1os y ni\u00f1as peque\u00f1as\u201d afirm\u00f3 el m\u00e9dico Pablo Cassiani.<\/p>\n\n\n\n<p>Fuente: Prensa Municipal<\/p>\n","protected":false},"excerpt":{"rendered":"<p>Este a\u00f1o se suma una nueva propuesta para las familias que tienen ni\u00f1os y ni\u00f1as en primera infancia. Tendr\u00e1n un &#8230; <a title=\"Espacios amigables para las familias y primera infancia\" class=\"read-more\" href=\"https:\/\/www.hoymercedes.com.ar\/principal\/2020\/02\/21\/espacios-amigables-para-las-familias-y-primera-infancia\/\" aria-label=\"Leer m\u00e1s sobre Espacios amigables para las familias y primera infancia\">Leer m\u00e1s<\/a><\/p>\n","protected":false},"author":1,"featured_media":106531,"comment_status":"closed","ping_status":"open","sticky":false,"template":"","format":"standard","meta":{"_monsterinsights_skip_tracking":false,"_monsterinsights_sitenote_active":false,"_monsterinsights_sitenote_note":"","_monsterinsights_sitenote_category":0,"jetpack_post_was_ever_published":false,"_jetpack_newsletter_access":"","_jetpack_dont_email_post_to_subs":false,"_jetpack_newsletter_tier_id":0,"_jetpack_memberships_contains_paywalled_content":false,"_jetpack_memberships_contains_paid_content":false,"footnotes":"","jetpack_publicize_message":"","jetpack_publicize_feature_enabled":true,"jetpack_social_post_already_shared":true,"jetpack_social_options":{"image_generator_settings":{"template":"highway","default_image_id":0,"font":"","enabled":false},"version":2},"_wpas_customize_per_network":false},"categories":[30],"tags":[244,11195],"class_list":["post-106530","post","type-post","status-publish","format-standard","has-post-thumbnail","hentry","category-municipio","tag-municipio-2","tag-primeros-mil-dias","generate-columns","tablet-grid-50","mobile-grid-100","grid-parent","grid-50"],"jetpack_publicize_connections":[],"jetpack_featured_media_url":"https:\/\/www.hoymercedes.com.ar\/principal\/wp-content\/uploads\/2020\/02\/21-mil-dias-corsos.jpeg","wps_subtitle":"En las cuatro noches de corso","jetpack_sharing_enabled":true,"_links":{"self":[{"href":"https:\/\/www.hoymercedes.com.ar\/principal\/wp-json\/wp\/v2\/posts\/106530","targetHints":{"allow":["GET"]}}],"collection":[{"href":"https:\/\/www.hoymercedes.com.ar\/principal\/wp-json\/wp\/v2\/posts"}],"about":[{"href":"https:\/\/www.hoymercedes.com.ar\/principal\/wp-json\/wp\/v2\/types\/post"}],"author":[{"embeddable":true,"href":"https:\/\/www.hoymercedes.com.ar\/principal\/wp-json\/wp\/v2\/users\/1"}],"replies":[{"embeddable":true,"href":"https:\/\/www.hoymercedes.com.ar\/principal\/wp-json\/wp\/v2\/comments?post=106530"}],"version-history":[{"count":0,"href":"https:\/\/www.hoymercedes.com.ar\/principal\/wp-json\/wp\/v2\/posts\/106530\/revisions"}],"wp:featuredmedia":[{"embeddable":true,"href":"https:\/\/www.hoymercedes.com.ar\/principal\/wp-json\/wp\/v2\/media\/106531"}],"wp:attachment":[{"href":"https:\/\/www.hoymercedes.com.ar\/principal\/wp-json\/wp\/v2\/media?parent=106530"}],"wp:term":[{"taxonomy":"category","embeddable":true,"href":"https:\/\/www.hoymercedes.com.ar\/principal\/wp-json\/wp\/v2\/categories?post=106530"},{"taxonomy":"post_tag","embeddable":true,"href":"https:\/\/www.hoymercedes.com.ar\/principal\/wp-json\/wp\/v2\/tags?post=106530"}],"curies":[{"name":"wp","href":"https:\/\/api.w.org\/{rel}","templated":true}]}}