{"id":106543,"date":"2020-02-22T12:08:07","date_gmt":"2020-02-22T15:08:07","guid":{"rendered":"http:\/\/www.hoymercedes.com.ar\/principal\/?p=106543"},"modified":"2020-02-22T21:37:14","modified_gmt":"2020-02-23T00:37:14","slug":"aefip-mercedes-comenzo-la-entrega-de-kits-escolares","status":"publish","type":"post","link":"https:\/\/www.hoymercedes.com.ar\/principal\/2020\/02\/22\/aefip-mercedes-comenzo-la-entrega-de-kits-escolares\/","title":{"rendered":"AEFIP Mercedes comenz\u00f3 la entrega de kits escolares"},"content":{"rendered":"\n<p><em>El gremio Impositivo anunci\u00f3 que se estar\u00e1n entregando a partir de esta semana a todos los afiliados que tengan hijos en cualquiera de las etapas educativas.<\/em><\/p>\n\n\n\n<figure class=\"wp-block-image size-large\"><img loading=\"lazy\" decoding=\"async\" width=\"800\" height=\"583\" data-attachment-id=\"106544\" data-permalink=\"https:\/\/www.hoymercedes.com.ar\/principal\/2020\/02\/22\/aefip-mercedes-comenzo-la-entrega-de-kits-escolares\/22-kits-aefip\/#main\" data-orig-file=\"https:\/\/www.hoymercedes.com.ar\/principal\/wp-content\/uploads\/2020\/02\/22-kits-aefip.jpeg\" data-orig-size=\"800,583\" data-comments-opened=\"0\" data-image-meta=\"{&quot;aperture&quot;:&quot;0&quot;,&quot;credit&quot;:&quot;&quot;,&quot;camera&quot;:&quot;&quot;,&quot;caption&quot;:&quot;&quot;,&quot;created_timestamp&quot;:&quot;0&quot;,&quot;copyright&quot;:&quot;&quot;,&quot;focal_length&quot;:&quot;0&quot;,&quot;iso&quot;:&quot;0&quot;,&quot;shutter_speed&quot;:&quot;0&quot;,&quot;title&quot;:&quot;&quot;,&quot;orientation&quot;:&quot;0&quot;}\" data-image-title=\"22-kits-aefip\" data-image-description=\"\" data-image-caption=\"\" data-large-file=\"https:\/\/www.hoymercedes.com.ar\/principal\/wp-content\/uploads\/2020\/02\/22-kits-aefip.jpeg\" src=\"https:\/\/www.hoymercedes.com.ar\/principal\/wp-content\/uploads\/2020\/02\/22-kits-aefip.jpeg\" alt=\"\" class=\"wp-image-106544\"\/><\/figure>\n\n\n\n<p>Desde la Seccional AEFIP Mercedes anunciaron que se estar\u00e1 realizando la entrega de \u201cKits Escolares\u201d en el \u00e1mbito de toda la regi\u00f3n para los afiliados que tengan hijos en cualquiera de las etapas educativas.<\/p>\n\n\n\n<p>En esta oportunidad el gremio local emiti\u00f3 un comunicado en agradecimiento a la Mesa Directiva Nacional por el gran aporte que realizaron en cuanto a la entrega de materiales para los estudiantes de los niveles de jard\u00edn, primario y secundario: \u201cagradecemos a la Mesa Directiva Nacional por incluir a todos los hijos de los afilados, de norte a sur y de este a oeste, en la entrega de los \u00fatiles escolares, seg\u00fan su ciclo lectivo\u201d, sostuvieron desde la Comisi\u00f3n Directiva.<\/p>\n\n\n\n<p>\u201cEstos actos demuestran una vez m\u00e1s la mirada de un sindicato Federar Participativo e Inclusivo. Y asimismo destacamos que este nuevo gesto de la MDN alivia significativamente lo que muchas seccionales asumimos frente a los afiliados en la entrega de \u00fatiles escolares en a\u00f1os anteriores\u201d, indicaron en el documento.<\/p>\n\n\n\n<p>Asimismo, seg\u00fan manifestaron, la Seccional Mercedes decidi\u00f3 como en a\u00f1os anteriores, realizar la entrega de kits escolares para los hijos de afiliados que se encuentran realizando los estudios en el nivel terciario y\/o universitario.<\/p>\n\n\n\n<p>En relaci\u00f3n al tema el Secretario General de la AEFIP Seccional Mercedes, Juan Mart\u00edn Andr\u00e9s resalt\u00f3 la importancia de la entrega de kits escolares para todos los niveles: \u201centendemos el costo que significa para todos el inicio de la etapa escolar, para nosotros este aporte es una inversi\u00f3n que realizamos con el fin de apoyar el proyecto educativo de cada familia\u201d y finaliz\u00f3 resaltando el apoyo significativo \u201cde la MDN en todas las seccionales de la naci\u00f3n\u201d.&nbsp;<a href=\"https:\/\/dl-mail.ymail.com\/ws\/download\/mailboxes\/@.id==VjN-XFrT9pJ_5-ZKOqniBLY-7ySwfUZBD9cRWum6NAAq3N3Igfyh4A-A01vjNzvm0YhYyuvWuH2R9VTpCXo3P_bEJw\/messages\/@.id==APgvccARBjnGXlE42gI6UOrv45I\/content\/parts\/@.id%20in%20%5B&#039;2&#039;,&#039;3&#039;%5D\/raw?appid=YMailNorrin&amp;ymreqid=254146c1-e10c-ef8a-1cb5-420001017100&amp;token=zitEzqOML3j84e6ealFTT5U7-km5qEQF52lp7AcCuBbbf6PPJd29lIgLWzvAV8fPN-BLtSAg12IRu1vEpa8RPMW7Dqrs0YGSEYKknpC2ZeXhydOizlQfusQIrbpU7jY0\" target=\"_blank\" rel=\"noopener\"><br>\n\n<\/a><\/p>\n","protected":false},"excerpt":{"rendered":"<p>El gremio Impositivo anunci\u00f3 que se estar\u00e1n entregando a partir de esta semana a todos los afiliados que tengan hijos &#8230; <a title=\"AEFIP Mercedes comenz\u00f3 la entrega de kits escolares\" class=\"read-more\" href=\"https:\/\/www.hoymercedes.com.ar\/principal\/2020\/02\/22\/aefip-mercedes-comenzo-la-entrega-de-kits-escolares\/\" aria-label=\"Leer m\u00e1s sobre AEFIP Mercedes comenz\u00f3 la entrega de kits escolares\">Leer m\u00e1s<\/a><\/p>\n","protected":false},"author":1,"featured_media":106544,"comment_status":"closed","ping_status":"open","sticky":false,"template":"","format":"standard","meta":{"_monsterinsights_skip_tracking":false,"_monsterinsights_sitenote_active":false,"_monsterinsights_sitenote_note":"","_monsterinsights_sitenote_category":0,"jetpack_post_was_ever_published":false,"_jetpack_newsletter_access":"","_jetpack_dont_email_post_to_subs":false,"_jetpack_newsletter_tier_id":0,"_jetpack_memberships_contains_paywalled_content":false,"_jetpack_memberships_contains_paid_content":false,"footnotes":"","jetpack_publicize_message":"","jetpack_publicize_feature_enabled":true,"jetpack_social_post_already_shared":true,"jetpack_social_options":{"image_generator_settings":{"template":"highway","default_image_id":0,"font":"","enabled":false},"version":2},"_wpas_customize_per_network":false},"categories":[10563],"tags":[2381,6985,1443],"class_list":["post-106543","post","type-post","status-publish","format-standard","has-post-thumbnail","hentry","category-gremios-sindicatos","tag-aefip","tag-inicio-de-clases","tag-sindicatos","generate-columns","tablet-grid-50","mobile-grid-100","grid-parent","grid-50"],"jetpack_publicize_connections":[],"jetpack_featured_media_url":"https:\/\/www.hoymercedes.com.ar\/principal\/wp-content\/uploads\/2020\/02\/22-kits-aefip.jpeg","wps_subtitle":"Ante el inicio de clases","jetpack_sharing_enabled":true,"_links":{"self":[{"href":"https:\/\/www.hoymercedes.com.ar\/principal\/wp-json\/wp\/v2\/posts\/106543","targetHints":{"allow":["GET"]}}],"collection":[{"href":"https:\/\/www.hoymercedes.com.ar\/principal\/wp-json\/wp\/v2\/posts"}],"about":[{"href":"https:\/\/www.hoymercedes.com.ar\/principal\/wp-json\/wp\/v2\/types\/post"}],"author":[{"embeddable":true,"href":"https:\/\/www.hoymercedes.com.ar\/principal\/wp-json\/wp\/v2\/users\/1"}],"replies":[{"embeddable":true,"href":"https:\/\/www.hoymercedes.com.ar\/principal\/wp-json\/wp\/v2\/comments?post=106543"}],"version-history":[{"count":0,"href":"https:\/\/www.hoymercedes.com.ar\/principal\/wp-json\/wp\/v2\/posts\/106543\/revisions"}],"wp:featuredmedia":[{"embeddable":true,"href":"https:\/\/www.hoymercedes.com.ar\/principal\/wp-json\/wp\/v2\/media\/106544"}],"wp:attachment":[{"href":"https:\/\/www.hoymercedes.com.ar\/principal\/wp-json\/wp\/v2\/media?parent=106543"}],"wp:term":[{"taxonomy":"category","embeddable":true,"href":"https:\/\/www.hoymercedes.com.ar\/principal\/wp-json\/wp\/v2\/categories?post=106543"},{"taxonomy":"post_tag","embeddable":true,"href":"https:\/\/www.hoymercedes.com.ar\/principal\/wp-json\/wp\/v2\/tags?post=106543"}],"curies":[{"name":"wp","href":"https:\/\/api.w.org\/{rel}","templated":true}]}}